{"id":760,"date":"2017-05-05T15:40:58","date_gmt":"2017-05-05T15:40:58","guid":{"rendered":"http:\/\/schnebele.de\/?p=760"},"modified":"2017-05-05T15:40:58","modified_gmt":"2017-05-05T15:40:58","slug":"jahrgangsstufentreffen-17-mai-2008","status":"publish","type":"post","link":"https:\/\/schnebele.de\/?p=760","title":{"rendered":"Jahrgangsstufentreffen 17. Mai 2008"},"content":{"rendered":"<p>17. Mai 2008 &#8211; 77 ehemalige Sch\u00fcler des Hollenberg Gymnasiums und f\u00fcnf Lehrer treffen sich anl\u00e4sslich des 30 j\u00e4hrigen Abiturjubil\u00e4ums in der \u201cKlus\u201d in Br\u00f6l&#8230;.<\/p>\n<p>Das Besondere dieses Mal: es sind ehemalige Mitsch\u00fcler dabei, die noch nie an einem Treffen teilgenommen haben und die ihre Mitsch\u00fcler wirklich nach 30 Jahren zum ersten Mal wiedersehen: Inge Blume, die nur bis zur 7. Klasse dabei war, Iris Dehler, Annemarie Helfensteller, Heike Huppelsberg, Amalie Landrock, Stefan Mortsiefer, Mark Prein, Gabriele Prinz und Marion Schuh waren zum ersten Mal mit dabei. Leider sind einige, die ihr Treffen zugesagt haben, nicht gekommen. Und nat\u00fcrlich wurden sowieso alle die vermisst, die nicht dabei waren.<\/p>\n<p>Wieder mal ein gro\u00dfes Lob an das Team der Klus; Guido hat wirklich tolle Leute, die in dem ganzen Trubel den \u00dcberblick behielten und und perfekt bedient haben.<\/p>\n<p>Mit dabei waren auch wieder f\u00fcnf Lehrer(innen), bei denen ich mich recht herzlich f\u00fcr ihr Erscheinen bedanken m\u00f6chte. In der Reihenfolge ihres Erscheinens begr\u00fc\u00dften wir Frau Temmert, Herrn Dr. Henrich, Herrn Dr. Horn, Herrn Hamburger und Herrn Seipp.<\/p>\n<p>Offiziell begann das Treffen um 19:00 Uhr; die letzten gingen um 4:20 Uhr, aber nur, weil wir dem Klus Personal ein wenig Nachtruhe g\u00f6nnen wollten.<\/p>\n<p>Wieder einmal sind wir sicher, dass dieser eine Abend eigentlich viel zu kurz war und wieder schwirren in einigen K\u00f6pfen Ideen, wie man das Treffen beim n\u00e4chsten Mal etwas ausweiten kann.<\/p>\n<p>Wir hatten alle eine Menge Spa\u00df, es wurde viel gelacht, in Erinnerungen geschwelgt (wobei ich feststellen musste, dass Rainer H\u00f6ffgen und ich damals dieselben \u201cProbleme\u201d hatten &#8211; geteiltes Leid ist halbes Leid) und wir waren uns schlussendlich alle (mal wieder) einig, dass unser Jahrgang etwas ganz besonderes war\/ist. Klar, das behaupten alle anderen Jahrg\u00e4nge auch, aber bei uns scheint das geklappt zu haben, was bei allen anderen Jahrg\u00e4ngen (nach uns) nicht funktioniert hat: wir sind in der Oberstufe fester zusammengewachsen, denn je. Beleg daf\u00fcr ist doch, dass wir bis auf vier Abi78 Abg\u00e4nger Kontakt untereinander haben &#8211; und wir waren 143 Leute!!!<\/p>\n<p>So, und bevor Ihr nun die Bilder anschaut (\u00fcbrigens schon mal Danke an alle, die mir ihre Fotos f\u00fcr die Page zur Verf\u00fcgung gestellt haben\/stellen werden), m\u00f6chte ich auf die Ansprache von Klaus Sachs zur\u00fcckkommen (das hat mich \u00fcbrigens sehr ber\u00fchrt &#8211; ehrlich; genauso wie das \u201cflei\u00dfige Bienchen): ich sollte mir ja was \u00fcberlegen, was Ihr bis zum n\u00e4chsten Treffen f\u00fcr mich m\u00f6glich machen wollt. Ich m\u00f6chte das wiederholen, was ich am Samstag gesagt habe: Kommt alle 2013 wieder, behaltet und pflegt die Kontakte, bleibt\/werdet gesund (das sollte eigentlich am Anfang stehen), freut Euch an dem, was Ihr an Erinnerungen an Schulzeit, Mitsch\u00fcler, Lehrern habt. Dann haben wir auch in Zukunft sehr sehr viel Spa\u00df miteinander. Das ist mein Wunsch; ich wei\u00df, f\u00fcr den einen oder anderen ist das alles schon ne Herausforderung, aber Ihr habt mich gefragt :-))))<\/p>\n<p>Bevor es mit den Bildern losgeht, das obligatorische Foto von Conny Kn\u00f6rrlich (l) und Ulrike Stausberg. Links oben etwa 1977, mittig 1998, unten links 2003 und unten rechts 2008. Sind <em>das<\/em> M\u00e4dels um die 50? Neee, wirklich nicht.<\/p>\n<p><img loading=\"lazy\" decoding=\"async\" width=\"573\" height=\"332\" class=\"alignnone wp-image-761 size-full\" alt=\"\" src=\"http:\/\/schnebele.de\/wp-content\/uploads\/2017\/05\/Conny-und-Ulrike.jpg\" srcset=\"https:\/\/schnebele.de\/wp-content\/uploads\/2017\/05\/Conny-und-Ulrike.jpg 573w, https:\/\/schnebele.de\/wp-content\/uploads\/2017\/05\/Conny-und-Ulrike-300x174.jpg 300w, https:\/\/schnebele.de\/wp-content\/uploads\/2017\/05\/Conny-und-Ulrike-250x145.jpg 250w, https:\/\/schnebele.de\/wp-content\/uploads\/2017\/05\/Conny-und-Ulrike-150x87.jpg 150w\" sizes=\"auto, (max-width: 573px) 100vw, 573px\" \/><\/p>\n<p>Und nun der letzte Satz von meiner Seite: \u201cWir sind die Besten!! Es lebe der Hollenberg Abijahrgang 1978!!!!\u201d<\/p>\nngg_shortcode_0_placeholder\n","protected":false},"excerpt":{"rendered":"<p>17. Mai 2008 &#8211; 77 ehemalige Sch\u00fcler des Hollenberg Gymnasiums und f\u00fcnf Lehrer treffen sich anl\u00e4sslich des 30 j\u00e4hrigen Abiturjubil\u00e4ums in der \u201cKlus\u201d in Br\u00f6l&#8230;. Das Besondere dieses Mal: es sind ehemalige Mitsch\u00fcler dabei, die noch nie an einem Treffen teilgenommen haben und die ihre Mitsch\u00fcler wirklich nach 30 Jahren <a class=\"continue-reading-link\" href=\"https:\/\/schnebele.de\/?p=760\">Weiterlesen!<\/a><\/p>\n<div class=\"shariff shariff-align-left shariff-widget-align-left\"><ul class=\"shariff-buttons theme-round orientation-horizontal buttonsize-medium\"><li class=\"shariff-button facebook shariff-nocustomcolor\" style=\"background-color:#4273c8\"><a href=\"https:\/\/www.facebook.com\/sharer\/sharer.php?u=https%3A%2F%2Fschnebele.de%2F%3Fp%3D760\" title=\"Bei Facebook teilen\" aria-label=\"Bei Facebook teilen\" role=\"button\" rel=\"nofollow\" class=\"shariff-link\" style=\"; background-color:#3b5998; color:#fff\" target=\"_blank\"><span class=\"shariff-icon\" style=\"\"><svg width=\"32px\" height=\"20px\" xmlns=\"http:\/\/www.w3.org\/2000\/svg\" viewBox=\"0 0 18 32\"><path fill=\"#3b5998\" d=\"M17.1 0.2v4.7h-2.8q-1.5 0-2.1 0.6t-0.5 1.9v3.4h5.2l-0.7 5.3h-4.5v13.6h-5.5v-13.6h-4.5v-5.3h4.5v-3.9q0-3.3 1.9-5.2t5-1.8q2.6 0 4.1 0.2z\"\/><\/svg><\/span><\/a><\/li><li class=\"shariff-button twitter shariff-nocustomcolor\" style=\"background-color:#595959\"><a href=\"https:\/\/twitter.com\/share?url=https%3A%2F%2Fschnebele.de%2F%3Fp%3D760&text=Jahrgangsstufentreffen%2017.%20Mai%202008\" title=\"Bei X teilen\" aria-label=\"Bei X teilen\" role=\"button\" rel=\"noopener nofollow\" class=\"shariff-link\" style=\"; background-color:#000; color:#fff\" target=\"_blank\"><span class=\"shariff-icon\" style=\"\"><svg width=\"32px\" height=\"20px\" xmlns=\"http:\/\/www.w3.org\/2000\/svg\" viewBox=\"0 0 24 24\"><path fill=\"#000\" d=\"M14.258 10.152L23.176 0h-2.113l-7.747 8.813L7.133 0H0l9.352 13.328L0 23.973h2.113l8.176-9.309 6.531 9.309h7.133zm-2.895 3.293l-.949-1.328L2.875 1.56h3.246l6.086 8.523.945 1.328 7.91 11.078h-3.246zm0 0\"\/><\/svg><\/span><\/a><\/li><li class=\"shariff-button whatsapp shariff-nocustomcolor\" style=\"background-color:#5cbe4a\"><a href=\"https:\/\/api.whatsapp.com\/send?text=https%3A%2F%2Fschnebele.de%2F%3Fp%3D760%20Jahrgangsstufentreffen%2017.%20Mai%202008\" title=\"Bei Whatsapp teilen\" aria-label=\"Bei Whatsapp teilen\" role=\"button\" rel=\"noopener nofollow\" class=\"shariff-link\" style=\"; background-color:#34af23; color:#fff\" target=\"_blank\"><span class=\"shariff-icon\" style=\"\"><svg width=\"32px\" height=\"20px\" xmlns=\"http:\/\/www.w3.org\/2000\/svg\" viewBox=\"0 0 32 32\"><path fill=\"#34af23\" d=\"M17.6 17.4q0.2 0 1.7 0.8t1.6 0.9q0 0.1 0 0.3 0 0.6-0.3 1.4-0.3 0.7-1.3 1.2t-1.8 0.5q-1 0-3.4-1.1-1.7-0.8-3-2.1t-2.6-3.3q-1.3-1.9-1.3-3.5v-0.1q0.1-1.6 1.3-2.8 0.4-0.4 0.9-0.4 0.1 0 0.3 0t0.3 0q0.3 0 0.5 0.1t0.3 0.5q0.1 0.4 0.6 1.6t0.4 1.3q0 0.4-0.6 1t-0.6 0.8q0 0.1 0.1 0.3 0.6 1.3 1.8 2.4 1 0.9 2.7 1.8 0.2 0.1 0.4 0.1 0.3 0 1-0.9t0.9-0.9zM14 26.9q2.3 0 4.3-0.9t3.6-2.4 2.4-3.6 0.9-4.3-0.9-4.3-2.4-3.6-3.6-2.4-4.3-0.9-4.3 0.9-3.6 2.4-2.4 3.6-0.9 4.3q0 3.6 2.1 6.6l-1.4 4.2 4.3-1.4q2.8 1.9 6.2 1.9zM14 2.2q2.7 0 5.2 1.1t4.3 2.9 2.9 4.3 1.1 5.2-1.1 5.2-2.9 4.3-4.3 2.9-5.2 1.1q-3.5 0-6.5-1.7l-7.4 2.4 2.4-7.2q-1.9-3.2-1.9-6.9 0-2.7 1.1-5.2t2.9-4.3 4.3-2.9 5.2-1.1z\"\/><\/svg><\/span><\/a><\/li><li class=\"shariff-button telegram shariff-nocustomcolor\" style=\"background-color:#4084A6\"><a href=\"https:\/\/telegram.me\/share\/url?url=https%3A%2F%2Fschnebele.de%2F%3Fp%3D760&text=Jahrgangsstufentreffen%2017.%20Mai%202008\" title=\"Bei Telegram teilen\" aria-label=\"Bei Telegram teilen\" role=\"button\" rel=\"noopener nofollow\" class=\"shariff-link\" style=\"; background-color:#0088cc; color:#fff\" target=\"_blank\"><span class=\"shariff-icon\" style=\"\"><svg width=\"32px\" height=\"20px\" xmlns=\"http:\/\/www.w3.org\/2000\/svg\" viewBox=\"0 0 32 32\"><path fill=\"#0088cc\" d=\"M30.8 6.5l-4.5 21.4c-.3 1.5-1.2 1.9-2.5 1.2L16.9 24l-3.3 3.2c-.4.4-.7.7-1.4.7l.5-7L25.5 9.2c.6-.5-.1-.8-.9-.3l-15.8 10L2 16.7c-1.5-.5-1.5-1.5.3-2.2L28.9 4.3c1.3-.5 2.3.3 1.9 2.2z\"\/><\/svg><\/span><\/a><\/li><li class=\"shariff-button threema shariff-nocustomcolor shariff-mobile\" style=\"background-color:#4fbc24\"><a href=\"threema:\/\/compose?text=Jahrgangsstufentreffen%2017.%20Mai%202008%20https%3A%2F%2Fschnebele.de%2F%3Fp%3D760\" title=\"Bei Threema teilen\" aria-label=\"Bei Threema teilen\" role=\"button\" rel=\"noopener nofollow\" class=\"shariff-link\" style=\"; background-color:#1f1f1f; color:#fff\" target=\"_blank\"><span class=\"shariff-icon\" style=\"\"><svg width=\"32px\" height=\"20px\" xmlns=\"http:\/\/www.w3.org\/2000\/svg\" viewBox=\"0 0 32 32\"><path fill=\"#1f1f1f\" d=\"M30.8 10.9c-0.3-1.4-0.9-2.6-1.8-3.8-2-2.6-5.5-4.5-9.4-5.2-1.3-0.2-1.9-0.3-3.5-0.3s-2.2 0-3.5 0.3c-4 0.7-7.4 2.6-9.4 5.2-0.9 1.2-1.5 2.4-1.8 3.8-0.1 0.5-0.2 1.2-0.2 1.6 0 0.4 0.1 1.1 0.2 1.6 0.4 1.9 1.3 3.4 2.9 5 0.8 0.8 0.8 0.8 0.7 1.3 0 0.6-0.5 1.6-1.7 3.6-0.3 0.5-0.5 0.9-0.5 0.9 0 0.1 0.1 0.1 0.5 0 0.8-0.2 2.3-0.6 5.6-1.6 1.1-0.3 1.3-0.4 2.3-0.4 0.8 0 1.1 0 2.3 0.2 1.5 0.2 3.5 0.2 4.9 0 5.1-0.6 9.3-2.9 11.4-6.3 0.5-0.9 0.9-1.8 1.1-2.8 0.1-0.5 0.2-1.1 0.2-1.6 0-0.7-0.1-1.1-0.2-1.6-0.3-1.4 0.1 0.5 0 0zM20.6 17.3c0 0.4-0.4 0.8-0.8 0.8h-7.7c-0.4 0-0.8-0.4-0.8-0.8v-4.6c0-0.4 0.4-0.8 0.8-0.8h0.2l0-1.6c0-0.9 0-1.8 0.1-2 0.1-0.6 0.6-1.2 1.1-1.7s1.1-0.7 1.9-0.8c1.8-0.3 3.7 0.7 4.2 2.2 0.1 0.3 0.1 0.7 0.1 2.1v0 1.7h0.1c0.4 0 0.8 0.4 0.8 0.8v4.6zM15.6 7.3c-0.5 0.1-0.8 0.3-1.2 0.6s-0.6 0.8-0.7 1.3c0 0.2 0 0.8 0 1.5l0 1.2h4.6v-1.3c0-1 0-1.4-0.1-1.6-0.3-1.1-1.5-1.9-2.6-1.7zM25.8 28.2c0 1.2-1 2.2-2.1 2.2s-2.1-1-2.1-2.1c0-1.2 1-2.1 2.2-2.1s2.2 1 2.2 2.2zM18.1 28.2c0 1.2-1 2.2-2.1 2.2s-2.1-1-2.1-2.1c0-1.2 1-2.1 2.2-2.1s2.2 1 2.2 2.2zM10.4 28.2c0 1.2-1 2.2-2.1 2.2s-2.1-1-2.1-2.1c0-1.2 1-2.1 2.2-2.1s2.2 1 2.2 2.2z\"\/><\/svg><\/span><\/a><\/li><li class=\"shariff-button mailto shariff-nocustomcolor\" style=\"background-color:#a8a8a8\"><a href=\"mailto:?body=https%3A%2F%2Fschnebele.de%2F%3Fp%3D760&subject=Jahrgangsstufentreffen%2017.%20Mai%202008\" title=\"Per E-Mail versenden\" aria-label=\"Per E-Mail versenden\" role=\"button\" rel=\"noopener nofollow\" class=\"shariff-link\" style=\"; background-color:#999; color:#fff\"><span class=\"shariff-icon\" style=\"\"><svg width=\"32px\" height=\"20px\" xmlns=\"http:\/\/www.w3.org\/2000\/svg\" viewBox=\"0 0 32 32\"><path fill=\"#999\" d=\"M32 12.7v14.2q0 1.2-0.8 2t-2 0.9h-26.3q-1.2 0-2-0.9t-0.8-2v-14.2q0.8 0.9 1.8 1.6 6.5 4.4 8.9 6.1 1 0.8 1.6 1.2t1.7 0.9 2 0.4h0.1q0.9 0 2-0.4t1.7-0.9 1.6-1.2q3-2.2 8.9-6.1 1-0.7 1.8-1.6zM32 7.4q0 1.4-0.9 2.7t-2.2 2.2q-6.7 4.7-8.4 5.8-0.2 0.1-0.7 0.5t-1 0.7-0.9 0.6-1.1 0.5-0.9 0.2h-0.1q-0.4 0-0.9-0.2t-1.1-0.5-0.9-0.6-1-0.7-0.7-0.5q-1.6-1.1-4.7-3.2t-3.6-2.6q-1.1-0.7-2.1-2t-1-2.5q0-1.4 0.7-2.3t2.1-0.9h26.3q1.2 0 2 0.8t0.9 2z\"\/><\/svg><\/span><\/a><\/li><li class=\"shariff-button info shariff-nocustomcolor\" style=\"background-color:#eee\"><a href=\"http:\/\/ct.de\/-2467514\" title=\"Weitere Informationen\" aria-label=\"Weitere Informationen\" role=\"button\" rel=\"noopener \" class=\"shariff-link\" style=\"; background-color:#fff; color:#fff\" target=\"_blank\"><span class=\"shariff-icon\" style=\"\"><svg width=\"32px\" height=\"20px\" xmlns=\"http:\/\/www.w3.org\/2000\/svg\" viewBox=\"0 0 11 32\"><path fill=\"#999\" d=\"M11.4 24v2.3q0 0.5-0.3 0.8t-0.8 0.4h-9.1q-0.5 0-0.8-0.4t-0.4-0.8v-2.3q0-0.5 0.4-0.8t0.8-0.4h1.1v-6.8h-1.1q-0.5 0-0.8-0.4t-0.4-0.8v-2.3q0-0.5 0.4-0.8t0.8-0.4h6.8q0.5 0 0.8 0.4t0.4 0.8v10.3h1.1q0.5 0 0.8 0.4t0.3 0.8zM9.2 3.4v3.4q0 0.5-0.4 0.8t-0.8 0.4h-4.6q-0.4 0-0.8-0.4t-0.4-0.8v-3.4q0-0.4 0.4-0.8t0.8-0.4h4.6q0.5 0 0.8 0.4t0.4 0.8z\"\/><\/svg><\/span><\/a><\/li><\/ul><\/div>","protected":false},"author":1,"featured_media":1208,"comment_status":"open","ping_status":"open","sticky":false,"template":"","format":"standard","meta":{"ngg_post_thumbnail":0,"_jetpack_newsletter_access":"","_jetpack_dont_email_post_to_subs":false,"_jetpack_newsletter_tier_id":0,"_jetpack_memberships_contains_paywalled_content":false,"_jetpack_memberships_contains_paid_content":false,"footnotes":""},"categories":[12],"tags":[46,47,74,77,23,48,76],"class_list":["post-760","post","type-post","status-publish","format-standard","has-post-thumbnail","hentry","category-treffen","tag-abi78","tag-hollenberg-gymnasium","tag-jahrgangsstufentreffen","tag-jahrgangsstufentreffen-17-mai-2008","tag-schnebele","tag-waldbroel","tag-zur-klus"],"jetpack_featured_media_url":"https:\/\/schnebele.de\/wp-content\/uploads\/ngg_featured\/P5177967.JPG","jetpack_shortlink":"https:\/\/wp.me\/p8GLvb-cg","jetpack-related-posts":[],"jetpack_sharing_enabled":true,"_links":{"self":[{"href":"https:\/\/schnebele.de\/index.php?rest_route=\/wp\/v2\/posts\/760","targetHints":{"allow":["GET"]}}],"collection":[{"href":"https:\/\/schnebele.de\/index.php?rest_route=\/wp\/v2\/posts"}],"about":[{"href":"https:\/\/schnebele.de\/index.php?rest_route=\/wp\/v2\/types\/post"}],"author":[{"embeddable":true,"href":"https:\/\/schnebele.de\/index.php?rest_route=\/wp\/v2\/users\/1"}],"replies":[{"embeddable":true,"href":"https:\/\/schnebele.de\/index.php?rest_route=%2Fwp%2Fv2%2Fcomments&post=760"}],"version-history":[{"count":1,"href":"https:\/\/schnebele.de\/index.php?rest_route=\/wp\/v2\/posts\/760\/revisions"}],"predecessor-version":[{"id":1209,"href":"https:\/\/schnebele.de\/index.php?rest_route=\/wp\/v2\/posts\/760\/revisions\/1209"}],"wp:featuredmedia":[{"embeddable":true,"href":"https:\/\/schnebele.de\/index.php?rest_route=\/wp\/v2\/media\/1208"}],"wp:attachment":[{"href":"https:\/\/schnebele.de\/index.php?rest_route=%2Fwp%2Fv2%2Fmedia&parent=760"}],"wp:term":[{"taxonomy":"category","embeddable":true,"href":"https:\/\/schnebele.de\/index.php?rest_route=%2Fwp%2Fv2%2Fcategories&post=760"},{"taxonomy":"post_tag","embeddable":true,"href":"https:\/\/schnebele.de\/index.php?rest_route=%2Fwp%2Fv2%2Ftags&post=760"}],"curies":[{"name":"wp","href":"https:\/\/api.w.org\/{rel}","templated":true}]}}