{"id":4998,"date":"2017-12-31T10:54:07","date_gmt":"2017-12-31T10:54:07","guid":{"rendered":"http:\/\/schnebele.de\/?p=4998"},"modified":"2025-11-25T11:02:55","modified_gmt":"2025-11-25T11:02:55","slug":"splitter-verlag-kleinserien","status":"publish","type":"post","link":"https:\/\/schnebele.de\/?p=4998","title":{"rendered":"Splitter Verlag &#8211; Kleinserien"},"content":{"rendered":"<p>&nbsp;<img loading=\"lazy\" decoding=\"async\" class=\"alignnone wp-image-5001 size-large\" src=\"http:\/\/schnebele.de\/wp-content\/uploads\/2017\/12\/22770487_10155878842341473_3278283293521309242_o-1024x402.jpg\" alt=\"\" width=\"920\" height=\"361\" srcset=\"https:\/\/schnebele.de\/wp-content\/uploads\/2017\/12\/22770487_10155878842341473_3278283293521309242_o-1024x402.jpg 1024w, https:\/\/schnebele.de\/wp-content\/uploads\/2017\/12\/22770487_10155878842341473_3278283293521309242_o-300x118.jpg 300w, https:\/\/schnebele.de\/wp-content\/uploads\/2017\/12\/22770487_10155878842341473_3278283293521309242_o-768x302.jpg 768w, https:\/\/schnebele.de\/wp-content\/uploads\/2017\/12\/22770487_10155878842341473_3278283293521309242_o-250x98.jpg 250w, https:\/\/schnebele.de\/wp-content\/uploads\/2017\/12\/22770487_10155878842341473_3278283293521309242_o-150x59.jpg 150w, https:\/\/schnebele.de\/wp-content\/uploads\/2017\/12\/22770487_10155878842341473_3278283293521309242_o.jpg 1273w\" sizes=\"auto, (max-width: 920px) 100vw, 920px\" \/><\/p>\n<p>Der Splitter Verlag bezeichnet sich selbst als Verlag mit &#8222;Comics f\u00fcr Erwachsene&#8220;, was nicht bedeutet, dass es sich hierbei (ausschlie\u00dflich) um gewaltverherrlichende oder sexistische Comics geht, sondern, dass sich die Themen deutlich von &#8222;Kindercomics&#8220; unterscheiden.<\/p>\n<p><img loading=\"lazy\" decoding=\"async\" class=\"size-medium wp-image-5002 alignleft\" src=\"http:\/\/schnebele.de\/wp-content\/uploads\/2017\/12\/Splitter_Programm01-300x124.jpg\" alt=\"\" width=\"300\" height=\"124\" srcset=\"https:\/\/schnebele.de\/wp-content\/uploads\/2017\/12\/Splitter_Programm01-300x124.jpg 300w, https:\/\/schnebele.de\/wp-content\/uploads\/2017\/12\/Splitter_Programm01-250x104.jpg 250w, https:\/\/schnebele.de\/wp-content\/uploads\/2017\/12\/Splitter_Programm01-150x62.jpg 150w, https:\/\/schnebele.de\/wp-content\/uploads\/2017\/12\/Splitter_Programm01.jpg 750w\" sizes=\"auto, (max-width: 300px) 100vw, 300px\" \/>Die Themen sind vielf\u00e4ltig, von Fantasy, \u00fcber Comics mit historischem Hintergrund, Western, Sience Fiction bis hin zu Comics mit Themen, die uns aktuell in Politik und Wirtschaft besch\u00e4ftigen.<\/p>\n<p>Eines haben alle Splitter Comics gemeinsam: sie sind sehr aufwendig gemacht und haben nach au\u00dfen immer den Wiedererkennungswert eines Splitter Produktes. F\u00fcr viele der Reihen werden eigene Schuber angeboten, so dass sich die ausnamslos Hardcover Comics extrem gut in einem B\u00fccherschrank machen.<\/p>\n<p>Splitter gibt vielen unbekannteren Zeichnern und Textern die M\u00f6glichkeit, Ihre Werke zu ver\u00f6ffentlichen und selten umfassen die Serien mehr als f\u00fcnf\/sechs B\u00e4nde.<\/p>\n<p>Nat\u00fcrlich gibt es auch Ausnahmen: <strong>Comanche, Dan Cooper, Rick Master<\/strong> (alle drei als Gesamtausgaben), <strong>Thorgal<\/strong> oder <strong>Storm<\/strong> sind Gro\u00dfserien, die seit vielen Jahren&nbsp;den <strong>Splitter Verlages<\/strong> repr\u00e4sentieren.<\/p>\n<p>Mir haben es viele der Kleinserien angetan, die ich nicht gesondert, sondern hier in dieser <strong>&#8222;Splitter&#8220;<\/strong> Rubrik vorstellen m\u00f6chte und den Comicfans gerne ans Herz lege.<\/p>\n<p>Hier nun in alphabetischer Reihenfolge:<br \/>\n<strong>Apache Junction, Assassin&#8217;s Creed, Bruce J. Hawker, Carthago, Druiden, Durandal, Einhorn, F\u00fcnfte Evangelium, Gef\u00e4hrten der D\u00e4mmerung, Gei\u00dfeln von Enharma, Heiligtum, Herren von Cornwall, Konungar, Kreuzzug, Lancelot, Malemort, Mann der keine Feuerwaffen mochte, Pik As, Prophet, Ritter des verlorenen Landes, Ronson Inc, Der schreckliche Papst, S\u00f6ldner, Sukkubus, Surcouf, Der T\u00f6nerne Thron, Unter Schwarzer Flagge<\/strong><\/p>\n<p><strong>Quelle:<\/strong> <a href=\"https:\/\/www.splitter-verlag.de\/\" target=\"_blank\" rel=\"noopener noreferrer\">Splitter Verlag<\/a><\/p>\n<p>&nbsp;<\/p>\n<p><img loading=\"lazy\" decoding=\"async\" class=\"alignnone wp-image-5007 size-full\" src=\"http:\/\/schnebele.de\/wp-content\/uploads\/2017\/12\/apache_junktion_01_cover-1.jpg\" alt=\"\" width=\"897\" height=\"109\" srcset=\"https:\/\/schnebele.de\/wp-content\/uploads\/2017\/12\/apache_junktion_01_cover-1.jpg 897w, https:\/\/schnebele.de\/wp-content\/uploads\/2017\/12\/apache_junktion_01_cover-1-300x36.jpg 300w, https:\/\/schnebele.de\/wp-content\/uploads\/2017\/12\/apache_junktion_01_cover-1-768x93.jpg 768w, https:\/\/schnebele.de\/wp-content\/uploads\/2017\/12\/apache_junktion_01_cover-1-250x30.jpg 250w, https:\/\/schnebele.de\/wp-content\/uploads\/2017\/12\/apache_junktion_01_cover-1-150x18.jpg 150w\" sizes=\"auto, (max-width: 897px) 100vw, 897px\" \/><\/p>\n<p><img loading=\"lazy\" decoding=\"async\" class=\"size-medium wp-image-5006 alignleft\" src=\"http:\/\/schnebele.de\/wp-content\/uploads\/2017\/12\/apache_junktion_01_cover-225x300.jpg\" alt=\"\" width=\"225\" height=\"300\" srcset=\"https:\/\/schnebele.de\/wp-content\/uploads\/2017\/12\/apache_junktion_01_cover-225x300.jpg 225w, https:\/\/schnebele.de\/wp-content\/uploads\/2017\/12\/apache_junktion_01_cover-768x1024.jpg 768w, https:\/\/schnebele.de\/wp-content\/uploads\/2017\/12\/apache_junktion_01_cover-113x150.jpg 113w, https:\/\/schnebele.de\/wp-content\/uploads\/2017\/12\/apache_junktion_01_cover.jpg 900w\" sizes=\"auto, (max-width: 225px) 100vw, 225px\" \/><strong>Western<\/strong><\/p>\n<p><strong>Autor:<\/strong> Peter Nuyten<br \/>\n<strong>Zeichner:<\/strong> Peter Nuyten<br \/>\n<strong>\u00dcbersetzer: <\/strong>James ter Beek<\/p>\n<p><strong>Inhalt:<\/strong><\/p>\n<p>Auch nach dem Tod ihres Anf\u00fchrers Cochise sorgen die Apachen weiterhin f\u00fcr Unruhe in Arizona.<br \/>\n1875 flieht der Chiricahua Apache Schwarzer Wolf zusammen mit einer Gruppe von Kriegern aus dem Reservat von San Carlos. Aus Angst vor einem neuen Krieg schickt Fort Apache den Kurier Roy Clinton sofort nach Fort Bowie, um die Garnison dort zu warnen.<\/p>\n<p>Unterwegs findet er einen ausgebrannten Wagen mit der Leiche eines unbekannten Mannes darin. Nachdem er den Mann begraben hat, wird ihm beinahe der \u00dcberfall durch zwei Apachen zum Verh\u00e4ngnis.<\/p>\n<p>Schwer verwundet erreicht er die Bentley Farm. Von diesem Augenblick an wird Clinton in eine \u00e4u\u00dferst delikate Angelegenheit verwickelt. Ein moderner Western in klassischem Gewand. Pflichtlekt\u00fcre f\u00fcr alle Western Fans.<\/p>\n<table>\n<tbody>\n<tr>\n<td style=\"width: 100px; text-align: center; vertical-align: middle; background-color: #572c0d;\"><span style=\"color: #ffcc00;\">Album<\/span><\/td>\n<td style=\"text-align: center; vertical-align: middle; background-color: #572c0d;\"><span style=\"color: #ffcc00;\">Apache Junction<\/span><\/td>\n<\/tr>\n<tr>\n<td style=\"width: 100px; background-color: #f5bc90;\">Nr. 1<\/td>\n<td style=\"background-color: #f5bc90;\">Buch 1<\/td>\n<\/tr>\n<tr>\n<td style=\"width: 100px; background-color: #f5bc90;\">Nr. 2<\/td>\n<td style=\"background-color: #f5bc90;\">Schatten im Wind<\/td>\n<\/tr>\n<tr>\n<td style=\"width: 100px; background-color: #f5bc90;\">Nr. 3<\/td>\n<td style=\"background-color: #f5bc90;\">Der Unsichtbare<\/td>\n<\/tr>\n<tr>\n<td style=\"width: 100px; background-color: #f5bc90;\">Nr. 4<\/td>\n<td style=\"background-color: #f5bc90;\">Sierra Madre<\/td>\n<\/tr>\n<tr>\n<td style=\"width: 100px; background-color: #f5bc90;\">Nr. 5<\/td>\n<td style=\"background-color: #f5bc90;\">Desert Trail<\/td>\n<\/tr>\n<tr>\n<td style=\"width: 100px; background-color: #f5bc90;\">Nr. 6<\/td>\n<td style=\"background-color: #f5bc90;\">Dead End<\/td>\n<\/tr>\n<\/tbody>\n<\/table>\n<p>&nbsp;<\/p>\n<p>&nbsp;<\/p>\n<p>&nbsp;<\/p>\n<p><img loading=\"lazy\" decoding=\"async\" class=\"alignnone wp-image-5009 size-full\" src=\"http:\/\/schnebele.de\/wp-content\/uploads\/2017\/12\/assasins_creed_01_cover_1.jpg\" alt=\"\" width=\"900\" height=\"312\" srcset=\"https:\/\/schnebele.de\/wp-content\/uploads\/2017\/12\/assasins_creed_01_cover_1.jpg 900w, https:\/\/schnebele.de\/wp-content\/uploads\/2017\/12\/assasins_creed_01_cover_1-300x104.jpg 300w, https:\/\/schnebele.de\/wp-content\/uploads\/2017\/12\/assasins_creed_01_cover_1-768x266.jpg 768w, https:\/\/schnebele.de\/wp-content\/uploads\/2017\/12\/assasins_creed_01_cover_1-250x87.jpg 250w, https:\/\/schnebele.de\/wp-content\/uploads\/2017\/12\/assasins_creed_01_cover_1-150x52.jpg 150w\" sizes=\"auto, (max-width: 900px) 100vw, 900px\" \/><\/p>\n<p><img loading=\"lazy\" decoding=\"async\" class=\"size-medium wp-image-5010 alignleft\" src=\"http:\/\/schnebele.de\/wp-content\/uploads\/2017\/12\/assasins_creed_01_cover_1-1-225x300.jpg\" alt=\"\" width=\"225\" height=\"300\" srcset=\"https:\/\/schnebele.de\/wp-content\/uploads\/2017\/12\/assasins_creed_01_cover_1-1-225x300.jpg 225w, https:\/\/schnebele.de\/wp-content\/uploads\/2017\/12\/assasins_creed_01_cover_1-1-768x1024.jpg 768w, https:\/\/schnebele.de\/wp-content\/uploads\/2017\/12\/assasins_creed_01_cover_1-1-113x150.jpg 113w, https:\/\/schnebele.de\/wp-content\/uploads\/2017\/12\/assasins_creed_01_cover_1-1.jpg 900w\" sizes=\"auto, (max-width: 225px) 100vw, 225px\" \/><strong>Mystery\/Fantasy<\/strong><\/p>\n<p><strong>Autor:<\/strong> \u00c9ric Corbeyran<br \/>\n<strong>Zeichner:<\/strong> Djillali Defali<br \/>\n<strong>\u00dcbersetzer<\/strong>: Tanja Kr\u00e4mling<\/p>\n<p><strong>Inhalt:<\/strong><\/p>\n<p><span style=\"font-family: Arial;\">Warum wird Desmond Miles in einem geheimen und hochgesicherten Versuchslabor gefangen gehalten?<br \/>\nWas suchen die mysteri\u00f6sen Wissenschaftler, die sich an ihm vergreifen?<br \/>\nWelches wunderbare Geheimnis h\u00e4lt sein genetisches Ged\u00e4chtnis in den Tiefen seiner DNA bereit?<br \/>\nWas verbirgt die Vergangenheit von Desmonds Vorfahren, die alle der Sekte der Assassinen angeh\u00f6rten?<\/span><\/p>\n<p><span style=\"font-family: Arial;\">Sind sich die Gelehrten der Gefahr nicht bewusst, die droht, wenn sie die Erinnerungen eines Assassinen wecken?<\/span><\/p>\n<p><span style=\"font-family: Arial;\"><span style=\"font-family: Arial,;\">Die Figuren des ber\u00fchmten Videospiels \u201eAssassin&#8217;s Creed\u201c, von dem mehr als 8 Millionen Exemplare verkauft wurden, nehmen nun durch die Feder des bekannten Szenaristen Corbeyran und des Zeichners Djillali Defali Gestalt an, um uns in die spannenden Abenteuer im Kampf gegen die Wissenschaft und die Zeit zu entf\u00fchren. Eine v\u00f6llig neue Story, die alle Liebhaber des Spiels sowie alle anderen \u00fcberraschen wird!<\/span><\/span><\/p>\n<table>\n<tbody>\n<tr>\n<td style=\"width: 100px; text-align: center; vertical-align: middle; background-color: #de0b27;\"><span style=\"color: #000000;\"><strong>Album<\/strong><\/span><\/td>\n<td style=\"text-align: center; vertical-align: middle; background-color: #de0b27;\"><span style=\"color: #000000;\"><strong>Assassin&#8217;s Creed<\/strong><\/span><\/td>\n<\/tr>\n<tr>\n<td style=\"width: 100px; background-color: #b0a7a7;\">Nr. 1<\/td>\n<td style=\"background-color: #b0a7a7;\">Desmond<\/td>\n<\/tr>\n<tr>\n<td style=\"width: 100px; background-color: #b0a7a7;\">Nr. 2<\/td>\n<td style=\"background-color: #b0a7a7;\">Aquilus<\/td>\n<\/tr>\n<tr>\n<td style=\"width: 100px; background-color: #b0a7a7;\">Nr. 3<\/td>\n<td style=\"background-color: #b0a7a7;\">Accipiter<\/td>\n<\/tr>\n<tr>\n<td style=\"width: 100px; background-color: #b0a7a7;\">Nr. 4<\/td>\n<td style=\"background-color: #b0a7a7;\">Hawk<\/td>\n<\/tr>\n<tr>\n<td style=\"width: 100px; background-color: #b0a7a7;\">Nr. 5<\/td>\n<td style=\"background-color: #b0a7a7;\">El Cacr<\/td>\n<\/tr>\n<tr>\n<td style=\"width: 100px; background-color: #b0a7a7;\">Nr. 6<\/td>\n<td style=\"background-color: #b0a7a7;\">Leila<\/td>\n<\/tr>\n<\/tbody>\n<\/table>\n<p>&nbsp;<\/p>\n<p>&nbsp;<\/p>\n<p>&nbsp;<\/p>\n<p>&nbsp;<img loading=\"lazy\" decoding=\"async\" class=\"alignnone wp-image-5015 size-full\" src=\"http:\/\/schnebele.de\/wp-content\/uploads\/2017\/12\/bruce_j_hawker_01_cover-1.jpg\" alt=\"\" width=\"900\" height=\"179\" srcset=\"https:\/\/schnebele.de\/wp-content\/uploads\/2017\/12\/bruce_j_hawker_01_cover-1.jpg 900w, https:\/\/schnebele.de\/wp-content\/uploads\/2017\/12\/bruce_j_hawker_01_cover-1-300x60.jpg 300w, https:\/\/schnebele.de\/wp-content\/uploads\/2017\/12\/bruce_j_hawker_01_cover-1-768x153.jpg 768w, https:\/\/schnebele.de\/wp-content\/uploads\/2017\/12\/bruce_j_hawker_01_cover-1-250x50.jpg 250w, https:\/\/schnebele.de\/wp-content\/uploads\/2017\/12\/bruce_j_hawker_01_cover-1-150x30.jpg 150w\" sizes=\"auto, (max-width: 900px) 100vw, 900px\" \/><\/p>\n<p><img loading=\"lazy\" decoding=\"async\" class=\"size-medium wp-image-5014 alignleft\" src=\"http:\/\/schnebele.de\/wp-content\/uploads\/2017\/12\/bruce_j_hawker_01_cover-225x300.jpg\" alt=\"\" width=\"225\" height=\"300\" srcset=\"https:\/\/schnebele.de\/wp-content\/uploads\/2017\/12\/bruce_j_hawker_01_cover-225x300.jpg 225w, https:\/\/schnebele.de\/wp-content\/uploads\/2017\/12\/bruce_j_hawker_01_cover-768x1024.jpg 768w, https:\/\/schnebele.de\/wp-content\/uploads\/2017\/12\/bruce_j_hawker_01_cover-113x150.jpg 113w, https:\/\/schnebele.de\/wp-content\/uploads\/2017\/12\/bruce_j_hawker_01_cover.jpg 900w\" sizes=\"auto, (max-width: 225px) 100vw, 225px\" \/><strong>Abenteuer, Seefahrer<\/strong><\/p>\n<p><strong>Autor:<\/strong> Andr\u00e9-Paul Duch\u00e2teau<br \/>\n<strong>Zeichner:<\/strong> William Vance<br \/>\n<strong>\u00dcbersetzer:<\/strong> Tanja Kr\u00e4mling<\/p>\n<p><strong>Inhalt:<\/strong><\/p>\n<p>Bruce J. Hawker, Leutnant der Royal Navy, und unterwegs mit seiner Fregatte Lark, \u00fcbernimmt den Geleitschutz f\u00fcr einen Waffentransport zum St\u00fctzpunkt der englischen Marine, dem \u00bbFelsen von Gibraltar\u00ab. Der Konvoi ger\u00e4t jedoch in heftige Gefechte mit der spanischen Kriegsflotte und Hawker wird gefangengenommen und in ein Verlies auf der Festung El Ferrol gebracht. Es gelingt ihm, aus der Gefangenschaft zu fliehen, doch mittlerweile ist er bei der K\u00f6niglichen Admiralit\u00e4t in Ungnade gefallen\u2026&nbsp;&nbsp;<\/p>\n<p>Das ist die Art von Seefahrer-Abenteuergeschichten, die Willam Van Cutsen (Vance) immer bevorzugte und so erfand er schon Mitte der 1970er Jahre den Charakter Bruce J. Hawker, der dann in den 80ern als eigenst\u00e4ndige Albenreihe durchstarten sollte. Sein Comeback in diesem Genre war kein Zufall, denn Vance war schon immer Liebhaber der historischen Segelfahrt und seine Erfahrungen, die er mit der Seefahrergeschichte \u00bbHoward Flynn\u00ab gemacht hatte, flossen in dieses Projekt direkt mit ein.<\/p>\n<p>Nachdem er als Autor und Zeichner mit dieser Serie startete, gesellte sich wenige Jahre sp\u00e4ter Andr\u00e9-Paul Duch\u00e2teau hinzu, der von da ab \u2013 bis zum letzten, siebten Band \u2013 die Geschichten schrieb.<\/p>\n<p>Die zweib\u00e4ndige Gesamtausgabe bei Splitter beinhaltet die sieben Alben und alle Kurzgeschichten sowie ein ausf\u00fchrliches Dossier von Jaques Pessis sowohl zur Historie der Serie als auch zu den K\u00fcnstlern Vance und Duch\u00e2teau.<\/p>\n<p>\u00bbBruce J. Hawker\u00ab ist ein maritimes, romantisches Abenteuer, mit riesigen und faszinierenden Segelbooten, Seeschlachten, tobenden Meeren und Verschw\u00f6rungen. All das sind die Zutaten f\u00fcr eine abenteuerliche, ja atemberaubende Comic-Geschichte.<\/p>\n<table>\n<tbody>\n<tr>\n<td style=\"width: 100px; text-align: center; vertical-align: middle; background-color: #727fb0;\"><strong>Album<\/strong><\/td>\n<td style=\"text-align: center; vertical-align: middle; background-color: #727fb0;\"><strong>Bruce J. Hawker<\/strong><\/td>\n<\/tr>\n<tr>\n<td style=\"width: 100px; background-color: #a8c9e6;\">Nr. 1<\/td>\n<td style=\"background-color: #a8c9e6;\">Buch 1 der Gesamtausgabe<\/td>\n<\/tr>\n<tr>\n<td style=\"width: 100px; background-color: #a8c9e6;\">Nr. 2<\/td>\n<td style=\"background-color: #a8c9e6;\">Buch&nbsp;2 der Gesamtausgabe<\/td>\n<\/tr>\n<\/tbody>\n<\/table>\n<p>&nbsp;<\/p>\n<p>&nbsp;<\/p>\n<p>&nbsp;<\/p>\n<p><img loading=\"lazy\" decoding=\"async\" class=\"alignnone wp-image-5017 size-full\" src=\"http:\/\/schnebele.de\/wp-content\/uploads\/2017\/12\/9783868691009_cover01.jpg\" alt=\"\" width=\"897\" height=\"152\" srcset=\"https:\/\/schnebele.de\/wp-content\/uploads\/2017\/12\/9783868691009_cover01.jpg 897w, https:\/\/schnebele.de\/wp-content\/uploads\/2017\/12\/9783868691009_cover01-300x51.jpg 300w, https:\/\/schnebele.de\/wp-content\/uploads\/2017\/12\/9783868691009_cover01-768x130.jpg 768w, https:\/\/schnebele.de\/wp-content\/uploads\/2017\/12\/9783868691009_cover01-250x42.jpg 250w, https:\/\/schnebele.de\/wp-content\/uploads\/2017\/12\/9783868691009_cover01-150x25.jpg 150w\" sizes=\"auto, (max-width: 897px) 100vw, 897px\" \/><\/p>\n<p><img loading=\"lazy\" decoding=\"async\" class=\"size-medium wp-image-5018 alignleft\" src=\"http:\/\/schnebele.de\/wp-content\/uploads\/2017\/12\/9783868691009_cover01-1-225x300.jpg\" alt=\"\" width=\"225\" height=\"300\" srcset=\"https:\/\/schnebele.de\/wp-content\/uploads\/2017\/12\/9783868691009_cover01-1-225x300.jpg 225w, https:\/\/schnebele.de\/wp-content\/uploads\/2017\/12\/9783868691009_cover01-1-768x1024.jpg 768w, https:\/\/schnebele.de\/wp-content\/uploads\/2017\/12\/9783868691009_cover01-1-113x150.jpg 113w, https:\/\/schnebele.de\/wp-content\/uploads\/2017\/12\/9783868691009_cover01-1.jpg 900w\" sizes=\"auto, (max-width: 225px) 100vw, 225px\" \/><strong><img loading=\"lazy\" decoding=\"async\" class=\"size-medium wp-image-5032 alignleft\" src=\"http:\/\/schnebele.de\/wp-content\/uploads\/2017\/12\/SCHUBER_2017_einzeln_900px-225x300.jpg\" alt=\"\" width=\"225\" height=\"300\" srcset=\"https:\/\/schnebele.de\/wp-content\/uploads\/2017\/12\/SCHUBER_2017_einzeln_900px-225x300.jpg 225w, https:\/\/schnebele.de\/wp-content\/uploads\/2017\/12\/SCHUBER_2017_einzeln_900px-768x1024.jpg 768w, https:\/\/schnebele.de\/wp-content\/uploads\/2017\/12\/SCHUBER_2017_einzeln_900px-113x150.jpg 113w, https:\/\/schnebele.de\/wp-content\/uploads\/2017\/12\/SCHUBER_2017_einzeln_900px.jpg 900w\" sizes=\"auto, (max-width: 225px) 100vw, 225px\" \/>Abenteuer, Thriller<\/strong><\/p>\n<p><strong>Autor:<\/strong> Christophe <strong>Bec<\/strong><br \/>\n<strong>Zeichner:<\/strong> Eric <strong>Henninot<\/strong><br \/>\n<strong>\u00dcbersetzer:<\/strong> Resel Rebiersch<\/p>\n<p><strong>Inhalt:<\/strong><\/p>\n<p>Zu Beginn des 21. Jahrhunderts l\u00f6st die Verknappung der \u00d6l- und Erdgasressourcen eine weltweite Krise aus, die einen Wettlauf zur Entdeckung der letzten Vorkommen in Gang setzt.<\/p>\n<p>Die Menschen beginnen, die letzten unbekannten Gebiete des Planeten zu erforschen, die Meerestiefen.<br \/>\nBei der Bohrung in einer Unterwasserh\u00f6hle werden die Taucher von einem lebenden Fossil angegriffen, einem Megalodon, dem pr\u00e4historischen Vorfahren des wei\u00dfen Hais &#8211; das gr\u00f6\u00dfte Meeresraubtier, das jemals auf Erden lebte! Und dies ist nicht die letzte ausgestorbene Spezies, die die Ozeanographin Kim Melville entdeckt&#8230;<\/p>\n<p>Eine wissenschaftliche Sensation. Und eine Entdeckung, die das \u00f6kologische Gleichgewicht des Planeten und das \u00dcberleben der Menschheit in Frage stellen k\u00f6nnte.<\/p>\n<table>\n<tbody>\n<tr>\n<td style=\"width: 100px; text-align: center; vertical-align: middle; background-color: #1f3b20;\"><span style=\"color: #ffffff;\"><strong>Album<\/strong><\/span><\/td>\n<td style=\"text-align: center; vertical-align: middle; background-color: #1f3b20;\"><span style=\"color: #ffffff;\"><strong>Carthago<\/strong><\/span><\/td>\n<\/tr>\n<tr>\n<td style=\"width: 100px; background-color: #abcc99;\">Nr. 1<\/td>\n<td style=\"background-color: #abcc99;\">&nbsp;Die Lagune von Fortuna<\/td>\n<\/tr>\n<tr>\n<td style=\"width: 100px; background-color: #abcc99;\">Nr. 2<\/td>\n<td style=\"background-color: #abcc99;\">&nbsp;Die Challenger Tiefe<\/td>\n<\/tr>\n<tr>\n<td style=\"width: 100px; background-color: #abcc99;\">Nr. 3<\/td>\n<td style=\"background-color: #abcc99;\">&nbsp;Das Monster von Dschibuti<\/td>\n<\/tr>\n<tr>\n<td style=\"width: 100px; background-color: #abcc99;\">Nr. 4<\/td>\n<td style=\"background-color: #abcc99;\">&nbsp;Die Monolithen von Koub\u00e9<\/td>\n<\/tr>\n<tr>\n<td style=\"width: 100px; background-color: #abcc99;\">Nr. 5<\/td>\n<td style=\"background-color: #abcc99;\">&nbsp;Platons Stadt<\/td>\n<\/tr>\n<tr>\n<td style=\"width: 100px; background-color: #abcc99;\">Nr. 6<\/td>\n<td style=\"background-color: #abcc99;\">Die Erbin der Karpaten<\/td>\n<\/tr>\n<tr>\n<td style=\"width: 100px; background-color: #abcc99;\">Nr. 7<\/td>\n<td style=\"background-color: #abcc99;\">Der Kamtschatka-Graben<\/td>\n<\/tr>\n<tr>\n<td style=\"width: 100px; background-color: #abcc99;\">Nr. 8<\/td>\n<td style=\"background-color: #abcc99;\">Leviathan<\/td>\n<\/tr>\n<tr>\n<td style=\"width: 100px; background-color: #abcc99;\">Nr. 9<\/td>\n<td style=\"background-color: #abcc99;\">Der Pakt des Hundertj\u00e4hrigen<\/td>\n<\/tr>\n<tr>\n<td style=\"width: 100px; background-color: #abcc99;\">Nr. 10<\/td>\n<td style=\"background-color: #abcc99;\">Der Abgrund blickt zur\u00fcck<\/td>\n<\/tr>\n<tr>\n<td style=\"width: 100px; background-color: #abcc99;\">Nr. 11<\/td>\n<td style=\"background-color: #abcc99;\">Kane<\/td>\n<\/tr>\n<tr>\n<td style=\"width: 100px; background-color: #abcc99;\">Nr. 12<\/td>\n<td style=\"background-color: #abcc99;\">Albino<\/td>\n<\/tr>\n<tr>\n<td style=\"width: 100px; background-color: #abcc99;\">Nr. 13<\/td>\n<td style=\"background-color: #abcc99;\">Abzu ist unser einziger Gott<\/td>\n<\/tr>\n<tr>\n<td style=\"width: 100px; background-color: #abcc99;\">Nr. 14<\/td>\n<td style=\"background-color: #abcc99;\">Gebeugt stehe ich wieder auf<\/td>\n<\/tr>\n<tr>\n<td style=\"width: 100px; background-color: #abcc99;\">Nr. 15<\/td>\n<td style=\"background-color: #abcc99;\">Herz der Finsternis<\/td>\n<\/tr>\n<\/tbody>\n<\/table>\n<p>&nbsp;<\/p>\n<p>&nbsp;<\/p>\n<p>&nbsp;<\/p>\n<p><img loading=\"lazy\" decoding=\"async\" class=\"alignnone wp-image-5020 size-full\" src=\"http:\/\/schnebele.de\/wp-content\/uploads\/2017\/12\/carthago_adventure_cover_3-1.jpg\" alt=\"\" width=\"900\" height=\"206\" srcset=\"https:\/\/schnebele.de\/wp-content\/uploads\/2017\/12\/carthago_adventure_cover_3-1.jpg 900w, https:\/\/schnebele.de\/wp-content\/uploads\/2017\/12\/carthago_adventure_cover_3-1-300x69.jpg 300w, https:\/\/schnebele.de\/wp-content\/uploads\/2017\/12\/carthago_adventure_cover_3-1-768x176.jpg 768w, https:\/\/schnebele.de\/wp-content\/uploads\/2017\/12\/carthago_adventure_cover_3-1-250x57.jpg 250w, https:\/\/schnebele.de\/wp-content\/uploads\/2017\/12\/carthago_adventure_cover_3-1-150x34.jpg 150w\" sizes=\"auto, (max-width: 900px) 100vw, 900px\" \/><\/p>\n<p><img loading=\"lazy\" decoding=\"async\" class=\"size-medium wp-image-5019 alignleft\" src=\"http:\/\/schnebele.de\/wp-content\/uploads\/2017\/12\/carthago_adventure_cover_3-225x300.jpg\" alt=\"\" width=\"225\" height=\"300\" srcset=\"https:\/\/schnebele.de\/wp-content\/uploads\/2017\/12\/carthago_adventure_cover_3-225x300.jpg 225w, https:\/\/schnebele.de\/wp-content\/uploads\/2017\/12\/carthago_adventure_cover_3-768x1024.jpg 768w, https:\/\/schnebele.de\/wp-content\/uploads\/2017\/12\/carthago_adventure_cover_3-113x150.jpg 113w, https:\/\/schnebele.de\/wp-content\/uploads\/2017\/12\/carthago_adventure_cover_3.jpg 900w\" sizes=\"auto, (max-width: 225px) 100vw, 225px\" \/><strong>Abenteuer, Thriller<\/strong><\/p>\n<p><strong>Autor:<\/strong> Christophe Bec<br \/>\n<strong>Zeichner:<\/strong> Jaouen<br \/>\n<strong>\u00dcbersetzer: <\/strong>Resel Rebiersch<\/p>\n<p><strong>Inhalt:<\/strong><\/p>\n<p><strong>Spin-Off zur Erfolgsserie <\/strong><strong><span style=\"font-family: Calibri;\">\u00bb<\/span><\/strong><strong>Carthago<\/strong><strong><span style=\"font-family: Calibri;\">\u00ab<\/span><\/strong><\/p>\n<p>Die Burg Vatrei Dornei in den rum\u00e4nischen Karpaten im Jahre 1985.<br \/>\nDer Hundertj\u00e4hrige aus den Karpaten und London Donovan er\u00f6rtern die m\u00f6gliche Existenz des legend\u00e4ren Bigfoot. Bald darauf beginnt in den kalifornischen Rocky Mountains die Jagd auf diese sagenhafte Kreatur, in deren Verlauf die pr\u00e4historischen Lebewesen das Recht auf ihren Lebensraum beanspruchen.<\/p>\n<p>W\u00e4hrend<strong><span style=\"font-family: Calibri;\"> \u00bb<\/span><\/strong><strong>Carthago<\/strong><strong><span style=\"font-family: Calibri;\">\u00ab <\/span><\/strong>eine Geschichte der Einsamkeit ist und den Leser in die Tiefen des Ozeans entf\u00fchrt, erz\u00e4hlt<strong><span style=\"font-family: Calibri;\"> \u00bb<\/span><\/strong><strong>Carthago <\/strong>Adventures<strong><span style=\"font-family: Calibri;\">\u00ab<\/span><\/strong> in abgeschlossenen Einzelb\u00e4nden, wie sich die beiden Hauptfiguren begegnen, und offenbart einige ihrer Geheimnisse.<\/p>\n<table>\n<tbody>\n<tr>\n<td style=\"width: 100px; text-align: center; vertical-align: middle; background-color: #0d0b4f;\"><span style=\"color: #99ccff;\"><strong>Album<\/strong><\/span><\/td>\n<td style=\"text-align: center; vertical-align: middle; background-color: #0d0b4f;\"><span style=\"color: #99ccff;\"><strong>Carthago Adventures<\/strong><\/span><\/td>\n<\/tr>\n<tr>\n<td style=\"width: 100px; background-color: #8c98bf;\"><span style=\"color: #000000;\">Nr. 1<\/span><\/td>\n<td style=\"background-color: #8c98bf;\"><span style=\"color: #000000;\">Bluff Creek<\/span><\/td>\n<\/tr>\n<tr>\n<td style=\"width: 100px; background-color: #8c98bf;\"><span style=\"color: #000000;\">Nr. 2<\/span><\/td>\n<td style=\"background-color: #8c98bf;\"><span style=\"color: #000000;\">Chipekwe<\/span><\/td>\n<\/tr>\n<tr>\n<td style=\"width: 100px; background-color: #8c98bf;\"><span style=\"color: #000000;\">Nr. 3<\/span><\/td>\n<td style=\"background-color: #8c98bf;\"><span style=\"color: #000000;\">Aipaloovik<\/span><\/td>\n<\/tr>\n<tr>\n<td style=\"width: 100px; background-color: #8c98bf;\"><span style=\"color: #000000;\">Nr. 4<\/span><\/td>\n<td style=\"background-color: #8c98bf;\"><span style=\"color: #000000;\">Amarok<\/span><\/td>\n<\/tr>\n<tr>\n<td style=\"width: 100px; background-color: #8c98bf;\"><span style=\"color: #000000;\">Nr. 5<\/span><\/td>\n<td style=\"background-color: #8c98bf;\"><span style=\"color: #000000;\">Zana<\/span><\/td>\n<\/tr>\n<tr>\n<td style=\"width: 100px; background-color: #8c98bf;\"><span style=\"color: #000000;\">Nr. 6<\/span><\/td>\n<td style=\"background-color: #8c98bf;\"><span style=\"color: #000000;\">Die Quelle<\/span><\/td>\n<\/tr>\n<\/tbody>\n<\/table>\n<p>&nbsp;<\/p>\n<p>&nbsp;<\/p>\n<p>&nbsp;<\/p>\n<p><img loading=\"lazy\" decoding=\"async\" class=\"alignnone wp-image-5022 size-full\" src=\"http:\/\/schnebele.de\/wp-content\/uploads\/2017\/12\/9783940864406-interior-1.jpg\" alt=\"\" width=\"899\" height=\"235\" srcset=\"https:\/\/schnebele.de\/wp-content\/uploads\/2017\/12\/9783940864406-interior-1.jpg 899w, https:\/\/schnebele.de\/wp-content\/uploads\/2017\/12\/9783940864406-interior-1-300x78.jpg 300w, https:\/\/schnebele.de\/wp-content\/uploads\/2017\/12\/9783940864406-interior-1-768x201.jpg 768w, https:\/\/schnebele.de\/wp-content\/uploads\/2017\/12\/9783940864406-interior-1-250x65.jpg 250w, https:\/\/schnebele.de\/wp-content\/uploads\/2017\/12\/9783940864406-interior-1-150x39.jpg 150w\" sizes=\"auto, (max-width: 899px) 100vw, 899px\" \/><\/p>\n<p><img loading=\"lazy\" decoding=\"async\" class=\"size-medium wp-image-5023 alignleft\" src=\"http:\/\/schnebele.de\/wp-content\/uploads\/2017\/12\/9783940864406-interior-1-1-225x300.jpg\" alt=\"\" width=\"225\" height=\"300\" srcset=\"https:\/\/schnebele.de\/wp-content\/uploads\/2017\/12\/9783940864406-interior-1-1-225x300.jpg 225w, https:\/\/schnebele.de\/wp-content\/uploads\/2017\/12\/9783940864406-interior-1-1-768x1024.jpg 768w, https:\/\/schnebele.de\/wp-content\/uploads\/2017\/12\/9783940864406-interior-1-1-113x150.jpg 113w, https:\/\/schnebele.de\/wp-content\/uploads\/2017\/12\/9783940864406-interior-1-1.jpg 900w\" sizes=\"auto, (max-width: 225px) 100vw, 225px\" \/><strong><img loading=\"lazy\" decoding=\"async\" class=\"size-medium wp-image-5031 alignleft\" src=\"http:\/\/schnebele.de\/wp-content\/uploads\/2017\/12\/51cftPsUisL__SX373_BO1204203200_-225x300.jpg\" alt=\"\" width=\"225\" height=\"300\" srcset=\"https:\/\/schnebele.de\/wp-content\/uploads\/2017\/12\/51cftPsUisL__SX373_BO1204203200_-225x300.jpg 225w, https:\/\/schnebele.de\/wp-content\/uploads\/2017\/12\/51cftPsUisL__SX373_BO1204203200_-113x150.jpg 113w, https:\/\/schnebele.de\/wp-content\/uploads\/2017\/12\/51cftPsUisL__SX373_BO1204203200_.jpg 375w\" sizes=\"auto, (max-width: 225px) 100vw, 225px\" \/>History, Mystery, Fantasy<\/strong><\/p>\n<p><strong>Autor:<\/strong> Jean-Luc Istin, Thierry Jigourel<br \/>\n<strong>Zeichner: <\/strong>Jacques Lamontagne<br \/>\n<strong>\u00dcbersetzer: <\/strong>Tanja Kr\u00e4mling<\/p>\n<p><strong>Inhalt:<\/strong><\/p>\n<p>Das 5. Jahrhundert.<br \/>\nDie Welt ist im Wandel begriffen und steht am Beginn einer ihrer gr\u00f6\u00dften Konflikte \u00fcberhaupt: Das Christentum hat sich aufgemacht, die Welt zu erobern und stellt sich den alten heidnischen Religionen entgegen.<\/p>\n<p>Im Schatten dieser Ereignisse liefern sich Druiden und M\u00f6nche einen unerbittlichen Krieg. W\u00e4hrend die Bretonen die felsige Vork\u00fcste der s\u00fcdlichen Bretagne besiedeln, versuchen Gwenc\u2019hlan, der letzte Druide dieser Region, und Taran, sein Lehrling, ihr Volk aus der Schlinge der fanatischen Gegner zu befreien.<\/p>\n<p>Morrigan, eine G\u00f6ttin aus der anderen Welt, steht ihnen bei dieser schwierigen Herausforderung hilfreich zur Seite. Verborgen zwischen den Relikten alter keltischer Br\u00e4uche lauert eine finstere und immer m\u00e4chtiger werdende Bedrohung \u2026 Ein dichter und spannender Thriller, von Lamontagne in wundersch\u00f6nen, detailreichen Bildern illustriert, die uns in die mittelalterliche Welt der Kelten entf\u00fchren.<\/p>\n<table>\n<tbody>\n<tr>\n<td style=\"width: 100px; text-align: center; vertical-align: middle; background-color: #0d6f82;\"><span style=\"color: #ccffff;\"><strong>Album<\/strong><\/span><\/td>\n<td style=\"text-align: center; vertical-align: middle; background-color: #0d6f82;\"><span style=\"color: #ccffff;\"><strong>Die Druiden<\/strong><\/span><\/td>\n<\/tr>\n<tr>\n<td style=\"width: 100px; background-color: #93c3cf;\">Nr. 1<\/td>\n<td style=\"background-color: #93c3cf;\">Das Geheimnis der Oghams<\/td>\n<\/tr>\n<tr>\n<td style=\"width: 100px; background-color: #93c3cf;\">Nr. 2<\/td>\n<td style=\"background-color: #93c3cf;\">Die wei\u00dfe Stadt<\/td>\n<\/tr>\n<tr>\n<td style=\"width: 100px; background-color: #93c3cf;\">Nr. 3<\/td>\n<td style=\"background-color: #93c3cf;\">Die Lanze des Lug<\/td>\n<\/tr>\n<tr>\n<td style=\"width: 100px; background-color: #93c3cf;\">Nr. 4<\/td>\n<td style=\"background-color: #93c3cf;\">Der Kreis der Riesen<\/td>\n<\/tr>\n<tr>\n<td style=\"width: 100px; background-color: #93c3cf;\">Nr. 5<\/td>\n<td style=\"background-color: #93c3cf;\">Der Schicksalsstein<\/td>\n<\/tr>\n<tr>\n<td style=\"width: 100px; background-color: #93c3cf;\">Nr. 6<\/td>\n<td style=\"background-color: #93c3cf;\">D\u00e4mmerung<\/td>\n<\/tr>\n<tr>\n<td style=\"width: 100px; background-color: #93c3cf;\">Nr. 7<\/td>\n<td style=\"background-color: #93c3cf;\">Die Toten von Cornwall<\/td>\n<\/tr>\n<tr>\n<td style=\"width: 100px; background-color: #93c3cf;\">Nr. 8<\/td>\n<td style=\"background-color: #93c3cf;\">Die Geheimnisse des Ostens<\/td>\n<\/tr>\n<tr>\n<td style=\"width: 100px; background-color: #93c3cf;\">Nr. 9<\/td>\n<td style=\"background-color: #93c3cf;\">Die Zeit der Raben<\/td>\n<\/tr>\n<\/tbody>\n<\/table>\n<p>&nbsp;<\/p>\n<p>&nbsp;<\/p>\n<p>&nbsp;<\/p>\n<p><img loading=\"lazy\" decoding=\"async\" class=\"alignnone wp-image-5026 size-full\" src=\"http:\/\/schnebele.de\/wp-content\/uploads\/2017\/12\/durandal_01_cover_1-1.jpg\" alt=\"\" width=\"900\" height=\"275\" srcset=\"https:\/\/schnebele.de\/wp-content\/uploads\/2017\/12\/durandal_01_cover_1-1.jpg 900w, https:\/\/schnebele.de\/wp-content\/uploads\/2017\/12\/durandal_01_cover_1-1-300x92.jpg 300w, https:\/\/schnebele.de\/wp-content\/uploads\/2017\/12\/durandal_01_cover_1-1-768x235.jpg 768w, https:\/\/schnebele.de\/wp-content\/uploads\/2017\/12\/durandal_01_cover_1-1-250x76.jpg 250w, https:\/\/schnebele.de\/wp-content\/uploads\/2017\/12\/durandal_01_cover_1-1-150x46.jpg 150w\" sizes=\"auto, (max-width: 900px) 100vw, 900px\" \/><\/p>\n<p><img loading=\"lazy\" decoding=\"async\" class=\"size-medium wp-image-5025 alignleft\" src=\"http:\/\/schnebele.de\/wp-content\/uploads\/2017\/12\/durandal_01_cover_1-225x300.jpg\" alt=\"\" width=\"225\" height=\"300\" srcset=\"https:\/\/schnebele.de\/wp-content\/uploads\/2017\/12\/durandal_01_cover_1-225x300.jpg 225w, https:\/\/schnebele.de\/wp-content\/uploads\/2017\/12\/durandal_01_cover_1-768x1024.jpg 768w, https:\/\/schnebele.de\/wp-content\/uploads\/2017\/12\/durandal_01_cover_1-113x150.jpg 113w, https:\/\/schnebele.de\/wp-content\/uploads\/2017\/12\/durandal_01_cover_1.jpg 900w\" sizes=\"auto, (max-width: 225px) 100vw, 225px\" \/><strong>History, Mystery, Fantasy<\/strong><\/p>\n<p><strong>Autor:<\/strong> Nicolas Jarry<br \/>\n<strong>Zeichner: <\/strong>Gwendal Lemercier<br \/>\n<strong>\u00dcbersetzer: <\/strong>Tanja Kr\u00e4mling<\/p>\n<p><strong>Inhalt:<\/strong><\/p>\n<p>Ersch\u00f6pft von den zahlreichen Angriffen der Sachsen gegen das fr\u00e4nkische Volk versammelt Karl der Gro\u00dfe im Jahre 772 eine gigantische Armee, um den Feind aus dem Reich zu verjagen.<\/p>\n<p>Eine schreckliche Schlacht beginnt, in der die Sachsen letztendlich den K\u00fcrzeren ziehen. Doch der Sieg ist bitter, denn w\u00e4hrend der entscheidenden Schlacht stirbt Ambroise, der Graf der bretonischen Mark, treuer Vasall Karls des Gro\u00dfen und Besitzer des legend\u00e4ren Schwerts Durandal.<\/p>\n<p>Anstatt auf den rechtm\u00e4\u00dfigen Erben Guillaume \u00fcberzugehen, gelangt das \u00fcberaus m\u00e4chtige Schwert nach Island und in die Obhut eines Ordens von weiblichen Kriegern. Dort soll es bleiben, bis sich ein w\u00fcrdiger Nachfolger findet\u2026<\/p>\n<table>\n<tbody>\n<tr>\n<td style=\"width: 100px; text-align: center; vertical-align: middle; background-color: #155f8c;\"><span style=\"color: #ffff99;\"><strong>Album<\/strong><\/span><\/td>\n<td style=\"text-align: center; vertical-align: middle; background-color: #155f8c;\"><span style=\"color: #ffff99;\"><strong>Durandal<\/strong><\/span><\/td>\n<\/tr>\n<tr>\n<td style=\"width: 100px; background-color: #cadce8;\">Nr. 1<\/td>\n<td style=\"background-color: #cadce8;\">Bretonische Mark<\/td>\n<\/tr>\n<tr>\n<td style=\"width: 100px; background-color: #cadce8;\">Nr. 2<\/td>\n<td style=\"background-color: #cadce8;\">Bretonische Mark &#8211; Buch 2<\/td>\n<\/tr>\n<tr>\n<td style=\"width: 100px; background-color: #cadce8;\">Nr. 3<\/td>\n<td style=\"background-color: #cadce8;\">Bretonische Mark \u2013 Buch 3<\/td>\n<\/tr>\n<tr>\n<td style=\"width: 100px; background-color: #cadce8;\">Nr. 4<\/td>\n<td style=\"background-color: #cadce8;\">Bretonische Mark \u2013 Buch 4<\/td>\n<\/tr>\n<\/tbody>\n<\/table>\n<p>&nbsp;<\/p>\n<p>&nbsp;<\/p>\n<p>&nbsp;<\/p>\n<p>&nbsp;<\/p>\n<p><img loading=\"lazy\" decoding=\"async\" class=\"alignnone wp-image-5028 size-full\" src=\"http:\/\/schnebele.de\/wp-content\/uploads\/2017\/12\/9783939823759-interior-1.jpg\" alt=\"\" width=\"899\" height=\"149\" srcset=\"https:\/\/schnebele.de\/wp-content\/uploads\/2017\/12\/9783939823759-interior-1.jpg 899w, https:\/\/schnebele.de\/wp-content\/uploads\/2017\/12\/9783939823759-interior-1-300x50.jpg 300w, https:\/\/schnebele.de\/wp-content\/uploads\/2017\/12\/9783939823759-interior-1-768x127.jpg 768w, https:\/\/schnebele.de\/wp-content\/uploads\/2017\/12\/9783939823759-interior-1-250x41.jpg 250w, https:\/\/schnebele.de\/wp-content\/uploads\/2017\/12\/9783939823759-interior-1-150x25.jpg 150w\" sizes=\"auto, (max-width: 899px) 100vw, 899px\" \/><\/p>\n<p><img loading=\"lazy\" decoding=\"async\" class=\"size-medium wp-image-5029 alignleft\" src=\"http:\/\/schnebele.de\/wp-content\/uploads\/2017\/12\/9783939823759-interior-1-1-225x300.jpg\" alt=\"\" width=\"225\" height=\"300\" srcset=\"https:\/\/schnebele.de\/wp-content\/uploads\/2017\/12\/9783939823759-interior-1-1-225x300.jpg 225w, https:\/\/schnebele.de\/wp-content\/uploads\/2017\/12\/9783939823759-interior-1-1-768x1024.jpg 768w, https:\/\/schnebele.de\/wp-content\/uploads\/2017\/12\/9783939823759-interior-1-1-113x150.jpg 113w, https:\/\/schnebele.de\/wp-content\/uploads\/2017\/12\/9783939823759-interior-1-1.jpg 900w\" sizes=\"auto, (max-width: 225px) 100vw, 225px\" \/><strong><img loading=\"lazy\" decoding=\"async\" class=\"size-medium wp-image-5030 alignleft\" src=\"http:\/\/schnebele.de\/wp-content\/uploads\/2017\/12\/schub-einhorn-225x300.jpg\" alt=\"\" width=\"225\" height=\"300\" srcset=\"https:\/\/schnebele.de\/wp-content\/uploads\/2017\/12\/schub-einhorn-225x300.jpg 225w, https:\/\/schnebele.de\/wp-content\/uploads\/2017\/12\/schub-einhorn-768x1024.jpg 768w, https:\/\/schnebele.de\/wp-content\/uploads\/2017\/12\/schub-einhorn-113x150.jpg 113w, https:\/\/schnebele.de\/wp-content\/uploads\/2017\/12\/schub-einhorn.jpg 900w\" sizes=\"auto, (max-width: 225px) 100vw, 225px\" \/>Mystery, Fantasy<\/strong><\/p>\n<p><strong>Autor:<\/strong> Mathieu Gabella<br \/>\n<strong>Zeichner: <\/strong>Anthony Jean<br \/>\n<strong>\u00dcbersetzer: <\/strong>Tanja Kr\u00e4mling<\/p>\n<p><strong>Inhalt:<\/strong><\/p>\n<p>Im Paris des Jahres 1565 sterben mehrere ber\u00fchmte und umstrittene Mediziner unter mysteri\u00f6sen und ziemlich blutigen Umst\u00e4nden.<\/p>\n<p>Ambrosius Par\u00e9, Chirurg des K\u00f6nigs und von seinen Kollegen der Fakult\u00e4t ebenfalls als Quacksalber diffamiert, stellt Nachforschungen an. Denn sein Interesse am jungen und tausendj\u00e4hrige Glaubensgrunds\u00e4tze brechenden Forschungszweig der Anatomie macht auch ihn zum Todeskandidaten.<\/p>\n<p>Bald wird er von Furcht erregenden Kreaturen heimgesucht und findet heraus, dass die Kirche versucht, Entdeckungen zu vertuschen, um ihre Macht zu wahren.<\/p>\n<table>\n<tbody>\n<tr>\n<td style=\"width: 100px; text-align: center; vertical-align: middle; background-color: #782b2b;\"><span style=\"color: #ffcc99;\"><strong>Album<\/strong><\/span><\/td>\n<td style=\"text-align: center; vertical-align: middle; background-color: #782b2b;\"><span style=\"color: #ffcc99;\"><strong>Das Einhorn<\/strong><\/span><\/td>\n<\/tr>\n<tr>\n<td style=\"width: 100px; background-color: #e3d4bc;\">Nr. 1<\/td>\n<td style=\"background-color: #e3d4bc;\">Der letzte Tempel des Asklepios<\/td>\n<\/tr>\n<tr>\n<td style=\"width: 100px; background-color: #e3d4bc;\">Nr. 2<\/td>\n<td style=\"background-color: #e3d4bc;\">Ad Naturam<\/td>\n<\/tr>\n<tr>\n<td style=\"width: 100px; background-color: #e3d4bc;\">Nr. 3<\/td>\n<td style=\"background-color: #e3d4bc;\">Die schwarzen Wasser von Venedig<\/td>\n<\/tr>\n<tr>\n<td style=\"width: 100px; background-color: #e3d4bc;\">Nr. 4<\/td>\n<td style=\"background-color: #e3d4bc;\">Der Tag der Taufe<\/td>\n<\/tr>\n<\/tbody>\n<\/table>\n<p>&nbsp;<\/p>\n<p>&nbsp;<\/p>\n<p>&nbsp;<\/p>\n<p><img loading=\"lazy\" decoding=\"async\" class=\"alignnone wp-image-5035 size-full\" src=\"http:\/\/schnebele.de\/wp-content\/uploads\/2017\/12\/9783868690439-interior-1-1.jpg\" alt=\"\" width=\"900\" height=\"209\" srcset=\"https:\/\/schnebele.de\/wp-content\/uploads\/2017\/12\/9783868690439-interior-1-1.jpg 900w, https:\/\/schnebele.de\/wp-content\/uploads\/2017\/12\/9783868690439-interior-1-1-300x70.jpg 300w, https:\/\/schnebele.de\/wp-content\/uploads\/2017\/12\/9783868690439-interior-1-1-768x178.jpg 768w, https:\/\/schnebele.de\/wp-content\/uploads\/2017\/12\/9783868690439-interior-1-1-250x58.jpg 250w, https:\/\/schnebele.de\/wp-content\/uploads\/2017\/12\/9783868690439-interior-1-1-150x35.jpg 150w\" sizes=\"auto, (max-width: 900px) 100vw, 900px\" \/><\/p>\n<p><img loading=\"lazy\" decoding=\"async\" class=\"size-medium wp-image-5034 alignleft\" src=\"http:\/\/schnebele.de\/wp-content\/uploads\/2017\/12\/9783868690439-interior-1-225x300.jpg\" alt=\"\" width=\"225\" height=\"300\" srcset=\"https:\/\/schnebele.de\/wp-content\/uploads\/2017\/12\/9783868690439-interior-1-225x300.jpg 225w, https:\/\/schnebele.de\/wp-content\/uploads\/2017\/12\/9783868690439-interior-1-768x1024.jpg 768w, https:\/\/schnebele.de\/wp-content\/uploads\/2017\/12\/9783868690439-interior-1-113x150.jpg 113w, https:\/\/schnebele.de\/wp-content\/uploads\/2017\/12\/9783868690439-interior-1.jpg 900w\" sizes=\"auto, (max-width: 225px) 100vw, 225px\" \/><strong>History, Abenteuer, Mystery<\/strong><\/p>\n<p><strong>Autor:<\/strong> Jean-Luc Istin<br \/>\n<strong>Zeichner: <\/strong>Thimoth\u00e9e Montaigne<br \/>\n<strong>\u00dcbersetzer<\/strong>: Tanja Kr\u00e4mling<\/p>\n<p><strong>Inhalt:<\/strong><\/p>\n<p>Das Heilige Land im 12. Jahrhundert.<br \/>\nAuf r\u00e4tselhafte Weise verschwinden junge arabische M\u00e4dchen. Alle waren Waisen und hatten dasselbe Symbol eint\u00e4towiert: Die Hand der Fatima.<\/p>\n<p>Zur gleichen Zeit wird der Herzog Milon de Plancy auf heimt\u00fcckische Weise von vier Vermummten ermordet. Doch dies ist nur der Anfang einer Mordserie, die in Verbindung mit mysteri\u00f6sen Schriften steht, deren Enth\u00fcllung das Ende des freien Jerusalems einl\u00e4uten und selbst das heilige Rom erzittern lassen k\u00f6nnten.<\/p>\n<p>Gemeinsam mit dem K\u00f6nig von Jerusalem macht sich der Erzdiakon Guillaume de Tyr daran, Licht in die m\u00f6rderische Verschw\u00f6rung zu bringen.<\/p>\n<table>\n<tbody>\n<tr>\n<td style=\"width: 100px; text-align: center; vertical-align: middle; background-color: #404f2f;\"><span style=\"color: #ccffcc;\"><strong>Album<\/strong><\/span><\/td>\n<td style=\"text-align: center; vertical-align: middle; background-color: #404f2f;\"><span style=\"color: #ccffcc;\"><strong>Das F\u00fcnfte Evangelium<\/strong><\/span><\/td>\n<\/tr>\n<tr>\n<td style=\"width: 100px; background-color: #95a88a;\">Nr. 1<\/td>\n<td style=\"background-color: #95a88a;\">Die Hand der Fatima<\/td>\n<\/tr>\n<tr>\n<td style=\"width: 100px; background-color: #95a88a;\">Nr. 2<\/td>\n<td style=\"background-color: #95a88a;\">Die H\u00f6hle der Zerberus<\/td>\n<\/tr>\n<tr>\n<td style=\"width: 100px; background-color: #95a88a;\">Nr. 3<\/td>\n<td style=\"background-color: #95a88a;\">Herodium<\/td>\n<\/tr>\n<tr>\n<td style=\"width: 100px; background-color: #95a88a;\">Nr. 4<\/td>\n<td style=\"background-color: #95a88a;\">Offenbarung<\/td>\n<\/tr>\n<\/tbody>\n<\/table>\n<p>&nbsp;<\/p>\n<p>&nbsp;<\/p>\n<p>&nbsp;<\/p>\n<p><img loading=\"lazy\" decoding=\"async\" class=\"alignnone wp-image-5037 size-full\" src=\"http:\/\/schnebele.de\/wp-content\/uploads\/2017\/12\/9783868691443_cover_01_1.jpg\" alt=\"\" width=\"900\" height=\"116\" srcset=\"https:\/\/schnebele.de\/wp-content\/uploads\/2017\/12\/9783868691443_cover_01_1.jpg 900w, https:\/\/schnebele.de\/wp-content\/uploads\/2017\/12\/9783868691443_cover_01_1-300x39.jpg 300w, https:\/\/schnebele.de\/wp-content\/uploads\/2017\/12\/9783868691443_cover_01_1-768x99.jpg 768w, https:\/\/schnebele.de\/wp-content\/uploads\/2017\/12\/9783868691443_cover_01_1-250x32.jpg 250w, https:\/\/schnebele.de\/wp-content\/uploads\/2017\/12\/9783868691443_cover_01_1-150x19.jpg 150w\" sizes=\"auto, (max-width: 900px) 100vw, 900px\" \/><\/p>\n<p><img loading=\"lazy\" decoding=\"async\" class=\"size-medium wp-image-5039 alignleft\" src=\"http:\/\/schnebele.de\/wp-content\/uploads\/2017\/12\/9783868691443_cover_01_1-1-225x300.jpg\" alt=\"\" width=\"225\" height=\"300\" srcset=\"https:\/\/schnebele.de\/wp-content\/uploads\/2017\/12\/9783868691443_cover_01_1-1-225x300.jpg 225w, https:\/\/schnebele.de\/wp-content\/uploads\/2017\/12\/9783868691443_cover_01_1-1-768x1024.jpg 768w, https:\/\/schnebele.de\/wp-content\/uploads\/2017\/12\/9783868691443_cover_01_1-1-113x150.jpg 113w, https:\/\/schnebele.de\/wp-content\/uploads\/2017\/12\/9783868691443_cover_01_1-1.jpg 900w\" sizes=\"auto, (max-width: 225px) 100vw, 225px\" \/> <img loading=\"lazy\" decoding=\"async\" class=\"size-medium wp-image-5038 alignleft\" src=\"http:\/\/schnebele.de\/wp-content\/uploads\/2017\/12\/4280000033253-schuber_3-225x300.jpg\" alt=\"\" width=\"225\" height=\"300\" srcset=\"https:\/\/schnebele.de\/wp-content\/uploads\/2017\/12\/4280000033253-schuber_3-225x300.jpg 225w, https:\/\/schnebele.de\/wp-content\/uploads\/2017\/12\/4280000033253-schuber_3-768x1024.jpg 768w, https:\/\/schnebele.de\/wp-content\/uploads\/2017\/12\/4280000033253-schuber_3-113x150.jpg 113w, https:\/\/schnebele.de\/wp-content\/uploads\/2017\/12\/4280000033253-schuber_3.jpg 900w\" sizes=\"auto, (max-width: 225px) 100vw, 225px\" \/><\/p>\n<p><strong>History, Abenteuer, Fantasy<\/strong><\/p>\n<p><strong>Autor:<\/strong> Fran\u00e7ois Bourgeon<br \/>\n<strong>Zeichner: <\/strong>Fran\u00e7ois Bourgeon<br \/>\n<strong>\u00dcbersetzer<\/strong>: Delia W\u00fcllner<\/p>\n<p><strong>Inhalt:<\/strong><\/p>\n<p>W\u00e4hrend der Hundertj\u00e4hrige Krieg im ganzen Land Schrecken und Grauen verbreitet, macht sich ein merkw\u00fcrdiges Trio im mittelalterlichen Frankreich auf den Weg: ein Ritter ohne Namen und Gesicht, Anicet, der dem Tod entrann und die junge Ausgesto\u00dfene Mariotte.<\/p>\n<p>Als die drei im Nebelwald Rast machen und einschlafen, finden sie sich in einem Traumland wieder und m\u00fcssen dort gegen ein m\u00e4chtiges Ungeheuer k\u00e4mpfen.<\/p>\n<p>Bourgeons Meisterwerk ist Fantasy-Epos und mittelalterliches Fresko zugleich, ein echter Klassiker, der in keinem Comicregal fehlen darf!<\/p>\n<table>\n<tbody>\n<tr>\n<td style=\"width: 100px; text-align: center; vertical-align: middle; background-color: #941919;\"><span style=\"color: #ffcc99;\"><strong>Album<\/strong><\/span><\/td>\n<td style=\"text-align: center; vertical-align: middle; background-color: #941919;\"><span style=\"color: #ffcc99;\"><strong>Gef\u00e4hrten der D\u00e4mmerung<\/strong><\/span><\/td>\n<\/tr>\n<tr>\n<td style=\"width: 100px; background-color: #f2dec4;\">Nr. 1<\/td>\n<td style=\"background-color: #f2dec4;\">Im Zauber des Nebelwaldes<\/td>\n<\/tr>\n<tr>\n<td style=\"width: 100px; background-color: #f2dec4;\">Nr. 2<\/td>\n<td style=\"background-color: #f2dec4;\">Die drei Augen der blaugr\u00fcnen Stadt<\/td>\n<\/tr>\n<tr>\n<td style=\"width: 100px; background-color: #f2dec4;\">Nr. 3<\/td>\n<td style=\"background-color: #f2dec4;\">Das Fest der Narren<\/td>\n<\/tr>\n<\/tbody>\n<\/table>\n<p>&nbsp;<\/p>\n<p>&nbsp;<\/p>\n<p>&nbsp;<\/p>\n<p><img loading=\"lazy\" decoding=\"async\" class=\"alignnone wp-image-5042 size-full\" src=\"http:\/\/schnebele.de\/wp-content\/uploads\/2017\/12\/geisseln_von_enharma_01_cover_2-1.jpg\" alt=\"\" width=\"899\" height=\"245\" srcset=\"https:\/\/schnebele.de\/wp-content\/uploads\/2017\/12\/geisseln_von_enharma_01_cover_2-1.jpg 899w, https:\/\/schnebele.de\/wp-content\/uploads\/2017\/12\/geisseln_von_enharma_01_cover_2-1-300x82.jpg 300w, https:\/\/schnebele.de\/wp-content\/uploads\/2017\/12\/geisseln_von_enharma_01_cover_2-1-768x209.jpg 768w, https:\/\/schnebele.de\/wp-content\/uploads\/2017\/12\/geisseln_von_enharma_01_cover_2-1-250x68.jpg 250w, https:\/\/schnebele.de\/wp-content\/uploads\/2017\/12\/geisseln_von_enharma_01_cover_2-1-150x41.jpg 150w\" sizes=\"auto, (max-width: 899px) 100vw, 899px\" \/><\/p>\n<p><img loading=\"lazy\" decoding=\"async\" class=\"size-medium wp-image-5041 alignleft\" src=\"http:\/\/schnebele.de\/wp-content\/uploads\/2017\/12\/geisseln_von_enharma_01_cover_2-225x300.jpg\" alt=\"\" width=\"225\" height=\"300\" srcset=\"https:\/\/schnebele.de\/wp-content\/uploads\/2017\/12\/geisseln_von_enharma_01_cover_2-225x300.jpg 225w, https:\/\/schnebele.de\/wp-content\/uploads\/2017\/12\/geisseln_von_enharma_01_cover_2-768x1024.jpg 768w, https:\/\/schnebele.de\/wp-content\/uploads\/2017\/12\/geisseln_von_enharma_01_cover_2-113x150.jpg 113w, https:\/\/schnebele.de\/wp-content\/uploads\/2017\/12\/geisseln_von_enharma_01_cover_2.jpg 900w\" sizes=\"auto, (max-width: 225px) 100vw, 225px\" \/><\/p>\n<p><strong>Abenteuer, Fantasy<\/strong><\/p>\n<p><strong>Autor:<\/strong> Sylvain Corduri\u00e9<br \/>\n<strong>Zeichner: <\/strong>St\u00e9phane Cr\u00e9ty<br \/>\n<strong>\u00dcbersetzer<\/strong>: Tanja Kr\u00e4mling<\/p>\n<p><strong>Inhalt:<\/strong><\/p>\n<p>Das Reich von Aspech schwebt in gro\u00dfer Gefahr!<br \/>\nEin untoter Hexer ist im Begriff, nach tausendj\u00e4hrigem Schlaf zu erwachen und droht, alles, was auf seinem Weg liegt, zu vernichten.<\/p>\n<p>Um die Gefahr zu bannen, ruft der K\u00f6nig eine Truppe von S\u00f6ldnern zusammen, unter denen sich auch die Abenteurer Emrod, Velia, Perelund und Forn befinden. Die alles andere als begabten, aber daf\u00fcr durchtriebenen K\u00e4mpfer haben die Identit\u00e4t der legend\u00e4ren \u00bbGei\u00dfeln von Enharma\u00ab angenommen, eine auf dem ganzen Kontinent gef\u00fcrchtete Gruppe von M\u00f6rdern.<\/p>\n<p>Doch als es zum Kampf kommt, wird den vier Spa\u00dfv\u00f6geln bewusst, in welch ernste Lage sie sich geritten haben\u2026<\/p>\n<table>\n<tbody>\n<tr>\n<td style=\"width: 100px; text-align: center; vertical-align: middle; background-color: #52afbf;\"><strong>Album<\/strong><\/td>\n<td style=\"text-align: center; vertical-align: middle; background-color: #52afbf;\"><strong>Gei\u00dfeln von Enharma<\/strong><\/td>\n<\/tr>\n<tr>\n<td style=\"width: 100px; background-color: #a7cfc8;\">Nr. 1<\/td>\n<td style=\"background-color: #a7cfc8;\">Die Herkunft der Tapferen<\/td>\n<\/tr>\n<tr>\n<td style=\"width: 100px; background-color: #a7cfc8;\">Nr. 2<\/td>\n<td style=\"background-color: #a7cfc8;\">Das verr\u00fcckte Volk<\/td>\n<\/tr>\n<\/tbody>\n<\/table>\n<p>&nbsp;<\/p>\n<p>&nbsp;<\/p>\n<p>&nbsp;<\/p>\n<p><img loading=\"lazy\" decoding=\"async\" class=\"alignnone wp-image-5044 size-full\" src=\"http:\/\/schnebele.de\/wp-content\/uploads\/2017\/12\/9783868691481_cover_01_1.jpg\" alt=\"\" width=\"899\" height=\"202\" srcset=\"https:\/\/schnebele.de\/wp-content\/uploads\/2017\/12\/9783868691481_cover_01_1.jpg 899w, https:\/\/schnebele.de\/wp-content\/uploads\/2017\/12\/9783868691481_cover_01_1-300x67.jpg 300w, https:\/\/schnebele.de\/wp-content\/uploads\/2017\/12\/9783868691481_cover_01_1-768x173.jpg 768w, https:\/\/schnebele.de\/wp-content\/uploads\/2017\/12\/9783868691481_cover_01_1-250x56.jpg 250w, https:\/\/schnebele.de\/wp-content\/uploads\/2017\/12\/9783868691481_cover_01_1-150x34.jpg 150w\" sizes=\"auto, (max-width: 899px) 100vw, 899px\" \/><\/p>\n<p><img loading=\"lazy\" decoding=\"async\" class=\"size-medium wp-image-5045 alignleft\" src=\"http:\/\/schnebele.de\/wp-content\/uploads\/2017\/12\/9783868691481_cover_01_1-1-225x300.jpg\" alt=\"\" width=\"225\" height=\"300\" srcset=\"https:\/\/schnebele.de\/wp-content\/uploads\/2017\/12\/9783868691481_cover_01_1-1-225x300.jpg 225w, https:\/\/schnebele.de\/wp-content\/uploads\/2017\/12\/9783868691481_cover_01_1-1-768x1024.jpg 768w, https:\/\/schnebele.de\/wp-content\/uploads\/2017\/12\/9783868691481_cover_01_1-1-113x150.jpg 113w, https:\/\/schnebele.de\/wp-content\/uploads\/2017\/12\/9783868691481_cover_01_1-1.jpg 900w\" sizes=\"auto, (max-width: 225px) 100vw, 225px\" \/><\/p>\n<p><strong>Sience Fiction<\/strong><\/p>\n<p><strong>Autor:<\/strong> Xavier Dorison<br \/>\n<strong>Zeichner: <\/strong>Christophe Bec<br \/>\n<strong>\u00dcbersetzer<\/strong>:<\/p>\n<p><strong>Inhalt:<\/strong><\/p>\n<p>Fr\u00fchling 1945.<br \/>\nBerlin ist ein Tr\u00fcmmerfeld. Auf direkten Befehl von Stalin besetzt eine Gruppe Soldaten der Roten Armee ein unscheinbares Geb\u00e4ude, welches jedoch ein Geheimnis verbirgt, das der sowjetische Diktator hei\u00df begehrt.<\/p>\n<p>Juni 2029. Das amerikanische U-Boot USS Nebraska empf\u00e4ngt in den Tiefen des Mittelmeers ein merkw\u00fcrdiges Signal. Als die Besatzung den Sendeort lokalisiert, st\u00f6\u00dft sie auf das Wrack eines sowjetischen U-Boots, das in der N\u00e4he eines gigantischen Artefakts liegt. Doch die Tauchmannschaft, die der Kommandant ausschickt, um dessen Inneres zu erforschen, kehrt nie mehr zur\u00fcck.<\/p>\n<p>Und was als simple Routinemission beginnt, wird zu einem Abstieg in die H\u00f6lle\u2026 Eine Spitzen-SF-Serie vom Erfolgsduo Dorison \/ Bec, spannend bis zur letzten Seite!<\/p>\n<table>\n<tbody>\n<tr>\n<td style=\"background-color: #385c3b;\"><span style=\"color: #ccffcc;\"><strong>Album<\/strong><\/span><\/td>\n<td style=\"background-color: #385c3b;\"><span style=\"color: #ccffcc;\"><strong>Heiligtum<\/strong><\/span><\/td>\n<\/tr>\n<tr>\n<td style=\"background-color: #d9bb96;\">Nr. 1<\/td>\n<td style=\"background-color: #d9bb96;\">USS Nebraska<\/td>\n<\/tr>\n<tr>\n<td style=\"background-color: #d9bb96;\">Nr. 2<\/td>\n<td style=\"background-color: #d9bb96;\">Der Weg in den Abgrund<\/td>\n<\/tr>\n<tr>\n<td style=\"background-color: #d9bb96;\">Nr. 3<\/td>\n<td style=\"background-color: #d9bb96;\">Moth<\/td>\n<\/tr>\n<\/tbody>\n<\/table>\n<p>&nbsp;<\/p>\n<p>&nbsp;<\/p>\n<p>&nbsp;<\/p>\n<p><img loading=\"lazy\" decoding=\"async\" class=\"alignnone wp-image-5048 size-full\" src=\"http:\/\/schnebele.de\/wp-content\/uploads\/2017\/12\/heiligtum_genesis_01_klein_3-1.jpg\" alt=\"\" width=\"898\" height=\"182\" srcset=\"https:\/\/schnebele.de\/wp-content\/uploads\/2017\/12\/heiligtum_genesis_01_klein_3-1.jpg 898w, https:\/\/schnebele.de\/wp-content\/uploads\/2017\/12\/heiligtum_genesis_01_klein_3-1-300x61.jpg 300w, https:\/\/schnebele.de\/wp-content\/uploads\/2017\/12\/heiligtum_genesis_01_klein_3-1-768x156.jpg 768w, https:\/\/schnebele.de\/wp-content\/uploads\/2017\/12\/heiligtum_genesis_01_klein_3-1-250x51.jpg 250w, https:\/\/schnebele.de\/wp-content\/uploads\/2017\/12\/heiligtum_genesis_01_klein_3-1-150x30.jpg 150w\" sizes=\"auto, (max-width: 898px) 100vw, 898px\" \/><\/p>\n<p><img loading=\"lazy\" decoding=\"async\" class=\"size-medium wp-image-5047 alignleft\" src=\"http:\/\/schnebele.de\/wp-content\/uploads\/2017\/12\/heiligtum_genesis_01_klein_3-225x300.jpg\" alt=\"\" width=\"225\" height=\"300\" srcset=\"https:\/\/schnebele.de\/wp-content\/uploads\/2017\/12\/heiligtum_genesis_01_klein_3-225x300.jpg 225w, https:\/\/schnebele.de\/wp-content\/uploads\/2017\/12\/heiligtum_genesis_01_klein_3-768x1024.jpg 768w, https:\/\/schnebele.de\/wp-content\/uploads\/2017\/12\/heiligtum_genesis_01_klein_3-113x150.jpg 113w, https:\/\/schnebele.de\/wp-content\/uploads\/2017\/12\/heiligtum_genesis_01_klein_3.jpg 900w\" sizes=\"auto, (max-width: 225px) 100vw, 225px\" \/><\/p>\n<p><strong>Sience Fiction<\/strong><\/p>\n<p><strong>Autor:<\/strong> Christophe Bec, Philippe Thirault<br \/>\n<strong>Zeichner: <\/strong>Stefano Raffaele<br \/>\n<strong>\u00dcbersetzer<\/strong>: Tanja Kr\u00e4mling<\/p>\n<p><strong>Inhalt:<\/strong><\/p>\n<p>Der packende, klaustrophobische Dreiteiler \u00bbHeiligtum\u00ab von Xavier Dorison und Christophe Bec um die zunehmend verzweifelten Versuche einer U-Boot-Besatzung, dem m\u00f6rderischen Totengott Moth zu entkommen, war gleich zu Anfang dieses Jahrtausends ein gro\u00dfer Horror-Erfolg.<\/p>\n<p>Die Vorgeschichte \u2013 wie und warum \u00fcberhaupt ein archaischer Gott aktuell sein Unwesen treiben konnte \u2013, das allerdings hatten Dorison und Bec seinerzeit nur kurz angerissen.<\/p>\n<p>\u00bbHeiligtum \u2013 Genesis\u00ab holt dieses Vers\u00e4umnis nun nach, Und schnell wird aus der arch\u00e4ologischen Sensation der Wiederentdeckung die mutwillige Wiedererweckung des Grauens&#8230; Ein neuer Gruselschocker, der seinem Bestseller-Vorg\u00e4nger (eigentlich Nachfolger) in nichts nachsteht.<\/p>\n<table>\n<tbody>\n<tr>\n<td style=\"width: 100px; text-align: center; vertical-align: middle; background-color: #13b1bd;\"><strong>Album<\/strong><\/td>\n<td style=\"text-align: center; vertical-align: middle; background-color: #13b1bd;\"><strong>Heiligtum Genesis<\/strong><\/td>\n<\/tr>\n<tr>\n<td style=\"width: 100px; background-color: #bbede9;\">Nr. 1<\/td>\n<td style=\"background-color: #bbede9;\">Buch 1<\/td>\n<\/tr>\n<tr>\n<td style=\"width: 100px; background-color: #bbede9;\">Nr. 2<\/td>\n<td style=\"background-color: #bbede9;\">Buch 2<\/td>\n<\/tr>\n<\/tbody>\n<\/table>\n<p>&nbsp;<\/p>\n<p>&nbsp;<\/p>\n<p><img loading=\"lazy\" decoding=\"async\" class=\"alignnone wp-image-5051 size-full\" src=\"http:\/\/schnebele.de\/wp-content\/uploads\/2017\/12\/herren_von_cornwall_cover01_1-1.jpg\" alt=\"\" width=\"900\" height=\"368\" srcset=\"https:\/\/schnebele.de\/wp-content\/uploads\/2017\/12\/herren_von_cornwall_cover01_1-1.jpg 900w, https:\/\/schnebele.de\/wp-content\/uploads\/2017\/12\/herren_von_cornwall_cover01_1-1-300x123.jpg 300w, https:\/\/schnebele.de\/wp-content\/uploads\/2017\/12\/herren_von_cornwall_cover01_1-1-768x314.jpg 768w, https:\/\/schnebele.de\/wp-content\/uploads\/2017\/12\/herren_von_cornwall_cover01_1-1-250x102.jpg 250w, https:\/\/schnebele.de\/wp-content\/uploads\/2017\/12\/herren_von_cornwall_cover01_1-1-150x61.jpg 150w\" sizes=\"auto, (max-width: 900px) 100vw, 900px\" \/><\/p>\n<p><img loading=\"lazy\" decoding=\"async\" class=\"size-medium wp-image-5050 alignleft\" src=\"http:\/\/schnebele.de\/wp-content\/uploads\/2017\/12\/herren_von_cornwall_cover01_1-225x300.jpg\" alt=\"\" width=\"225\" height=\"300\" srcset=\"https:\/\/schnebele.de\/wp-content\/uploads\/2017\/12\/herren_von_cornwall_cover01_1-225x300.jpg 225w, https:\/\/schnebele.de\/wp-content\/uploads\/2017\/12\/herren_von_cornwall_cover01_1-768x1024.jpg 768w, https:\/\/schnebele.de\/wp-content\/uploads\/2017\/12\/herren_von_cornwall_cover01_1-113x150.jpg 113w, https:\/\/schnebele.de\/wp-content\/uploads\/2017\/12\/herren_von_cornwall_cover01_1.jpg 900w\" sizes=\"auto, (max-width: 225px) 100vw, 225px\" \/><\/p>\n<p><strong>Fantasy, Abenteuer<\/strong><\/p>\n<p><strong>Autor:<\/strong> Sylvain Corduri\u00e9<br \/>\n<strong>Zeichner: <\/strong>Alessio Lapo<br \/>\n<strong>\u00dcbersetzer<\/strong>: Monja Reichert<\/p>\n<p><strong>Inhalt:<\/strong><\/p>\n<p>Vor langer Zeit, als Britannien von blutigen Kriegen heimgesucht wurde, k\u00e4mpft Arthur Pendragon gegen die Pikten, die sein Reich bedrohen.<br \/>\nUnd auch die Skoten machen ihm mit ihren regelm\u00e4\u00dfigen \u00dcberf\u00e4llen das Leben schwer.<\/p>\n<p>Duncan, der K\u00f6nig von Irland, sieht in diesen Invasionen die Chance, einen alten Traum zu verwirklichen: K\u00f6nig Mark zu unterwerfen und Cornwall zu erobern. Ohne Arthurs Schutz jedoch kann Mark einzig auf seinen treuen Gefolgsmann z\u00e4hlen: Rivalen de Loonois\u2026<\/p>\n<p>In diesem Umfeld voller Feindschaften und Intrigen w\u00e4chst Tristan, der Sohn von Rivalen de Loonois auf, dessen tragisches Schicksal ihn f\u00fcr immer kennzeichnen wird.<\/p>\n<table>\n<tbody>\n<tr>\n<td style=\"width: 100px; text-align: center; vertical-align: middle; background-color: #4d3b1b;\"><span style=\"color: #ffcc00;\"><strong>Album<\/strong><\/span><\/td>\n<td style=\"text-align: center; vertical-align: middle; background-color: #4d3b1b;\"><span style=\"color: #ffcc00;\"><strong>Herren von Cornwall<\/strong><\/span><\/td>\n<\/tr>\n<tr>\n<td style=\"width: 100px; background-color: #ebc86a;\">Nr. 1<\/td>\n<td style=\"background-color: #ebc86a;\">Das Blut von Lyonesse<\/td>\n<\/tr>\n<tr>\n<td style=\"width: 100px; background-color: #ebc86a;\">Nr. 2<\/td>\n<td style=\"background-color: #ebc86a;\">Das Patenkind der Feen<\/td>\n<\/tr>\n<tr>\n<td style=\"width: 100px; background-color: #ebc86a;\">Nr. 3<\/td>\n<td style=\"background-color: #ebc86a;\">Leidenschaft und Hass<\/td>\n<\/tr>\n<\/tbody>\n<\/table>\n<p>&nbsp;<\/p>\n<p>&nbsp;<\/p>\n<p><img loading=\"lazy\" decoding=\"async\" class=\"alignnone wp-image-5060 size-full\" src=\"http:\/\/schnebele.de\/wp-content\/uploads\/2017\/12\/konungar_01_cover_1-1.jpg\" alt=\"\" width=\"900\" height=\"293\" srcset=\"https:\/\/schnebele.de\/wp-content\/uploads\/2017\/12\/konungar_01_cover_1-1.jpg 900w, https:\/\/schnebele.de\/wp-content\/uploads\/2017\/12\/konungar_01_cover_1-1-300x98.jpg 300w, https:\/\/schnebele.de\/wp-content\/uploads\/2017\/12\/konungar_01_cover_1-1-768x250.jpg 768w, https:\/\/schnebele.de\/wp-content\/uploads\/2017\/12\/konungar_01_cover_1-1-250x81.jpg 250w, https:\/\/schnebele.de\/wp-content\/uploads\/2017\/12\/konungar_01_cover_1-1-150x49.jpg 150w\" sizes=\"auto, (max-width: 900px) 100vw, 900px\" \/><\/p>\n<p><img loading=\"lazy\" decoding=\"async\" class=\"size-medium wp-image-5056 alignleft\" src=\"http:\/\/schnebele.de\/wp-content\/uploads\/2017\/12\/konungar_01_cover_1-225x300.jpg\" alt=\"\" width=\"225\" height=\"300\" srcset=\"https:\/\/schnebele.de\/wp-content\/uploads\/2017\/12\/konungar_01_cover_1-225x300.jpg 225w, https:\/\/schnebele.de\/wp-content\/uploads\/2017\/12\/konungar_01_cover_1-768x1024.jpg 768w, https:\/\/schnebele.de\/wp-content\/uploads\/2017\/12\/konungar_01_cover_1-113x150.jpg 113w, https:\/\/schnebele.de\/wp-content\/uploads\/2017\/12\/konungar_01_cover_1.jpg 900w\" sizes=\"auto, (max-width: 225px) 100vw, 225px\" \/><\/p>\n<p><strong>Fantasy<\/strong><\/p>\n<p><strong>Autor:<\/strong> Sylvain Runberg<br \/>\n<strong>Zeichner: <\/strong>Juzhen<br \/>\n<strong>\u00dcbersetzer<\/strong>: Tanja Kr\u00e4mling<\/p>\n<p><strong>Inhalt:<\/strong><\/p>\n<p>An den n\u00f6rdlichen Grenzen von Europa, im Reich von Alstavik, ist die Bedrohung allgegenw\u00e4rtig.<br \/>\nDie Zentauren, Erzfeinde der Wikinger, sind im Begriff, deren Festungsmauer zu \u00fcberwinden, die die wackeren Seefahrer seit der letzten Invasion sch\u00fctzen soll.<\/p>\n<p>Indes r\u00fccken vom Meer aus die Kelten aus Moh Ruith n\u00e4her, w\u00e4hrend das Wikingerreich durch einen furchtbaren B\u00fcrgerkrieg geschw\u00e4cht wird. Seit dem Tode des K\u00f6nigs k\u00e4mpfen dessen S\u00f6hne Rildrig und Sigvald um die Thronherrschaft.<\/p>\n<p>Durch die wachsende Gefahr jedoch sind die Br\u00fcder dazu gezwungen, sich zu verb\u00fcnden, um die \u00e4u\u00dfere Bedrohung abzuwehren.<\/p>\n<table>\n<tbody>\n<tr>\n<td style=\"width: 100px; text-align: center; vertical-align: middle; background-color: #425669;\"><span style=\"color: #99ccff;\"><strong>Album<\/strong><\/span><\/td>\n<td style=\"text-align: center; vertical-align: middle; background-color: #425669;\"><strong><span style=\"color: #99ccff;\">Konungar<\/span><\/strong><\/td>\n<\/tr>\n<tr>\n<td style=\"width: 100px; background-color: #9fb4bf;\">Nr. 1<\/td>\n<td style=\"background-color: #9fb4bf;\">Invasion<\/td>\n<\/tr>\n<tr>\n<td style=\"width: 100px; background-color: #9fb4bf;\">Nr. 2<\/td>\n<td style=\"background-color: #9fb4bf;\">Die Krieger des Nichts<\/td>\n<\/tr>\n<tr>\n<td style=\"width: 100px; background-color: #9fb4bf;\">Nr. 3<\/td>\n<td style=\"background-color: #9fb4bf;\">Strafe<\/td>\n<\/tr>\n<\/tbody>\n<\/table>\n<p>&nbsp;<\/p>\n<p>&nbsp;<\/p>\n<p>&nbsp;<\/p>\n<p><img loading=\"lazy\" decoding=\"async\" class=\"alignnone wp-image-5061 size-full\" src=\"http:\/\/schnebele.de\/wp-content\/uploads\/2017\/12\/9783940864376-interior-1-1.jpg\" alt=\"\" width=\"900\" height=\"319\" srcset=\"https:\/\/schnebele.de\/wp-content\/uploads\/2017\/12\/9783940864376-interior-1-1.jpg 900w, https:\/\/schnebele.de\/wp-content\/uploads\/2017\/12\/9783940864376-interior-1-1-300x106.jpg 300w, https:\/\/schnebele.de\/wp-content\/uploads\/2017\/12\/9783940864376-interior-1-1-768x272.jpg 768w, https:\/\/schnebele.de\/wp-content\/uploads\/2017\/12\/9783940864376-interior-1-1-250x89.jpg 250w, https:\/\/schnebele.de\/wp-content\/uploads\/2017\/12\/9783940864376-interior-1-1-150x53.jpg 150w\" sizes=\"auto, (max-width: 900px) 100vw, 900px\" \/><\/p>\n<p><img loading=\"lazy\" decoding=\"async\" class=\"size-medium wp-image-5058 alignleft\" src=\"http:\/\/schnebele.de\/wp-content\/uploads\/2017\/12\/9783940864376-interior-1-225x300.jpg\" alt=\"\" width=\"225\" height=\"300\" srcset=\"https:\/\/schnebele.de\/wp-content\/uploads\/2017\/12\/9783940864376-interior-1-225x300.jpg 225w, https:\/\/schnebele.de\/wp-content\/uploads\/2017\/12\/9783940864376-interior-1-768x1024.jpg 768w, https:\/\/schnebele.de\/wp-content\/uploads\/2017\/12\/9783940864376-interior-1-113x150.jpg 113w, https:\/\/schnebele.de\/wp-content\/uploads\/2017\/12\/9783940864376-interior-1.jpg 900w\" sizes=\"auto, (max-width: 225px) 100vw, 225px\" \/> <img loading=\"lazy\" decoding=\"async\" class=\"alignleft wp-image-5059\" src=\"http:\/\/schnebele.de\/wp-content\/uploads\/2017\/12\/kreuzzug-Schuber.jpg\" alt=\"\" width=\"225\" height=\"300\" srcset=\"https:\/\/schnebele.de\/wp-content\/uploads\/2017\/12\/kreuzzug-Schuber.jpg 210w, https:\/\/schnebele.de\/wp-content\/uploads\/2017\/12\/kreuzzug-Schuber-113x150.jpg 113w\" sizes=\"auto, (max-width: 225px) 100vw, 225px\" \/><\/p>\n<p><strong>History, Abenteuer<\/strong><\/p>\n<p><strong>Autor:<\/strong> Jean Dufaux<br \/>\n<strong>Zeichner: <\/strong>Philippe Xavier<strong><br \/>\n<\/strong><strong>\u00dcbersetzer<\/strong>: Resel Rebiersch<\/p>\n<p><strong>Inhalt:<\/strong><\/p>\n<p>Im Heiligen Land droht ein neuer Krieg auszubrechen.<br \/>\nAngef\u00fchrt von Gregor von Arkos und dem finsteren Herzog von Tarent r\u00fcsten sich die Kreuzritter, die Stadt Hierus Halem zu erobern und der Kontrolle des Sultans Ab\u2019dul Rasim zu entrei\u00dfen.<\/p>\n<p>Der tapfere Gunther von Flandern, Gregors Schwiegersohn, stellt sich jedoch diesem neuen und in seinen Augen irrsinnigen Feldzug entgegen.<\/p>\n<p>Indes schmiedet im Schatten dieser Ereignisse der D\u00e4mon Qa\u2019dj dunkle Pl\u00e4ne, um sich der Seelen der Krieger zu bem\u00e4chtigen. Gro\u00dfe Herausforderungen erwarten Gunther und die ebenso sch\u00f6ne wie eigensinnige Syria von Arkos beim Kampf gegen die Kriegsherren und dunklen M\u00e4chte\u2026<\/p>\n<table>\n<tbody>\n<tr>\n<td style=\"width: 100px; text-align: center; vertical-align: middle; background-color: #911c1c;\"><span style=\"color: #ffcc00;\"><strong>Album<\/strong><\/span><\/td>\n<td style=\"text-align: center; vertical-align: middle; background-color: #911c1c;\"><span style=\"color: #ffcc00;\"><strong>Kreuzzug<\/strong><\/span><\/td>\n<\/tr>\n<tr>\n<td style=\"width: 100px; background-color: #eda43e;\">Nr. 1<\/td>\n<td style=\"background-color: #eda43e;\">Simoun Dja<\/td>\n<\/tr>\n<tr>\n<td style=\"width: 100px; background-color: #eda43e;\">Nr. 2<\/td>\n<td style=\"background-color: #eda43e;\">Der Qa\u2019dj<\/td>\n<\/tr>\n<tr>\n<td style=\"width: 100px; background-color: #eda43e;\">Nr. 3<\/td>\n<td style=\"background-color: #eda43e;\">Herr der Maschinen<\/td>\n<\/tr>\n<tr>\n<td style=\"width: 100px; background-color: #eda43e;\">Nr. 4<\/td>\n<td style=\"background-color: #eda43e;\">Die Feuertrichter<\/td>\n<\/tr>\n<tr>\n<td style=\"width: 100px; background-color: #eda43e;\">Nr. 5<\/td>\n<td style=\"background-color: #eda43e;\">Gunther von Flandern<\/td>\n<\/tr>\n<tr>\n<td style=\"width: 100px; background-color: #eda43e;\">Nr. 6<\/td>\n<td style=\"background-color: #eda43e;\">Sybille<\/td>\n<\/tr>\n<tr>\n<td style=\"width: 100px; background-color: #eda43e;\">Nr. 7<\/td>\n<td style=\"background-color: #eda43e;\">Der Herr der W\u00fcste<\/td>\n<\/tr>\n<tr>\n<td style=\"width: 100px; background-color: #eda43e;\">Nr. 8<\/td>\n<td style=\"background-color: #eda43e;\">Der letzte Atemzug<\/td>\n<\/tr>\n<\/tbody>\n<\/table>\n<p>&nbsp;<\/p>\n<p>&nbsp;<\/p>\n<p>&nbsp;<\/p>\n<p><img loading=\"lazy\" decoding=\"async\" class=\"alignnone wp-image-5064 size-full\" src=\"http:\/\/schnebele.de\/wp-content\/uploads\/2017\/12\/lancelot_01_cover_1-1.jpg\" alt=\"\" width=\"900\" height=\"267\" srcset=\"https:\/\/schnebele.de\/wp-content\/uploads\/2017\/12\/lancelot_01_cover_1-1.jpg 900w, https:\/\/schnebele.de\/wp-content\/uploads\/2017\/12\/lancelot_01_cover_1-1-300x89.jpg 300w, https:\/\/schnebele.de\/wp-content\/uploads\/2017\/12\/lancelot_01_cover_1-1-768x228.jpg 768w, https:\/\/schnebele.de\/wp-content\/uploads\/2017\/12\/lancelot_01_cover_1-1-250x74.jpg 250w, https:\/\/schnebele.de\/wp-content\/uploads\/2017\/12\/lancelot_01_cover_1-1-150x45.jpg 150w\" sizes=\"auto, (max-width: 900px) 100vw, 900px\" \/><\/p>\n<p><img loading=\"lazy\" decoding=\"async\" class=\"size-medium wp-image-5063 alignleft\" src=\"http:\/\/schnebele.de\/wp-content\/uploads\/2017\/12\/lancelot_01_cover_1-225x300.jpg\" alt=\"\" width=\"225\" height=\"300\" srcset=\"https:\/\/schnebele.de\/wp-content\/uploads\/2017\/12\/lancelot_01_cover_1-225x300.jpg 225w, https:\/\/schnebele.de\/wp-content\/uploads\/2017\/12\/lancelot_01_cover_1-768x1024.jpg 768w, https:\/\/schnebele.de\/wp-content\/uploads\/2017\/12\/lancelot_01_cover_1-113x150.jpg 113w, https:\/\/schnebele.de\/wp-content\/uploads\/2017\/12\/lancelot_01_cover_1.jpg 900w\" sizes=\"auto, (max-width: 225px) 100vw, 225px\" \/><\/p>\n<p><strong>Fantasy, Abenteuer<\/strong><\/p>\n<p><strong>Autor:<\/strong> Jean-Luc Istin<br \/>\n<strong>Zeichner:<\/strong> Alexe<br \/>\n<strong>\u00dcbersetzer: <\/strong>Resel Rebiersch<\/p>\n<p><strong>Inhalt:<\/strong><\/p>\n<p>Wir befinden uns in einer finsteren \u00c4ra. Der eidbr\u00fcchige Feudalherr Claudas \u00fcberf\u00e4llt das Land seines Feindes, Ban von Benwick, und belagert dessen Schloss. Beim Versuch, Hilfe von K\u00f6nig Arthur zu erbitten, kommt Ban ums Leben. Sein einziges Kind bleibt bei Viviane, der Herrin vom See und H\u00fcterin des mythischen Ortes Avalon.<\/p>\n<p>Damit erf\u00fcllt sich eine uralte Prophezeiung. Doch im Gegensatz zur Vorhersage ist das Kind kein Junge, sondern ein M\u00e4dchen. Viviane setzt alles daran, dass die Prophezeiung dennoch ihren Lauf nimmt; das Kind des K\u00f6nigs muss der K\u00e4mpfer werden, den die Bretonen so sehnlich erwarten. Dem K\u00e4mpfer, dessen Name Legende ist: Lancelot!<\/p>\n<p>Die neue Serie von Star-Autor Jean-Luc Istin (Die Druiden, Das F\u00fcnfte Evangelium, Das Reich Sienn), eine Interpretation der Artus-Sage, wie es noch keine gab!<\/p>\n<table>\n<tbody>\n<tr>\n<td style=\"width: 100px; text-align: center; vertical-align: middle; background-color: #cfa470;\"><span style=\"color: #800000;\"><strong>Album<\/strong><\/span><\/td>\n<td style=\"text-align: center; vertical-align: middle; background-color: #cfa470;\"><span style=\"color: #800000;\"><strong>Lancelot<\/strong><\/span><\/td>\n<\/tr>\n<tr>\n<td style=\"width: 100px; background-color: #ebd2b5;\">Nr. 1<\/td>\n<td style=\"background-color: #ebd2b5;\">Claudas vom W\u00fcsten Land<\/td>\n<\/tr>\n<tr>\n<td style=\"width: 100px; background-color: #ebd2b5;\">Nr. 2<\/td>\n<td style=\"background-color: #ebd2b5;\">Iweret<\/td>\n<\/tr>\n<tr>\n<td style=\"width: 100px; background-color: #ebd2b5;\">Nr. 3<\/td>\n<td style=\"background-color: #ebd2b5;\">Morgane<\/td>\n<\/tr>\n<tr>\n<td style=\"width: 100px; background-color: #ebd2b5;\">Nr. 4<\/td>\n<td style=\"background-color: #ebd2b5;\">Arthur<\/td>\n<\/tr>\n<\/tbody>\n<\/table>\n<p>&nbsp;<\/p>\n<p>&nbsp;<\/p>\n<p><img loading=\"lazy\" decoding=\"async\" class=\"alignnone wp-image-5068 size-full\" src=\"http:\/\/schnebele.de\/wp-content\/uploads\/2017\/12\/9783868690217-interior-1-1.jpg\" alt=\"\" width=\"900\" height=\"242\" srcset=\"https:\/\/schnebele.de\/wp-content\/uploads\/2017\/12\/9783868690217-interior-1-1.jpg 900w, https:\/\/schnebele.de\/wp-content\/uploads\/2017\/12\/9783868690217-interior-1-1-300x81.jpg 300w, https:\/\/schnebele.de\/wp-content\/uploads\/2017\/12\/9783868690217-interior-1-1-768x207.jpg 768w, https:\/\/schnebele.de\/wp-content\/uploads\/2017\/12\/9783868690217-interior-1-1-250x67.jpg 250w, https:\/\/schnebele.de\/wp-content\/uploads\/2017\/12\/9783868690217-interior-1-1-150x40.jpg 150w\" sizes=\"auto, (max-width: 900px) 100vw, 900px\" \/><\/p>\n<p><img loading=\"lazy\" decoding=\"async\" class=\"size-medium wp-image-5066 alignleft\" src=\"http:\/\/schnebele.de\/wp-content\/uploads\/2017\/12\/9783868690217-interior-1-225x300.jpg\" alt=\"\" width=\"225\" height=\"300\" srcset=\"https:\/\/schnebele.de\/wp-content\/uploads\/2017\/12\/9783868690217-interior-1-225x300.jpg 225w, https:\/\/schnebele.de\/wp-content\/uploads\/2017\/12\/9783868690217-interior-1-768x1024.jpg 768w, https:\/\/schnebele.de\/wp-content\/uploads\/2017\/12\/9783868690217-interior-1-113x150.jpg 113w, https:\/\/schnebele.de\/wp-content\/uploads\/2017\/12\/9783868690217-interior-1.jpg 900w\" sizes=\"auto, (max-width: 225px) 100vw, 225px\" \/> <img loading=\"lazy\" decoding=\"async\" class=\"alignleft wp-image-5067\" src=\"http:\/\/schnebele.de\/wp-content\/uploads\/2017\/12\/mal.jpg\" alt=\"\" width=\"225\" height=\"300\" srcset=\"https:\/\/schnebele.de\/wp-content\/uploads\/2017\/12\/mal.jpg 120w, https:\/\/schnebele.de\/wp-content\/uploads\/2017\/12\/mal-113x150.jpg 113w\" sizes=\"auto, (max-width: 225px) 100vw, 225px\" \/><\/p>\n<p><strong>History<\/strong><\/p>\n<p><strong>Autor:<\/strong> Eric Stalner<br \/>\n<strong>Zeichner:<\/strong> Eric Stalner<br \/>\n<strong>\u00dcbersetzer: <\/strong>Tanja Kr\u00e4mling<\/p>\n<p><strong>Inhalt:<\/strong><\/p>\n<p>Im 13. Jahrhundert, 30 Jahre nachdem die s\u00fcdfranz\u00f6sischen Albigenser w\u00e4hrend eines verheerenden Kreuzzugs beinahe ausgerottet wurden, f\u00fchrt die junge Anthea einen verzweifelten Kampf gegen die Inquisition.<\/p>\n<p>Auf ihrer Flucht begegnet sie im Herzen des Waldes Hohenstein dem Grafen Colbus de Malemort, den ein d\u00fcsteres Geheimnis umgibt.<br \/>\nDenn Malemort ist ein Vampir und damit ebenso Zielscheibe der Verfolgung. Anthea verf\u00e4llt seinem Charme und erkennt bald, dass ihre unm\u00f6gliche Liebe nur dann eine Zukunft hat, wenn sie ihre Menschlichkeit aufgibt und selbst zur Untoten wird.<\/p>\n<table>\n<tbody>\n<tr>\n<td style=\"width: 100px; text-align: center; vertical-align: middle; background-color: #20472c;\"><span style=\"color: #ccffcc;\"><strong>Album<\/strong><\/span><\/td>\n<td style=\"text-align: center; vertical-align: middle; background-color: #20472c;\"><span style=\"color: #ccffcc;\"><strong>Legende von Malemort<\/strong><\/span><\/td>\n<\/tr>\n<tr>\n<td style=\"width: 100px; background-color: #909e9b;\">Nr. 1<\/td>\n<td style=\"background-color: #909e9b;\">Unter dem Mondlicht<\/td>\n<\/tr>\n<tr>\n<td style=\"width: 100px; background-color: #909e9b;\">Nr. 2<\/td>\n<td style=\"background-color: #909e9b;\">Das Tor des Vergessens<\/td>\n<\/tr>\n<tr>\n<td style=\"width: 100px; background-color: #909e9b;\">Nr. 3<\/td>\n<td style=\"background-color: #909e9b;\">Das Blutopfer<\/td>\n<\/tr>\n<tr>\n<td style=\"width: 100px; background-color: #909e9b;\">Nr. 4<\/td>\n<td style=\"background-color: #909e9b;\">Sobald die Nacht anbricht<\/td>\n<\/tr>\n<tr>\n<td style=\"width: 100px; background-color: #909e9b;\">Nr. 5<\/td>\n<td style=\"background-color: #909e9b;\">Die Ankunft des Teufels<\/td>\n<\/tr>\n<tr>\n<td style=\"width: 100px; background-color: #909e9b;\">Nr. 6<\/td>\n<td style=\"background-color: #909e9b;\">In alle Ewigkeit<\/td>\n<\/tr>\n<\/tbody>\n<\/table>\n<p>&nbsp;<\/p>\n<p>&nbsp;<\/p>\n<p><img loading=\"lazy\" decoding=\"async\" class=\"alignnone wp-image-5070 size-full\" src=\"http:\/\/schnebele.de\/wp-content\/uploads\/2017\/12\/mann_der_keine_waffen_01_cover_1.jpg\" alt=\"\" width=\"900\" height=\"239\" srcset=\"https:\/\/schnebele.de\/wp-content\/uploads\/2017\/12\/mann_der_keine_waffen_01_cover_1.jpg 900w, https:\/\/schnebele.de\/wp-content\/uploads\/2017\/12\/mann_der_keine_waffen_01_cover_1-300x80.jpg 300w, https:\/\/schnebele.de\/wp-content\/uploads\/2017\/12\/mann_der_keine_waffen_01_cover_1-768x204.jpg 768w, https:\/\/schnebele.de\/wp-content\/uploads\/2017\/12\/mann_der_keine_waffen_01_cover_1-250x66.jpg 250w, https:\/\/schnebele.de\/wp-content\/uploads\/2017\/12\/mann_der_keine_waffen_01_cover_1-150x40.jpg 150w\" sizes=\"auto, (max-width: 900px) 100vw, 900px\" \/><\/p>\n<p><img loading=\"lazy\" decoding=\"async\" class=\"size-medium wp-image-5071 alignleft\" src=\"http:\/\/schnebele.de\/wp-content\/uploads\/2017\/12\/mann_der_keine_waffen_01_cover_1-1-225x300.jpg\" alt=\"\" width=\"225\" height=\"300\" srcset=\"https:\/\/schnebele.de\/wp-content\/uploads\/2017\/12\/mann_der_keine_waffen_01_cover_1-1-225x300.jpg 225w, https:\/\/schnebele.de\/wp-content\/uploads\/2017\/12\/mann_der_keine_waffen_01_cover_1-1-768x1024.jpg 768w, https:\/\/schnebele.de\/wp-content\/uploads\/2017\/12\/mann_der_keine_waffen_01_cover_1-1-113x150.jpg 113w, https:\/\/schnebele.de\/wp-content\/uploads\/2017\/12\/mann_der_keine_waffen_01_cover_1-1.jpg 900w\" sizes=\"auto, (max-width: 225px) 100vw, 225px\" \/><\/p>\n<p><strong>Western<\/strong><\/p>\n<p><strong>Autor:<\/strong>&nbsp;Wilfrid Lupano<br \/>\n<strong>Zeichner:<\/strong>&nbsp;Paul Salomone<br \/>\n<strong>\u00dcbersetzer: <\/strong>Tanja Kr\u00e4mling<\/p>\n<p><strong>Inhalt:<\/strong><\/p>\n<p>Arizona, 1899. Zwei M\u00e4nner reisen durch die gl\u00fchendhei\u00dfe W\u00fcste. Der manierliche, britische Lord und Firmenanwalt Byron Peck, der keine Schusswaffen mag, aber nichts an der Verwendung von Dynamit auszusetzen hat, und sein Begleiter, der furchteinfl\u00f6\u00dfende Koloss Knut Hoggaard, der offensichtlich unter einer Sprachst\u00f6rung leidet.<\/p>\n<p>Das ungleiche Paar ist auf der Suche nach einem geheimnisvollen Papier, das f\u00fcr immer den Lauf der Geschichte der Vereinigten Staaten ver\u00e4ndern k\u00f6nnte. In derselben Absicht schlie\u00dft sich die hinterlistige Margot de Garine, die ihren weiblichen Charme richtig zu (miss)brauchen wei\u00df, mit einer Bande blutr\u00fcnstiger Mexikaner zusammen, die ohne Glauben und Moral sind\u2026 und vor allem ohne Gnade, wie sich bald herausstellt!<\/p>\n<p>Ein packender Western voller Humor und Abenteuer!<\/p>\n<table>\n<tbody>\n<tr>\n<td style=\"width: 100px; text-align: center; vertical-align: middle; background-color: #703131;\"><span style=\"color: #ffcc99;\"><strong>Album<\/strong><\/span><\/td>\n<td style=\"text-align: center; vertical-align: middle; background-color: #703131;\"><span style=\"color: #ffcc99;\"><strong>Der Mann der keine Feuerwaffen mochte<\/strong><\/span><\/td>\n<\/tr>\n<tr>\n<td style=\"width: 100px; background-color: #edd6bb;\">Nr. 1<\/td>\n<td style=\"background-color: #edd6bb;\">Blaue Bohnensuppe<\/td>\n<\/tr>\n<tr>\n<td style=\"width: 100px; background-color: #edd6bb;\">Nr. 2<\/td>\n<td style=\"background-color: #edd6bb;\">Der Weg nach Madison<\/td>\n<\/tr>\n<tr>\n<td style=\"width: 100px; background-color: #edd6bb;\">Nr. 3<\/td>\n<td style=\"background-color: #edd6bb;\">&nbsp;Das Geheimnis der Spinnenfrau<\/td>\n<\/tr>\n<tr>\n<td style=\"width: 100px; background-color: #edd6bb;\">Nr. 4<\/td>\n<td style=\"background-color: #edd6bb;\">Das Recht des St\u00e4rkeren<\/td>\n<\/tr>\n<\/tbody>\n<\/table>\n<p>&nbsp;<\/p>\n<p>&nbsp;<\/p>\n<p><img loading=\"lazy\" decoding=\"async\" class=\"alignnone wp-image-5074 size-full\" src=\"http:\/\/schnebele.de\/wp-content\/uploads\/2017\/12\/pik_as_01_cover_1-1.jpg\" alt=\"\" width=\"900\" height=\"179\" srcset=\"https:\/\/schnebele.de\/wp-content\/uploads\/2017\/12\/pik_as_01_cover_1-1.jpg 900w, https:\/\/schnebele.de\/wp-content\/uploads\/2017\/12\/pik_as_01_cover_1-1-300x60.jpg 300w, https:\/\/schnebele.de\/wp-content\/uploads\/2017\/12\/pik_as_01_cover_1-1-768x153.jpg 768w, https:\/\/schnebele.de\/wp-content\/uploads\/2017\/12\/pik_as_01_cover_1-1-250x50.jpg 250w, https:\/\/schnebele.de\/wp-content\/uploads\/2017\/12\/pik_as_01_cover_1-1-150x30.jpg 150w\" sizes=\"auto, (max-width: 900px) 100vw, 900px\" \/><\/p>\n<p><img loading=\"lazy\" decoding=\"async\" class=\"size-medium wp-image-5073 alignleft\" src=\"http:\/\/schnebele.de\/wp-content\/uploads\/2017\/12\/pik_as_01_cover_1-225x300.jpg\" alt=\"\" width=\"225\" height=\"300\" srcset=\"https:\/\/schnebele.de\/wp-content\/uploads\/2017\/12\/pik_as_01_cover_1-225x300.jpg 225w, https:\/\/schnebele.de\/wp-content\/uploads\/2017\/12\/pik_as_01_cover_1-768x1024.jpg 768w, https:\/\/schnebele.de\/wp-content\/uploads\/2017\/12\/pik_as_01_cover_1-113x150.jpg 113w, https:\/\/schnebele.de\/wp-content\/uploads\/2017\/12\/pik_as_01_cover_1.jpg 900w\" sizes=\"auto, (max-width: 225px) 100vw, 225px\" \/><\/p>\n<p><strong>Fantasy, Spannung<\/strong><\/p>\n<p><strong>Autor:<\/strong> Thierry Gloris<br \/>\n<strong>Zeichner:<\/strong> Jacques Lamontagne<br \/>\n<strong>\u00dcbersetzer: <\/strong>Tanja Kr\u00e4mling<\/p>\n<p><strong>Inhalt:<\/strong><\/p>\n<p>Auguste Dupin, der akribische, eigenbr\u00f6tlerische Erforscher des Paranormalen, soll das Verschwinden einer Zwergin untersuchen, die sich als ber\u00fchmtes Medium entpuppt.<\/p>\n<p>Unterst\u00fctzt wird er dabei von seiner ebenso schlauen wie impulsiven Assistentin und Sch\u00fclerin, Flora Vernet. Ein ungleiches Paar, das sich zusammenraufen muss, um es mit den abscheulichen Pl\u00e4nen eines mysteri\u00f6sen Geheimbundes aufzunehmen.<\/p>\n<p>Und dann tritt noch ein seltsamer Kunde auf den Plan, der sich nicht abwimmeln l\u00e4sst&#8230; F\u00fcr Flora die Chance, sich zu beweisen?<\/p>\n<p>Die lebendigen und dynamischen Zeichnungen von Jacques Lamontagne (\u00bbDie Druiden\u00ab) und das am\u00fcsante, hochspannende Szenario von Thierry Gloris machen aus \u00bbPik As\u00ab eine der originellsten Detektivgeschichten, die es im Comic bislang gegeben hat.<\/p>\n<table>\n<tbody>\n<tr>\n<td style=\"width: 100px; text-align: center; vertical-align: middle; background-color: #3b2e21;\"><span style=\"color: #ffcc99;\"><strong>Album<\/strong><\/span><\/td>\n<td style=\"text-align: center; vertical-align: middle; background-color: #3b2e21;\"><span style=\"color: #ffcc99;\"><strong>Pik As<\/strong><\/span><\/td>\n<\/tr>\n<tr>\n<td style=\"width: 100px; background-color: #dbb053;\">Nr. 1<\/td>\n<td style=\"background-color: #dbb053;\">Die Parapsychologin<\/td>\n<\/tr>\n<tr>\n<td style=\"width: 100px; background-color: #dbb053;\">Nr. 2<\/td>\n<td style=\"background-color: #dbb053;\">S\u00fc\u00dfes Laster<\/td>\n<\/tr>\n<tr>\n<td style=\"width: 100px; background-color: #dbb053;\">Nr. 3<\/td>\n<td style=\"background-color: #dbb053;\">Zwei indianische Sch\u2018tis<\/td>\n<\/tr>\n<tr>\n<td style=\"width: 100px; background-color: #dbb053;\">Nr. 4<\/td>\n<td style=\"background-color: #dbb053;\">Im Variet\u00e9 der Vampire<\/td>\n<\/tr>\n<tr>\n<td style=\"width: 100px; background-color: #dbb053;\">Nr. 5<\/td>\n<td style=\"background-color: #dbb053;\">Mord in der Oper<\/td>\n<\/tr>\n<tr>\n<td style=\"width: 100px; background-color: #dbb053;\">Nr. 6<\/td>\n<td style=\"background-color: #dbb053;\">&nbsp;Geister-Rhapsodie<\/td>\n<\/tr>\n<tr>\n<td style=\"width: 100px; background-color: #dbb053;\">Nr. 7<\/td>\n<td style=\"background-color: #dbb053;\">Eine Mumie zum Tee<\/td>\n<\/tr>\n<tr>\n<td style=\"width: 100px; background-color: #dbb053;\">Nr. 8<\/td>\n<td style=\"background-color: #dbb053;\">Drei kleine Tricks und dann nichts wie weg<\/td>\n<\/tr>\n<\/tbody>\n<\/table>\n<p>&nbsp;<\/p>\n<p>&nbsp;<\/p>\n<p>&nbsp;<\/p>\n<p><img loading=\"lazy\" decoding=\"async\" class=\"alignnone wp-image-5076 size-full\" src=\"http:\/\/schnebele.de\/wp-content\/uploads\/2017\/12\/9783868690620-interior-1.jpg\" alt=\"\" width=\"900\" height=\"222\" srcset=\"https:\/\/schnebele.de\/wp-content\/uploads\/2017\/12\/9783868690620-interior-1.jpg 900w, https:\/\/schnebele.de\/wp-content\/uploads\/2017\/12\/9783868690620-interior-1-300x74.jpg 300w, https:\/\/schnebele.de\/wp-content\/uploads\/2017\/12\/9783868690620-interior-1-768x189.jpg 768w, https:\/\/schnebele.de\/wp-content\/uploads\/2017\/12\/9783868690620-interior-1-250x62.jpg 250w, https:\/\/schnebele.de\/wp-content\/uploads\/2017\/12\/9783868690620-interior-1-150x37.jpg 150w\" sizes=\"auto, (max-width: 900px) 100vw, 900px\" \/><\/p>\n<p><img loading=\"lazy\" decoding=\"async\" class=\"size-medium wp-image-5077 alignleft\" src=\"http:\/\/schnebele.de\/wp-content\/uploads\/2017\/12\/9783868690620-interior-1-1-225x300.jpg\" alt=\"\" width=\"225\" height=\"300\" srcset=\"https:\/\/schnebele.de\/wp-content\/uploads\/2017\/12\/9783868690620-interior-1-1-225x300.jpg 225w, https:\/\/schnebele.de\/wp-content\/uploads\/2017\/12\/9783868690620-interior-1-1-768x1024.jpg 768w, https:\/\/schnebele.de\/wp-content\/uploads\/2017\/12\/9783868690620-interior-1-1-113x150.jpg 113w, https:\/\/schnebele.de\/wp-content\/uploads\/2017\/12\/9783868690620-interior-1-1.jpg 900w\" sizes=\"auto, (max-width: 225px) 100vw, 225px\" \/> <img loading=\"lazy\" decoding=\"async\" class=\"size-medium wp-image-5078 alignleft\" src=\"http:\/\/schnebele.de\/wp-content\/uploads\/2017\/12\/4280000033192-schuber-225x300.jpg\" alt=\"\" width=\"225\" height=\"300\" srcset=\"https:\/\/schnebele.de\/wp-content\/uploads\/2017\/12\/4280000033192-schuber-225x300.jpg 225w, https:\/\/schnebele.de\/wp-content\/uploads\/2017\/12\/4280000033192-schuber-768x1024.jpg 768w, https:\/\/schnebele.de\/wp-content\/uploads\/2017\/12\/4280000033192-schuber-113x150.jpg 113w, https:\/\/schnebele.de\/wp-content\/uploads\/2017\/12\/4280000033192-schuber.jpg 900w\" sizes=\"auto, (max-width: 225px) 100vw, 225px\" \/><\/p>\n<p><strong>Fantasy, Mystery<\/strong><\/p>\n<p><strong>Autor:<\/strong> Xavier Dorison<br \/>\n<strong>Zeichner:<\/strong> Mathieu Lauffray<br \/>\n<strong>\u00dcbersetzer: <\/strong>Delia W\u00fcllner<\/p>\n<p><strong>Inhalt:<\/strong><\/p>\n<p>Irgendwo hoch im Himalaja entdecken Forscher der Miscatonic Universit\u00e4t ein gigantisches, 8.000 Jahre altes Artefeakt mit bizarren, grauenhaften Verzierungen.<\/p>\n<p>Nur einer der Forscher, Jack Stanton, kommt lebend in die Zivilisation zur\u00fcck und schreibt ein Buch \u00fcber den sensationellen Fund. Aber die Entdeckung hat verheerende Folgen \u2013 f\u00fcr Jack, und vielleicht f\u00fcr die ganze Welt.<\/p>\n<p>Die Zeichen stehen auf Apokalypse, aber niemand will es wahrhaben, am wenigsten Jack selbst.<\/p>\n<table>\n<tbody>\n<tr>\n<td style=\"width: 100px; text-align: center; vertical-align: middle; background-color: #23730d;\"><span style=\"color: #ccffcc;\"><strong>Album<\/strong><\/span><\/td>\n<td style=\"text-align: center; vertical-align: middle; background-color: #23730d;\"><span style=\"color: #ccffcc;\"><strong>Prophet<\/strong><\/span><\/td>\n<\/tr>\n<tr>\n<td style=\"width: 100px; background-color: #c1d19d;\">Nr. 1<\/td>\n<td style=\"background-color: #c1d19d;\">Ante Genesem<\/td>\n<\/tr>\n<tr>\n<td style=\"width: 100px; background-color: #c1d19d;\">Nr. 2<\/td>\n<td style=\"background-color: #c1d19d;\">Infernum in Terra<\/td>\n<\/tr>\n<tr>\n<td style=\"width: 100px; background-color: #c1d19d;\">Nr. 3<\/td>\n<td style=\"background-color: #c1d19d;\">Pater Tenebrarum<\/td>\n<\/tr>\n<tr>\n<td style=\"width: 100px; background-color: #c1d19d;\">Nr. 4<\/td>\n<td style=\"background-color: #c1d19d;\">&nbsp;De Profondis<\/td>\n<\/tr>\n<\/tbody>\n<\/table>\n<p>&nbsp;<\/p>\n<p>&nbsp;<\/p>\n<p><img loading=\"lazy\" decoding=\"async\" class=\"alignnone wp-image-5081 size-full\" src=\"http:\/\/schnebele.de\/wp-content\/uploads\/2017\/12\/9783868690903_cover-1.jpg\" alt=\"\" width=\"900\" height=\"242\" srcset=\"https:\/\/schnebele.de\/wp-content\/uploads\/2017\/12\/9783868690903_cover-1.jpg 900w, https:\/\/schnebele.de\/wp-content\/uploads\/2017\/12\/9783868690903_cover-1-300x81.jpg 300w, https:\/\/schnebele.de\/wp-content\/uploads\/2017\/12\/9783868690903_cover-1-768x207.jpg 768w, https:\/\/schnebele.de\/wp-content\/uploads\/2017\/12\/9783868690903_cover-1-250x67.jpg 250w, https:\/\/schnebele.de\/wp-content\/uploads\/2017\/12\/9783868690903_cover-1-150x40.jpg 150w\" sizes=\"auto, (max-width: 900px) 100vw, 900px\" \/><\/p>\n<p><img loading=\"lazy\" decoding=\"async\" class=\"size-medium wp-image-5080 alignleft\" src=\"http:\/\/schnebele.de\/wp-content\/uploads\/2017\/12\/9783868690903_cover-225x300.jpg\" alt=\"\" width=\"225\" height=\"300\" srcset=\"https:\/\/schnebele.de\/wp-content\/uploads\/2017\/12\/9783868690903_cover-225x300.jpg 225w, https:\/\/schnebele.de\/wp-content\/uploads\/2017\/12\/9783868690903_cover-768x1024.jpg 768w, https:\/\/schnebele.de\/wp-content\/uploads\/2017\/12\/9783868690903_cover-113x150.jpg 113w, https:\/\/schnebele.de\/wp-content\/uploads\/2017\/12\/9783868690903_cover.jpg 900w\" sizes=\"auto, (max-width: 225px) 100vw, 225px\" \/><\/p>\n<p><strong>Fantasy, Mystery<\/strong><\/p>\n<p><strong>Autor:<\/strong> Jean Dufaux<br \/>\n<strong>Zeichner:<\/strong> Philippe Delaby<br \/>\n<strong>\u00dcbersetzer: <\/strong><\/p>\n<p><strong>Inhalt:<\/strong><\/p>\n<p>Das Gebiet von Glen Sarrick wird von einer Morrigan heimgesucht, einer Hexe reinen Blutes, der letzten ihrer Zunft. Weder Dorfleute noch Priester sind vor ihrer Mordgier sicher, ja selbst die \u00bbRitter der Gnade\u00ab fallen ihrer Heimt\u00fccke zum Opfer.<\/p>\n<p>H\u00f6chste Zeit f\u00fcr Ritter Sill Valt und seine Truppe, in Richtung der kleinen Insel im Nordmeer zu segeln und deren Bewohner von der teuflischen Kreatur zu befreien. Doch die Aufgabe gestaltet sich schwieriger als gedacht, denn die Hexe ist listig und ihre Maske nahezu perfekt.<\/p>\n<p>Eine fantastisch-mittelalterliche Erz\u00e4hlung in einem schaurig-sch\u00f6nen Setting; Spannung von der ersten bis zur letzten Seite ist garantiert.<\/p>\n<table>\n<tbody>\n<tr>\n<td style=\"width: 100px; text-align: center; vertical-align: middle; background-color: #785836;\"><span style=\"color: #ffcc99;\"><strong>Album<\/strong><\/span><\/td>\n<td style=\"text-align: center; vertical-align: middle; background-color: #785836;\"><span style=\"color: #ffcc99;\"><strong>Ritter des verlorenen Landes<\/strong><\/span><\/td>\n<\/tr>\n<tr>\n<td style=\"width: 100px; background-color: #878a76;\"><span style=\"color: #000000;\">Nr. 1<\/span><\/td>\n<td style=\"background-color: #878a76;\"><span style=\"color: #000000;\">Morrigan<\/span><\/td>\n<\/tr>\n<tr>\n<td style=\"width: 100px; background-color: #878a76;\"><span style=\"color: #000000;\">Nr. 2<\/span><\/td>\n<td style=\"background-color: #878a76;\"><span style=\"color: #000000;\">Der Guinea Lord<\/span><\/td>\n<\/tr>\n<tr>\n<td style=\"width: 100px; background-color: #878a76;\"><span style=\"color: #000000;\">Nr. 3<\/span><\/td>\n<td style=\"background-color: #878a76;\"><span style=\"color: #000000;\">Die Fee Sanctus<\/span><\/td>\n<\/tr>\n<tr>\n<td style=\"width: 100px; background-color: #878a76;\"><span style=\"color: #000000;\">Nr. 4<\/span><\/td>\n<td style=\"background-color: #878a76;\"><span style=\"color: #000000;\">Sill Valt<\/span><\/td>\n<\/tr>\n<\/tbody>\n<\/table>\n<p>&nbsp;<\/p>\n<p>&nbsp;<\/p>\n<p><img loading=\"lazy\" decoding=\"async\" class=\"alignnone wp-image-5084 size-full\" src=\"http:\/\/schnebele.de\/wp-content\/uploads\/2017\/12\/ronson_inc_01_cover_1.jpg\" alt=\"\" width=\"899\" height=\"265\" srcset=\"https:\/\/schnebele.de\/wp-content\/uploads\/2017\/12\/ronson_inc_01_cover_1.jpg 899w, https:\/\/schnebele.de\/wp-content\/uploads\/2017\/12\/ronson_inc_01_cover_1-300x88.jpg 300w, https:\/\/schnebele.de\/wp-content\/uploads\/2017\/12\/ronson_inc_01_cover_1-768x226.jpg 768w, https:\/\/schnebele.de\/wp-content\/uploads\/2017\/12\/ronson_inc_01_cover_1-250x74.jpg 250w, https:\/\/schnebele.de\/wp-content\/uploads\/2017\/12\/ronson_inc_01_cover_1-150x44.jpg 150w\" sizes=\"auto, (max-width: 899px) 100vw, 899px\" \/><\/p>\n<p><img loading=\"lazy\" decoding=\"async\" class=\"size-medium wp-image-5085 alignleft\" src=\"http:\/\/schnebele.de\/wp-content\/uploads\/2017\/12\/ronson_inc_01_cover_1-1-225x300.jpg\" alt=\"\" width=\"225\" height=\"300\" srcset=\"https:\/\/schnebele.de\/wp-content\/uploads\/2017\/12\/ronson_inc_01_cover_1-1-225x300.jpg 225w, https:\/\/schnebele.de\/wp-content\/uploads\/2017\/12\/ronson_inc_01_cover_1-1-768x1024.jpg 768w, https:\/\/schnebele.de\/wp-content\/uploads\/2017\/12\/ronson_inc_01_cover_1-1-113x150.jpg 113w, https:\/\/schnebele.de\/wp-content\/uploads\/2017\/12\/ronson_inc_01_cover_1-1.jpg 900w\" sizes=\"auto, (max-width: 225px) 100vw, 225px\" \/><\/p>\n<p><strong>Western<\/strong><\/p>\n<p><strong>Autor:<\/strong> Willem Ritstier<br \/>\n<strong>Zeichner:<\/strong> Minck Oosterveer<br \/>\n<strong>\u00dcbersetzer: <\/strong>Tanja Kr\u00e4mling<\/p>\n<p><strong>Inhalt:<\/strong><\/p>\n<p>Die kleine Detektivagentur Ronson Inc., die ihr B\u00fcro in der zwielichtigen Goldminenstadt Dalbart hat, schreckt vor keinem Auftrag zur\u00fcck. Und schon gar nicht, wenn es damit dem renommierten B\u00fcro Pinkerton in die Quere kommen kann.<\/p>\n<p>Irgendwo sitzt da n\u00e4mlich b\u00f6ses Blut, und das Blut flie\u00dft im \u00dcberflu\u00df, wenn die Pinkertonagenten vor niemandem ausweichen.<\/p>\n<p>Zum Gl\u00fcck verf\u00fcgt Ronson Inc. \u00fcber eine Handvoll Mitarbeiter, die im Grunde um kein Haar besser sind als das Gesindel, das sie jagen, auch wenn es nur darum geht, den Pinkertonagenten das Leben unm\u00f6glich zu machen.<\/p>\n<p>Kompromissloser Western mit jeweils abgeschlossenen Einzelepisoden.<\/p>\n<table>\n<tbody>\n<tr>\n<td style=\"width: 100px; text-align: center; vertical-align: middle; background-color: #c7983a;\"><span style=\"color: #800000;\"><strong>Album<\/strong><\/span><\/td>\n<td style=\"text-align: center; vertical-align: middle; background-color: #c7983a;\"><span style=\"color: #800000;\"><strong>Ronson Inc<\/strong><\/span><\/td>\n<\/tr>\n<tr>\n<td style=\"width: 100px; background-color: #f0dabb;\">Nr. 1<\/td>\n<td style=\"background-color: #f0dabb;\">Die Abrechnung<\/td>\n<\/tr>\n<tr>\n<td style=\"width: 100px; background-color: #f0dabb;\">Nr. 2<\/td>\n<td style=\"background-color: #f0dabb;\">Grundehrlich<\/td>\n<\/tr>\n<\/tbody>\n<\/table>\n<p>&nbsp;<\/p>\n<p>&nbsp;<\/p>\n<p><img loading=\"lazy\" decoding=\"async\" class=\"alignnone wp-image-5088 size-full\" src=\"http:\/\/schnebele.de\/wp-content\/uploads\/2017\/12\/schrecklicher_papst_01_cover-1.jpg\" alt=\"\" width=\"900\" height=\"209\" srcset=\"https:\/\/schnebele.de\/wp-content\/uploads\/2017\/12\/schrecklicher_papst_01_cover-1.jpg 900w, https:\/\/schnebele.de\/wp-content\/uploads\/2017\/12\/schrecklicher_papst_01_cover-1-300x70.jpg 300w, https:\/\/schnebele.de\/wp-content\/uploads\/2017\/12\/schrecklicher_papst_01_cover-1-768x178.jpg 768w, https:\/\/schnebele.de\/wp-content\/uploads\/2017\/12\/schrecklicher_papst_01_cover-1-250x58.jpg 250w, https:\/\/schnebele.de\/wp-content\/uploads\/2017\/12\/schrecklicher_papst_01_cover-1-150x35.jpg 150w\" sizes=\"auto, (max-width: 900px) 100vw, 900px\" \/><\/p>\n<p><img loading=\"lazy\" decoding=\"async\" class=\"size-medium wp-image-5087 alignleft\" src=\"http:\/\/schnebele.de\/wp-content\/uploads\/2017\/12\/schrecklicher_papst_01_cover-225x300.jpg\" alt=\"\" width=\"225\" height=\"300\" srcset=\"https:\/\/schnebele.de\/wp-content\/uploads\/2017\/12\/schrecklicher_papst_01_cover-225x300.jpg 225w, https:\/\/schnebele.de\/wp-content\/uploads\/2017\/12\/schrecklicher_papst_01_cover-768x1024.jpg 768w, https:\/\/schnebele.de\/wp-content\/uploads\/2017\/12\/schrecklicher_papst_01_cover-113x150.jpg 113w, https:\/\/schnebele.de\/wp-content\/uploads\/2017\/12\/schrecklicher_papst_01_cover.jpg 900w\" sizes=\"auto, (max-width: 225px) 100vw, 225px\" \/><\/p>\n<p><strong>Historie<\/strong><\/p>\n<p><strong>Autor:<\/strong> Alejandro Jodorowsky<br \/>\n<strong>Zeichner:<\/strong> Theo<br \/>\n<strong>\u00dcbersetzer: <\/strong>Tanja Kr\u00e4mling<\/p>\n<p><strong>Inhalt:<\/strong><\/p>\n<p>Am 18. August 1503 findet der Borgia Papst Alexander VI. unter mysteri\u00f6sen Umst\u00e4nden den Tod.<\/p>\n<p>Schon bei Tagesanbruch beginnt das Wettrennen auf den p\u00e4pstlichen Stuhl. Um an ihr Ziel zu gelangen, ist den Anw\u00e4rtern jedes Mittel recht. Selbst vor Mordversuchen schrecken die exklusiven Mitglieder des dekadenten und machthungrigen Zirkels im Vatikan nicht zur\u00fcck.<\/p>\n<p>Kardinal Giuliano della Rovere, ein Erzfeind des einflussreichen Borgia-Klans, w\u00e4re sogar bereit, seine Seele dem Teufel zu verkaufen, um an das h\u00f6chste Amt zu gelangen&#8230;<\/p>\n<p>Ein Jodorowsky in Bestform und die atemberaubenden Zeichnungen von Theo machen \u00bbDer schreckliche Papst\u00ab zu einem absoluten Highlight unseres Programms.<\/p>\n<table>\n<tbody>\n<tr>\n<td style=\"width: 100px; text-align: center; vertical-align: middle; background-color: #f76a05;\"><span style=\"color: #993300;\"><strong>Album<\/strong><\/span><\/td>\n<td style=\"text-align: center; vertical-align: middle; background-color: #f76a05;\"><span style=\"color: #993300;\"><strong>Der schreckliche Papst<\/strong><\/span><\/td>\n<\/tr>\n<tr>\n<td style=\"width: 100px; background-color: #f0b899;\">Nr. 1<\/td>\n<td style=\"background-color: #f0b899;\">Giuliano della Rovere<\/td>\n<\/tr>\n<tr>\n<td style=\"width: 100px; background-color: #f0b899;\">Nr. 2<\/td>\n<td style=\"background-color: #f0b899;\">Julius II<\/td>\n<\/tr>\n<tr>\n<td style=\"width: 100px; background-color: #f0b899;\">Nr. 3<\/td>\n<td style=\"background-color: #f0b899;\">Gef\u00e4hrliche Tugend<\/td>\n<\/tr>\n<\/tbody>\n<\/table>\n<p>&nbsp;<\/p>\n<p>&nbsp;<\/p>\n<p><img loading=\"lazy\" decoding=\"async\" class=\"alignnone wp-image-5090 size-full\" src=\"http:\/\/schnebele.de\/wp-content\/uploads\/2017\/12\/9783940864970-interior-1.jpg\" alt=\"\" width=\"899\" height=\"424\" srcset=\"https:\/\/schnebele.de\/wp-content\/uploads\/2017\/12\/9783940864970-interior-1.jpg 899w, https:\/\/schnebele.de\/wp-content\/uploads\/2017\/12\/9783940864970-interior-1-300x141.jpg 300w, https:\/\/schnebele.de\/wp-content\/uploads\/2017\/12\/9783940864970-interior-1-768x362.jpg 768w, https:\/\/schnebele.de\/wp-content\/uploads\/2017\/12\/9783940864970-interior-1-250x118.jpg 250w, https:\/\/schnebele.de\/wp-content\/uploads\/2017\/12\/9783940864970-interior-1-150x71.jpg 150w\" sizes=\"auto, (max-width: 899px) 100vw, 899px\" \/><\/p>\n<p><img loading=\"lazy\" decoding=\"async\" class=\"size-medium wp-image-5091 alignleft\" src=\"http:\/\/schnebele.de\/wp-content\/uploads\/2017\/12\/9783940864970-interior-1-1-225x300.jpg\" alt=\"\" width=\"225\" height=\"300\" srcset=\"https:\/\/schnebele.de\/wp-content\/uploads\/2017\/12\/9783940864970-interior-1-1-225x300.jpg 225w, https:\/\/schnebele.de\/wp-content\/uploads\/2017\/12\/9783940864970-interior-1-1-768x1024.jpg 768w, https:\/\/schnebele.de\/wp-content\/uploads\/2017\/12\/9783940864970-interior-1-1-113x150.jpg 113w, https:\/\/schnebele.de\/wp-content\/uploads\/2017\/12\/9783940864970-interior-1-1.jpg 900w\" sizes=\"auto, (max-width: 225px) 100vw, 225px\" \/><\/p>\n<p><strong>Fantasy<\/strong><\/p>\n<p><strong>Autor:<\/strong> Fabrice David<br \/>\n<strong>Zeichner:<\/strong> Eric Bourgier<br \/>\n<strong>\u00dcbersetzer: <\/strong>Tanja Kr\u00e4mling<\/p>\n<p><strong>Inhalt:<\/strong><\/p>\n<p>Die Naturm\u00e4chte waren die ersten, die sich auf der Erde niederlie\u00dfen. Aber als der Mensch auftauchte, spaltete er ihre Eintracht. Sie nahmen Gestalt an \u2013 Drachen, Riesen, Engel, Sirenen und Feen \u2013 und es begann die Zeit der gro\u00dfen Kriege.<\/p>\n<p>Tausend Jahre sp\u00e4ter sind die Riesen verschwunden, Engel und Feen sind nicht mehr als ein Mythos, die Sirenen haben sich in die Tiefen der Ozeane zur\u00fcckgezogen und die letzten Drachen leben im Verborgenen.<\/p>\n<p>Die S\u00f6hne der Erde haben ein riesiges Reich gegr\u00fcndet, in dem die Natur-m\u00e4chte nur noch Legende sind. Doch nun verlassen die Drachen ihren Schlupfwinkel \u2013 und ein neues Zeitalter k\u00fcndigt sich an: Wird es das Ende oder der Anfang des Menschenreichs sein?<\/p>\n<p>Mit S\u00f6ldner liefert uns das Autorenduo David\/Bourgier eine gro\u00dfe Heroic-Fantasy-Saga, deren elegante, in Sepiat\u00f6nen gehaltene Grafik perfekt mit der mittelalterlichen Welt harmoniert.<\/p>\n<table>\n<tbody>\n<tr>\n<td style=\"width: 100px; text-align: center; vertical-align: middle; background-color: #422f22;\"><span style=\"color: #ffcc99;\"><strong>Album<\/strong><\/span><\/td>\n<td style=\"text-align: center; vertical-align: middle; background-color: #422f22;\"><span style=\"color: #ffcc99;\"><strong>S\u00f6ldner<\/strong><\/span><\/td>\n<\/tr>\n<tr>\n<td style=\"width: 100px; background-color: #dbcec5;\">Nr. 1<\/td>\n<td style=\"background-color: #dbcec5;\">Das Lied von Anoroer<\/td>\n<\/tr>\n<tr>\n<td style=\"width: 100px; background-color: #dbcec5;\">Nr. 2<\/td>\n<td style=\"background-color: #dbcec5;\">Drekkars<\/td>\n<\/tr>\n<tr>\n<td style=\"width: 100px; background-color: #dbcec5;\">Nr. 3<\/td>\n<td style=\"background-color: #dbcec5;\">Abschied von den K\u00f6nigen<\/td>\n<\/tr>\n<tr>\n<td style=\"width: 100px; background-color: #dbcec5;\">Nr. 4<\/td>\n<td style=\"background-color: #dbcec5;\">Iccrins<\/td>\n<\/tr>\n<tr>\n<td style=\"width: 100px; background-color: #dbcec5;\">Nr. 5<\/td>\n<td style=\"background-color: #dbcec5;\">Shalin (Teil eins)<\/td>\n<\/tr>\n<tr>\n<td style=\"width: 100px; background-color: #dbcec5;\">Nr. 6<\/td>\n<td style=\"background-color: #dbcec5;\">Shalin (Teil zwei)<\/td>\n<\/tr>\n<\/tbody>\n<\/table>\n<p>&nbsp;<\/p>\n<p>&nbsp;<\/p>\n<p><img loading=\"lazy\" decoding=\"async\" class=\"alignnone wp-image-5094 size-full\" src=\"http:\/\/schnebele.de\/wp-content\/uploads\/2017\/12\/9783868690866_cover-1.jpg\" alt=\"\" width=\"899\" height=\"235\" srcset=\"https:\/\/schnebele.de\/wp-content\/uploads\/2017\/12\/9783868690866_cover-1.jpg 899w, https:\/\/schnebele.de\/wp-content\/uploads\/2017\/12\/9783868690866_cover-1-300x78.jpg 300w, https:\/\/schnebele.de\/wp-content\/uploads\/2017\/12\/9783868690866_cover-1-768x201.jpg 768w, https:\/\/schnebele.de\/wp-content\/uploads\/2017\/12\/9783868690866_cover-1-250x65.jpg 250w, https:\/\/schnebele.de\/wp-content\/uploads\/2017\/12\/9783868690866_cover-1-150x39.jpg 150w\" sizes=\"auto, (max-width: 899px) 100vw, 899px\" \/><\/p>\n<p><img loading=\"lazy\" decoding=\"async\" class=\"size-medium wp-image-5093 alignleft\" src=\"http:\/\/schnebele.de\/wp-content\/uploads\/2017\/12\/9783868690866_cover-225x300.jpg\" alt=\"\" width=\"225\" height=\"300\" srcset=\"https:\/\/schnebele.de\/wp-content\/uploads\/2017\/12\/9783868690866_cover-225x300.jpg 225w, https:\/\/schnebele.de\/wp-content\/uploads\/2017\/12\/9783868690866_cover-768x1024.jpg 768w, https:\/\/schnebele.de\/wp-content\/uploads\/2017\/12\/9783868690866_cover-113x150.jpg 113w, https:\/\/schnebele.de\/wp-content\/uploads\/2017\/12\/9783868690866_cover.jpg 900w\" sizes=\"auto, (max-width: 225px) 100vw, 225px\" \/><\/p>\n<p><strong>Fantasy, History<\/strong><\/p>\n<p><strong>Autor:<\/strong> Thomas Mosdi<br \/>\n<strong>Zeichner:<\/strong> Laurent Paturaud<br \/>\n<strong>\u00dcbersetzer: <\/strong>Tanja Kr\u00e4mling<\/p>\n<p><strong>Inhalt:<\/strong><\/p>\n<p>Paris, 8. November 1793. Die Stadt befindet sich unter der Terrorherrschaft von Robespierre.<\/p>\n<p>W\u00e4hrend die Girondistin Manon Roland zum Schafott gef\u00fchrt wird, empf\u00e4ngt der unbeugsame Maximilien de Robespierre in seinem Haus wie gew\u00f6hnlich den Besuch der d\u00e4monischen Camilla. Doch diesmal wurde die dunkelhaarige Sch\u00f6nheit von einer geistlichen Bruderschaft bespitzelt, die nun endlich die Gelegenheit sieht, eine Vertreterin des uralten Frauenordens der T\u00f6chter von Lilith aus dem Weg zu r\u00e4umen.<\/p>\n<p>Denn die M\u00e4nner Gottes sind davon \u00fcberzeugt, dass Camilla und Robespierre in einen furchtbaren Komplott verstrickt sind, der sich auf die gesamte Nation auswirken k\u00f6nnte! Ein historisch-fantastisches Abenteuer gew\u00fcrzt mit einer Prise Erotik.<\/p>\n<table>\n<tbody>\n<tr>\n<td style=\"width: 100px; text-align: center; vertical-align: middle; background-color: #381919;\"><span style=\"color: #ffcc99;\"><strong>Album<\/strong><\/span><\/td>\n<td style=\"text-align: center; vertical-align: middle; background-color: #381919;\">Sukkubus<\/td>\n<\/tr>\n<tr>\n<td style=\"width: 100px; background-color: #decaaf;\">Nr. 1<\/td>\n<td style=\"background-color: #decaaf;\">Camilla<\/td>\n<\/tr>\n<tr>\n<td style=\"width: 100px; background-color: #decaaf;\">Nr. 2<\/td>\n<td style=\"background-color: #decaaf;\">Roxelane<\/td>\n<\/tr>\n<tr>\n<td style=\"width: 100px; background-color: #decaaf;\">Nr. 3<\/td>\n<td style=\"background-color: #decaaf;\">Eanna<\/td>\n<\/tr>\n<tr>\n<td style=\"width: 100px; background-color: #decaaf;\">Nr. 4<\/td>\n<td style=\"background-color: #decaaf;\">Messalina<\/td>\n<\/tr>\n<tr>\n<td style=\"width: 100px; background-color: #decaaf;\">Nr. 5<\/td>\n<td style=\"background-color: #decaaf;\">Nayeli<\/td>\n<\/tr>\n<tr>\n<td style=\"width: 100px; background-color: #decaaf;\">Nr. 6<\/td>\n<td style=\"background-color: #decaaf;\">Xue Dan<\/td>\n<\/tr>\n<tr>\n<td style=\"width: 100px; background-color: #decaaf;\">Nr. 7<\/td>\n<td style=\"background-color: #decaaf;\">Diamante<\/td>\n<\/tr>\n<\/tbody>\n<\/table>\n<p>&nbsp;<\/p>\n<p>&nbsp;<\/p>\n<p><img loading=\"lazy\" decoding=\"async\" class=\"alignnone wp-image-5096 size-full\" src=\"http:\/\/schnebele.de\/wp-content\/uploads\/2017\/12\/surcouf_01_cover.jpg\" alt=\"\" width=\"900\" height=\"262\" srcset=\"https:\/\/schnebele.de\/wp-content\/uploads\/2017\/12\/surcouf_01_cover.jpg 900w, https:\/\/schnebele.de\/wp-content\/uploads\/2017\/12\/surcouf_01_cover-300x87.jpg 300w, https:\/\/schnebele.de\/wp-content\/uploads\/2017\/12\/surcouf_01_cover-768x224.jpg 768w, https:\/\/schnebele.de\/wp-content\/uploads\/2017\/12\/surcouf_01_cover-250x73.jpg 250w, https:\/\/schnebele.de\/wp-content\/uploads\/2017\/12\/surcouf_01_cover-150x44.jpg 150w\" sizes=\"auto, (max-width: 900px) 100vw, 900px\" \/><\/p>\n<p><img loading=\"lazy\" decoding=\"async\" class=\"size-medium wp-image-5097 alignleft\" src=\"http:\/\/schnebele.de\/wp-content\/uploads\/2017\/12\/surcouf_01_cover-1-225x300.jpg\" alt=\"\" width=\"225\" height=\"300\" srcset=\"https:\/\/schnebele.de\/wp-content\/uploads\/2017\/12\/surcouf_01_cover-1-225x300.jpg 225w, https:\/\/schnebele.de\/wp-content\/uploads\/2017\/12\/surcouf_01_cover-1-768x1024.jpg 768w, https:\/\/schnebele.de\/wp-content\/uploads\/2017\/12\/surcouf_01_cover-1-113x150.jpg 113w, https:\/\/schnebele.de\/wp-content\/uploads\/2017\/12\/surcouf_01_cover-1.jpg 900w\" sizes=\"auto, (max-width: 225px) 100vw, 225px\" \/><\/p>\n<p><strong>Seefahrer, Abenteuer<\/strong><\/p>\n<p><strong>Autor:<\/strong> Arnaud Delalande, Erick Surcouf<br \/>\n<strong>Zeichner:<\/strong> Guy Michel<br \/>\n<strong>\u00dcbersetzer: <\/strong>Tanja Kr\u00e4mling<\/p>\n<p><strong>Inhalt:<\/strong><\/p>\n<p>Ende des 18. Jahrhunderts. Die Revolutionskriege ersch\u00fcttern Europa, doch England beherrscht die Meere. Der K\u00f6nig von Frankreich greift auf private Reeder zur\u00fcck, die Abenteurern die M\u00f6glichkeit bieten, sich auf Kosten des Feindes zu bereichern. Ein offizielles Dokument, der \u00bbKaperbrief\u00ab, legt den gesetzlichen Rahmen fest. Die Korsaren sind keine Piraten, sie d\u00fcrfen ausschlie\u00dflich Schiffe angreifen, die sich im Krieg mit ihrem Land befinden oder feindliche G\u00fcter transportieren.<\/p>\n<p>W\u00e4hrend der Seekrieg tobt, macht sich ein junger Mann auf, Saint-Malo zu verlassen, um ein legend\u00e4rer Held zu werden&#8230; Der Schrecken der Ozeane und von ganz England&#8230; Ein Symbol f\u00fcr Mut, K\u00fchnheit und Abenteuer, dessen Name wie ein Segel im Wind schl\u00e4gt&#8230; Robert Surcouf! Der Tiger der Meere! Der zuk\u00fcnftige \u00bbK\u00f6nig der Korsaren\u00ab!<\/p>\n<p>Erick Surcouf, der Ururneffe von Robert Surcouf (1773\u20131827), dem \u00bbK\u00f6nig der Korsaren\u00ab von Napoleon I., ist Schatzj\u00e4ger und Schriftsteller. Seit drei\u00dfig Jahren sucht er auf allen Weltmeeren nach versunkenen Schiffen. Er hat zahlreiche Expeditionen organisiert und ein Dutzend Wracks gefunden. Nach zahlreichen Romanen \u00fcber seinen Vorfahren und dessen Entdeckungen, ist \u00bbSurcouf\u00ab nun seine erste Comicver\u00f6ffentlichung.<\/p>\n<table>\n<tbody>\n<tr>\n<td style=\"width: 100px; text-align: center; vertical-align: middle; background-color: #870c0c;\"><span style=\"color: #ffcc99;\"><strong>Album<\/strong><\/span><\/td>\n<td style=\"text-align: center; vertical-align: middle; background-color: #870c0c;\"><span style=\"color: #ffcc99;\"><strong>Sourcouf<\/strong><\/span><\/td>\n<\/tr>\n<tr>\n<td style=\"width: 100px; background-color: #d1ba9d;\">Nr. 1<\/td>\n<td style=\"background-color: #d1ba9d;\">Die Geburt einer Legende<\/td>\n<\/tr>\n<tr>\n<td style=\"width: 100px; background-color: #d1ba9d;\">Nr. 2<\/td>\n<td style=\"background-color: #d1ba9d;\">Der Tiger der Sieben Meere<\/td>\n<\/tr>\n<tr>\n<td style=\"width: 100px; background-color: #d1ba9d;\">Nr. 3<\/td>\n<td style=\"background-color: #d1ba9d;\">Der K\u00f6nig der Freibeuter<\/td>\n<\/tr>\n<tr>\n<td style=\"width: 100px; background-color: #d1ba9d;\">Nr. 4<\/td>\n<td style=\"background-color: #d1ba9d;\">Jenseits aller Meere<\/td>\n<\/tr>\n<\/tbody>\n<\/table>\n<p>&nbsp;<\/p>\n<p>&nbsp;<\/p>\n<p><img loading=\"lazy\" decoding=\"async\" class=\"alignnone wp-image-5100 size-full\" src=\"http:\/\/schnebele.de\/wp-content\/uploads\/2017\/12\/toenerne_thron_01_cover_3-1.jpg\" alt=\"\" width=\"900\" height=\"325\" srcset=\"https:\/\/schnebele.de\/wp-content\/uploads\/2017\/12\/toenerne_thron_01_cover_3-1.jpg 900w, https:\/\/schnebele.de\/wp-content\/uploads\/2017\/12\/toenerne_thron_01_cover_3-1-300x108.jpg 300w, https:\/\/schnebele.de\/wp-content\/uploads\/2017\/12\/toenerne_thron_01_cover_3-1-768x277.jpg 768w, https:\/\/schnebele.de\/wp-content\/uploads\/2017\/12\/toenerne_thron_01_cover_3-1-250x90.jpg 250w, https:\/\/schnebele.de\/wp-content\/uploads\/2017\/12\/toenerne_thron_01_cover_3-1-150x54.jpg 150w\" sizes=\"auto, (max-width: 900px) 100vw, 900px\" \/><\/p>\n<p><img loading=\"lazy\" decoding=\"async\" class=\"size-medium wp-image-5099 alignleft\" src=\"http:\/\/schnebele.de\/wp-content\/uploads\/2017\/12\/toenerne_thron_01_cover_3-225x300.jpg\" alt=\"\" width=\"225\" height=\"300\" srcset=\"https:\/\/schnebele.de\/wp-content\/uploads\/2017\/12\/toenerne_thron_01_cover_3-225x300.jpg 225w, https:\/\/schnebele.de\/wp-content\/uploads\/2017\/12\/toenerne_thron_01_cover_3-768x1024.jpg 768w, https:\/\/schnebele.de\/wp-content\/uploads\/2017\/12\/toenerne_thron_01_cover_3-113x150.jpg 113w, https:\/\/schnebele.de\/wp-content\/uploads\/2017\/12\/toenerne_thron_01_cover_3.jpg 900w\" sizes=\"auto, (max-width: 225px) 100vw, 225px\" \/><\/p>\n<p><strong>History<\/strong><\/p>\n<p><strong>Autor:<\/strong> Nicolas Jarry, France Richemond<br \/>\n<strong>Zeichner:<\/strong> Theo, Lorenzo Pieri<br \/>\n<strong>\u00dcbersetzer: <\/strong>Tanja Kr\u00e4mling<\/p>\n<p><strong>Inhalt:<\/strong><\/p>\n<p>Wir schreiben das Jahr 1418. Frankreich befindet sich inmitten der Wirren des Hundertj\u00e4hrigen Krieges.<\/p>\n<p>Neben dieser gro\u00dfen Auseinandersetzung mit England wird das Land auch von einem erbitterten B\u00fcrgerkrieg zwischen den Burgundern und Armagnacs zerrissen.<\/p>\n<p>In diesen unruhigen Zeiten hat Tanneguy von Ch\u00e2tel nur ein Ziel: den erst f\u00fcnfzehnj\u00e4hrigen Kronprinzen Charles VII. zu besch\u00fctzen. Kann sich der junge Thronfolger mit seinem Schicksal arrangieren? Und viel wichtiger, wird er \u00fcberhaupt lange genug leben, um sein Erbe anzutreten?<\/p>\n<p>Der Zeichner Theo (\u00bbDer schreckliche Papst\u00ab) verwandelt die mittelalterlichen Schaupl\u00e4tze dieses siebenteiligen historischen Meisterwerks in ein d\u00fcsteres Traumland der Vergangenheit.<\/p>\n<table>\n<tbody>\n<tr>\n<td style=\"width: 100px; text-align: center; vertical-align: middle; background-color: #801f11;\"><span style=\"color: #ffcc00;\"><strong>Album<\/strong><\/span><\/td>\n<td style=\"text-align: center; vertical-align: middle; background-color: #801f11;\"><span style=\"color: #ffcc00;\"><strong>Der t\u00f6nerne Thron<\/strong><\/span><\/td>\n<\/tr>\n<tr>\n<td style=\"width: 100px; background-color: #e3cea8;\">Nr. 1<\/td>\n<td style=\"background-color: #e3cea8;\">Der Ritter mit der Axt<\/td>\n<\/tr>\n<tr>\n<td style=\"width: 100px; background-color: #e3cea8;\">Nr. 2<\/td>\n<td style=\"background-color: #e3cea8;\">Die Br\u00fccke von Montereau<\/td>\n<\/tr>\n<tr>\n<td style=\"width: 100px; background-color: #e3cea8;\">Nr. 3<\/td>\n<td style=\"background-color: #e3cea8;\">Heinrich, K\u00f6nig von Frankreich und England<\/td>\n<\/tr>\n<tr>\n<td style=\"width: 100px; background-color: #e3cea8;\">Nr. 4<\/td>\n<td style=\"background-color: #e3cea8;\">Der Tod der K\u00f6nige<\/td>\n<\/tr>\n<tr>\n<td style=\"width: 100px; background-color: #e3cea8;\">Nr. 5<\/td>\n<td style=\"background-color: #e3cea8;\">Die Jungfrau<\/td>\n<\/tr>\n<tr>\n<td style=\"width: 100px; background-color: #e3cea8;\">Nr. 6<\/td>\n<td style=\"background-color: #e3cea8;\">Die Legende von Orleans<\/td>\n<\/tr>\n<\/tbody>\n<\/table>\n<p>&nbsp;<\/p>\n<p>&nbsp;<\/p>\n<p><img loading=\"lazy\" decoding=\"async\" class=\"alignnone wp-image-5102 size-full\" src=\"http:\/\/schnebele.de\/wp-content\/uploads\/2017\/12\/unter_schwarzer_flagge01_cover_1.jpg\" alt=\"\" width=\"900\" height=\"272\" srcset=\"https:\/\/schnebele.de\/wp-content\/uploads\/2017\/12\/unter_schwarzer_flagge01_cover_1.jpg 900w, https:\/\/schnebele.de\/wp-content\/uploads\/2017\/12\/unter_schwarzer_flagge01_cover_1-300x91.jpg 300w, https:\/\/schnebele.de\/wp-content\/uploads\/2017\/12\/unter_schwarzer_flagge01_cover_1-768x232.jpg 768w, https:\/\/schnebele.de\/wp-content\/uploads\/2017\/12\/unter_schwarzer_flagge01_cover_1-250x76.jpg 250w, https:\/\/schnebele.de\/wp-content\/uploads\/2017\/12\/unter_schwarzer_flagge01_cover_1-150x45.jpg 150w\" sizes=\"auto, (max-width: 900px) 100vw, 900px\" \/><\/p>\n<p><img loading=\"lazy\" decoding=\"async\" class=\"size-medium wp-image-5103 alignleft\" src=\"http:\/\/schnebele.de\/wp-content\/uploads\/2017\/12\/unter_schwarzer_flagge01_cover_1-1-225x300.jpg\" alt=\"\" width=\"225\" height=\"300\" srcset=\"https:\/\/schnebele.de\/wp-content\/uploads\/2017\/12\/unter_schwarzer_flagge01_cover_1-1-225x300.jpg 225w, https:\/\/schnebele.de\/wp-content\/uploads\/2017\/12\/unter_schwarzer_flagge01_cover_1-1-768x1024.jpg 768w, https:\/\/schnebele.de\/wp-content\/uploads\/2017\/12\/unter_schwarzer_flagge01_cover_1-1-113x150.jpg 113w, https:\/\/schnebele.de\/wp-content\/uploads\/2017\/12\/unter_schwarzer_flagge01_cover_1-1.jpg 900w\" sizes=\"auto, (max-width: 225px) 100vw, 225px\" \/><\/p>\n<p><strong>Seefahrer, Abenteuer<\/strong><\/p>\n<p><strong>Autor:<\/strong> Eric Corbeyran<br \/>\n<strong>Zeichner:<\/strong> Brice Bingono<br \/>\n<strong>\u00dcbersetzer: <\/strong>Tanja Kr\u00e4mling<\/p>\n<p><strong>Inhalt:<\/strong><\/p>\n<p>Dark Dan ist ein Piratenkapit\u00e4n. Seinen Namen verdankt er seinem zynischen und phlegmatischen Wesen und seiner m\u00fcrrischen Art. Obschon er seine M\u00e4nner mit eiserner Faust f\u00fchrt, ist er wegen seines Sinns f\u00fcr Gerechtigkeit bei seiner Mannschaft beliebt. &nbsp;<\/p>\n<p>Er besitzt eine mysteri\u00f6se Karte, die er nicht entziffern kann, da sie in einer unbekannten Sprache verfasst ist. Doch mit Hilfe der sch\u00f6nen Sklavin Mahalia gelingt es ihm, das Geheimnis der Karte zu l\u00fcften, die das Versteck eines legend\u00e4ren Buchs anzeigt, das seinem Besitzer Macht \u00fcber mythische Kreaturen verschafft.<\/p>\n<p>llerdings wird bei dem Versuch, sich des Buches zu bem\u00e4chtigen, ein b\u00f6ser Fluch ausgel\u00f6st, der Dark Dans gesamte Mannschaft verdammt\u2026<\/p>\n<table>\n<tbody>\n<tr>\n<td style=\"width: 100px; text-align: center; vertical-align: middle; background-color: #3b1111;\"><span style=\"color: #ffffff;\"><strong>Album<\/strong><\/span><\/td>\n<td style=\"text-align: center; vertical-align: middle; background-color: #3b1111;\"><span style=\"color: #ffffff;\"><strong>Unter Schwarzer Flagge<\/strong><\/span><\/td>\n<\/tr>\n<tr>\n<td style=\"width: 100px; background-color: #544848;\"><span style=\"color: #ccffff;\">Nr. 1<\/span><\/td>\n<td style=\"background-color: #544848;\"><span style=\"color: #ccffff;\">Gischt und Blut<\/span><\/td>\n<\/tr>\n<tr>\n<td style=\"width: 100px; background-color: #544848;\"><span style=\"color: #ccffff;\">Nr. 2<\/span><\/td>\n<td style=\"background-color: #544848;\"><span style=\"color: #ccffff;\">\u00dcber die Weltmeere<\/span><\/td>\n<\/tr>\n<tr>\n<td style=\"width: 100px; background-color: #544848;\"><span style=\"color: #ccffff;\">Nr. 3<\/span><\/td>\n<td style=\"background-color: #544848;\"><span style=\"color: #ccffff;\">Im Labyrinth der Zeit<\/span><\/td>\n<\/tr>\n<\/tbody>\n<\/table>\n","protected":false},"excerpt":{"rendered":"<p>&nbsp; Der Splitter Verlag bezeichnet sich selbst als Verlag mit &#8222;Comics f\u00fcr Erwachsene&#8220;, was nicht bedeutet, dass es sich hierbei (ausschlie\u00dflich) um gewaltverherrlichende oder sexistische Comics geht, sondern, dass sich die Themen deutlich von &#8222;Kindercomics&#8220; unterscheiden. Die Themen sind vielf\u00e4ltig, von Fantasy, \u00fcber Comics mit historischem Hintergrund, Western, Sience Fiction <a class=\"continue-reading-link\" href=\"https:\/\/schnebele.de\/?p=4998\">Weiterlesen!<\/a><\/p>\n<div class=\"shariff shariff-align-flex-start shariff-widget-align-flex-start\"><ul class=\"shariff-buttons theme-round orientation-horizontal buttonsize-medium\"><li class=\"shariff-button facebook shariff-nocustomcolor\" style=\"background-color:#4273c8\"><a href=\"https:\/\/www.facebook.com\/sharer\/sharer.php?u=https%3A%2F%2Fschnebele.de%2F%3Fp%3D4998\" title=\"Bei Facebook teilen\" aria-label=\"Bei Facebook teilen\" role=\"button\" rel=\"nofollow\" class=\"shariff-link\" style=\"; background-color:#3b5998; color:#fff\" target=\"_blank\"><span class=\"shariff-icon\" style=\"\"><svg width=\"32px\" height=\"20px\" xmlns=\"http:\/\/www.w3.org\/2000\/svg\" viewBox=\"0 0 18 32\"><path fill=\"#3b5998\" d=\"M17.1 0.2v4.7h-2.8q-1.5 0-2.1 0.6t-0.5 1.9v3.4h5.2l-0.7 5.3h-4.5v13.6h-5.5v-13.6h-4.5v-5.3h4.5v-3.9q0-3.3 1.9-5.2t5-1.8q2.6 0 4.1 0.2z\"\/><\/svg><\/span><\/a><\/li><li class=\"shariff-button twitter shariff-nocustomcolor\" style=\"background-color:#595959\"><a href=\"https:\/\/twitter.com\/share?url=https%3A%2F%2Fschnebele.de%2F%3Fp%3D4998&text=Splitter%20Verlag%20%E2%80%93%20Kleinserien\" title=\"Bei X teilen\" aria-label=\"Bei X teilen\" role=\"button\" rel=\"noopener nofollow\" class=\"shariff-link\" style=\"; background-color:#000; color:#fff\" target=\"_blank\"><span class=\"shariff-icon\" style=\"\"><svg width=\"32px\" height=\"20px\" xmlns=\"http:\/\/www.w3.org\/2000\/svg\" viewBox=\"0 0 24 24\"><path fill=\"#000\" d=\"M14.258 10.152L23.176 0h-2.113l-7.747 8.813L7.133 0H0l9.352 13.328L0 23.973h2.113l8.176-9.309 6.531 9.309h7.133zm-2.895 3.293l-.949-1.328L2.875 1.56h3.246l6.086 8.523.945 1.328 7.91 11.078h-3.246zm0 0\"\/><\/svg><\/span><\/a><\/li><li class=\"shariff-button whatsapp shariff-nocustomcolor\" style=\"background-color:#5cbe4a\"><a href=\"https:\/\/api.whatsapp.com\/send?text=https%3A%2F%2Fschnebele.de%2F%3Fp%3D4998%20Splitter%20Verlag%20%E2%80%93%20Kleinserien\" title=\"Bei Whatsapp teilen\" aria-label=\"Bei Whatsapp teilen\" role=\"button\" rel=\"noopener nofollow\" class=\"shariff-link\" style=\"; background-color:#34af23; color:#fff\" target=\"_blank\"><span class=\"shariff-icon\" style=\"\"><svg width=\"32px\" height=\"20px\" xmlns=\"http:\/\/www.w3.org\/2000\/svg\" viewBox=\"0 0 32 32\"><path fill=\"#34af23\" d=\"M17.6 17.4q0.2 0 1.7 0.8t1.6 0.9q0 0.1 0 0.3 0 0.6-0.3 1.4-0.3 0.7-1.3 1.2t-1.8 0.5q-1 0-3.4-1.1-1.7-0.8-3-2.1t-2.6-3.3q-1.3-1.9-1.3-3.5v-0.1q0.1-1.6 1.3-2.8 0.4-0.4 0.9-0.4 0.1 0 0.3 0t0.3 0q0.3 0 0.5 0.1t0.3 0.5q0.1 0.4 0.6 1.6t0.4 1.3q0 0.4-0.6 1t-0.6 0.8q0 0.1 0.1 0.3 0.6 1.3 1.8 2.4 1 0.9 2.7 1.8 0.2 0.1 0.4 0.1 0.3 0 1-0.9t0.9-0.9zM14 26.9q2.3 0 4.3-0.9t3.6-2.4 2.4-3.6 0.9-4.3-0.9-4.3-2.4-3.6-3.6-2.4-4.3-0.9-4.3 0.9-3.6 2.4-2.4 3.6-0.9 4.3q0 3.6 2.1 6.6l-1.4 4.2 4.3-1.4q2.8 1.9 6.2 1.9zM14 2.2q2.7 0 5.2 1.1t4.3 2.9 2.9 4.3 1.1 5.2-1.1 5.2-2.9 4.3-4.3 2.9-5.2 1.1q-3.5 0-6.5-1.7l-7.4 2.4 2.4-7.2q-1.9-3.2-1.9-6.9 0-2.7 1.1-5.2t2.9-4.3 4.3-2.9 5.2-1.1z\"\/><\/svg><\/span><\/a><\/li><li class=\"shariff-button telegram shariff-nocustomcolor\" style=\"background-color:#4084A6\"><a href=\"https:\/\/telegram.me\/share\/url?url=https%3A%2F%2Fschnebele.de%2F%3Fp%3D4998&text=Splitter%20Verlag%20%E2%80%93%20Kleinserien\" title=\"Bei Telegram teilen\" aria-label=\"Bei Telegram teilen\" role=\"button\" rel=\"noopener nofollow\" class=\"shariff-link\" style=\"; background-color:#0088cc; color:#fff\" target=\"_blank\"><span class=\"shariff-icon\" style=\"\"><svg width=\"32px\" height=\"20px\" xmlns=\"http:\/\/www.w3.org\/2000\/svg\" viewBox=\"0 0 32 32\"><path fill=\"#0088cc\" d=\"M30.8 6.5l-4.5 21.4c-.3 1.5-1.2 1.9-2.5 1.2L16.9 24l-3.3 3.2c-.4.4-.7.7-1.4.7l.5-7L25.5 9.2c.6-.5-.1-.8-.9-.3l-15.8 10L2 16.7c-1.5-.5-1.5-1.5.3-2.2L28.9 4.3c1.3-.5 2.3.3 1.9 2.2z\"\/><\/svg><\/span><\/a><\/li><li class=\"shariff-button threema shariff-nocustomcolor shariff-mobile\" style=\"background-color:#4fbc24\"><a href=\"threema:\/\/compose?text=Splitter%20Verlag%20%E2%80%93%20Kleinserien%20https%3A%2F%2Fschnebele.de%2F%3Fp%3D4998\" title=\"Bei Threema teilen\" aria-label=\"Bei Threema teilen\" role=\"button\" rel=\"noopener nofollow\" class=\"shariff-link\" style=\"; background-color:#1f1f1f; color:#fff\" target=\"_blank\"><span class=\"shariff-icon\" style=\"\"><svg width=\"32px\" height=\"20px\" xmlns=\"http:\/\/www.w3.org\/2000\/svg\" viewBox=\"0 0 32 32\"><path fill=\"#1f1f1f\" d=\"M30.8 10.9c-0.3-1.4-0.9-2.6-1.8-3.8-2-2.6-5.5-4.5-9.4-5.2-1.3-0.2-1.9-0.3-3.5-0.3s-2.2 0-3.5 0.3c-4 0.7-7.4 2.6-9.4 5.2-0.9 1.2-1.5 2.4-1.8 3.8-0.1 0.5-0.2 1.2-0.2 1.6 0 0.4 0.1 1.1 0.2 1.6 0.4 1.9 1.3 3.4 2.9 5 0.8 0.8 0.8 0.8 0.7 1.3 0 0.6-0.5 1.6-1.7 3.6-0.3 0.5-0.5 0.9-0.5 0.9 0 0.1 0.1 0.1 0.5 0 0.8-0.2 2.3-0.6 5.6-1.6 1.1-0.3 1.3-0.4 2.3-0.4 0.8 0 1.1 0 2.3 0.2 1.5 0.2 3.5 0.2 4.9 0 5.1-0.6 9.3-2.9 11.4-6.3 0.5-0.9 0.9-1.8 1.1-2.8 0.1-0.5 0.2-1.1 0.2-1.6 0-0.7-0.1-1.1-0.2-1.6-0.3-1.4 0.1 0.5 0 0zM20.6 17.3c0 0.4-0.4 0.8-0.8 0.8h-7.7c-0.4 0-0.8-0.4-0.8-0.8v-4.6c0-0.4 0.4-0.8 0.8-0.8h0.2l0-1.6c0-0.9 0-1.8 0.1-2 0.1-0.6 0.6-1.2 1.1-1.7s1.1-0.7 1.9-0.8c1.8-0.3 3.7 0.7 4.2 2.2 0.1 0.3 0.1 0.7 0.1 2.1v0 1.7h0.1c0.4 0 0.8 0.4 0.8 0.8v4.6zM15.6 7.3c-0.5 0.1-0.8 0.3-1.2 0.6s-0.6 0.8-0.7 1.3c0 0.2 0 0.8 0 1.5l0 1.2h4.6v-1.3c0-1 0-1.4-0.1-1.6-0.3-1.1-1.5-1.9-2.6-1.7zM25.8 28.2c0 1.2-1 2.2-2.1 2.2s-2.1-1-2.1-2.1c0-1.2 1-2.1 2.2-2.1s2.2 1 2.2 2.2zM18.1 28.2c0 1.2-1 2.2-2.1 2.2s-2.1-1-2.1-2.1c0-1.2 1-2.1 2.2-2.1s2.2 1 2.2 2.2zM10.4 28.2c0 1.2-1 2.2-2.1 2.2s-2.1-1-2.1-2.1c0-1.2 1-2.1 2.2-2.1s2.2 1 2.2 2.2z\"\/><\/svg><\/span><\/a><\/li><li class=\"shariff-button mailto shariff-nocustomcolor\" style=\"background-color:#a8a8a8\"><a href=\"mailto:?body=https%3A%2F%2Fschnebele.de%2F%3Fp%3D4998&subject=Splitter%20Verlag%20%E2%80%93%20Kleinserien\" title=\"Per E-Mail versenden\" aria-label=\"Per E-Mail versenden\" role=\"button\" rel=\"noopener nofollow\" class=\"shariff-link\" style=\"; background-color:#999; color:#fff\"><span class=\"shariff-icon\" style=\"\"><svg width=\"32px\" height=\"20px\" xmlns=\"http:\/\/www.w3.org\/2000\/svg\" viewBox=\"0 0 32 32\"><path fill=\"#999\" d=\"M32 12.7v14.2q0 1.2-0.8 2t-2 0.9h-26.3q-1.2 0-2-0.9t-0.8-2v-14.2q0.8 0.9 1.8 1.6 6.5 4.4 8.9 6.1 1 0.8 1.6 1.2t1.7 0.9 2 0.4h0.1q0.9 0 2-0.4t1.7-0.9 1.6-1.2q3-2.2 8.9-6.1 1-0.7 1.8-1.6zM32 7.4q0 1.4-0.9 2.7t-2.2 2.2q-6.7 4.7-8.4 5.8-0.2 0.1-0.7 0.5t-1 0.7-0.9 0.6-1.1 0.5-0.9 0.2h-0.1q-0.4 0-0.9-0.2t-1.1-0.5-0.9-0.6-1-0.7-0.7-0.5q-1.6-1.1-4.7-3.2t-3.6-2.6q-1.1-0.7-2.1-2t-1-2.5q0-1.4 0.7-2.3t2.1-0.9h26.3q1.2 0 2 0.8t0.9 2z\"\/><\/svg><\/span><\/a><\/li><li class=\"shariff-button info shariff-nocustomcolor\" style=\"background-color:#eee\"><a href=\"http:\/\/ct.de\/-2467514\" title=\"Weitere Informationen\" aria-label=\"Weitere Informationen\" role=\"button\" rel=\"noopener \" class=\"shariff-link\" style=\"; background-color:#fff; color:#fff\" target=\"_blank\"><span class=\"shariff-icon\" style=\"\"><svg width=\"32px\" height=\"20px\" xmlns=\"http:\/\/www.w3.org\/2000\/svg\" viewBox=\"0 0 11 32\"><path fill=\"#999\" d=\"M11.4 24v2.3q0 0.5-0.3 0.8t-0.8 0.4h-9.1q-0.5 0-0.8-0.4t-0.4-0.8v-2.3q0-0.5 0.4-0.8t0.8-0.4h1.1v-6.8h-1.1q-0.5 0-0.8-0.4t-0.4-0.8v-2.3q0-0.5 0.4-0.8t0.8-0.4h6.8q0.5 0 0.8 0.4t0.4 0.8v10.3h1.1q0.5 0 0.8 0.4t0.3 0.8zM9.2 3.4v3.4q0 0.5-0.4 0.8t-0.8 0.4h-4.6q-0.4 0-0.8-0.4t-0.4-0.8v-3.4q0-0.4 0.4-0.8t0.8-0.4h4.6q0.5 0 0.8 0.4t0.4 0.8z\"\/><\/svg><\/span><\/a><\/li><\/ul><\/div>","protected":false},"author":1,"featured_media":5000,"comment_status":"open","ping_status":"open","sticky":false,"template":"","format":"standard","meta":{"ngg_post_thumbnail":0,"_jetpack_newsletter_access":"","_jetpack_dont_email_post_to_subs":false,"_jetpack_newsletter_tier_id":0,"_jetpack_memberships_contains_paywalled_content":false,"_jetpack_memberships_contains_paid_content":false,"footnotes":""},"categories":[402],"tags":[467,455,461,373,447,404,405,406,407,437,60,171,450,425,429,435,408,409,410,434,438,462,449,411,412,413,445,414,415,443,451,440,459,441,458,403,416,417,418,419,420,446,456,444,464,433,460,421,422,439,180,423,424,426,159,453,432,427,428,452,457,436,468,465,442,448,431,430,463,466,282,454],"class_list":["post-4998","post","type-post","status-publish","format-standard","has-post-thumbnail","hentry","category-splitter-verlag","tag-alejandro-jodorowsky","tag-alessio-lapo","tag-alexe","tag-andre-paul-duchateau","tag-anthony-jean","tag-apache-junction","tag-assassins-creed","tag-bruce-j-hawker","tag-carthago","tag-christophe-bec","tag-comanche","tag-dan-cooper","tag-delia-wuellner","tag-der-schreckliche-papst","tag-der-toenerne-thron","tag-djillali-defali","tag-druiden","tag-durandal","tag-einhorn","tag-eric-corbeyran","tag-eric-henninot","tag-eric-stalner","tag-francois-bourgeon","tag-fuenfte-evangelium","tag-gefaehrten-der-daemmerung","tag-geisseln-von-enharma","tag-gwendal-lemercier","tag-heiligtum","tag-herren-von-cornwall","tag-jacques-lamontagne","tag-james-ter-beek","tag-jaouen","tag-jean-dufaux","tag-jean-luc-istin","tag-juzhen","tag-kleinserien","tag-konungar","tag-kreuzzug","tag-lancelot","tag-malemort","tag-mann-der-keine-feuerwaffen-mochte","tag-mathieu-gabella","tag-monja-reichert","tag-nicolas-jarry","tag-paul-salomone","tag-peter-nuyten","tag-philippe-xavier","tag-pik-as","tag-prophet","tag-resel-rebiersch","tag-rick-master","tag-ritter-des-verlorenen-landes","tag-ronson-inc","tag-soeldner","tag-splitter-verlag","tag-stephane-crety","tag-storm","tag-sukkubus","tag-surcouf","tag-sylvain-cordurie","tag-sylvain-runberg","tag-tanja-kraemling","tag-theo","tag-thierry-gloris","tag-thierry-jigourel","tag-thimothee-montaigne","tag-thorgal","tag-unter-schwarzer-flagge","tag-wilfrid-lupano","tag-willem-ritstier","tag-william-vance","tag-xavier-dorison"],"jetpack_featured_media_url":"https:\/\/schnebele.de\/wp-content\/uploads\/2017\/12\/11231089_10153457532761473_399832521128610544_n.jpg","jetpack_shortlink":"https:\/\/wp.me\/p8GLvb-1iC","jetpack-related-posts":[],"jetpack_sharing_enabled":true,"_links":{"self":[{"href":"https:\/\/schnebele.de\/index.php?rest_route=\/wp\/v2\/posts\/4998","targetHints":{"allow":["GET"]}}],"collection":[{"href":"https:\/\/schnebele.de\/index.php?rest_route=\/wp\/v2\/posts"}],"about":[{"href":"https:\/\/schnebele.de\/index.php?rest_route=\/wp\/v2\/types\/post"}],"author":[{"embeddable":true,"href":"https:\/\/schnebele.de\/index.php?rest_route=\/wp\/v2\/users\/1"}],"replies":[{"embeddable":true,"href":"https:\/\/schnebele.de\/index.php?rest_route=%2Fwp%2Fv2%2Fcomments&post=4998"}],"version-history":[{"count":50,"href":"https:\/\/schnebele.de\/index.php?rest_route=\/wp\/v2\/posts\/4998\/revisions"}],"predecessor-version":[{"id":6415,"href":"https:\/\/schnebele.de\/index.php?rest_route=\/wp\/v2\/posts\/4998\/revisions\/6415"}],"wp:featuredmedia":[{"embeddable":true,"href":"https:\/\/schnebele.de\/index.php?rest_route=\/wp\/v2\/media\/5000"}],"wp:attachment":[{"href":"https:\/\/schnebele.de\/index.php?rest_route=%2Fwp%2Fv2%2Fmedia&parent=4998"}],"wp:term":[{"taxonomy":"category","embeddable":true,"href":"https:\/\/schnebele.de\/index.php?rest_route=%2Fwp%2Fv2%2Fcategories&post=4998"},{"taxonomy":"post_tag","embeddable":true,"href":"https:\/\/schnebele.de\/index.php?rest_route=%2Fwp%2Fv2%2Ftags&post=4998"}],"curies":[{"name":"wp","href":"https:\/\/api.w.org\/{rel}","templated":true}]}}