{"id":2912,"date":"2017-05-12T04:35:15","date_gmt":"2017-05-12T04:35:15","guid":{"rendered":"http:\/\/schnebele.de\/?p=2912"},"modified":"2025-08-06T08:04:30","modified_gmt":"2025-08-06T08:04:30","slug":"wir-schueler-unsere-jahrgangsstufe","status":"publish","type":"post","link":"https:\/\/schnebele.de\/?p=2912","title":{"rendered":"Wir Sch\u00fcler &#8211; Unsere Jahrgangsstufe"},"content":{"rendered":"<p><img loading=\"lazy\" decoding=\"async\" class=\"alignnone wp-image-3046 size-full\" src=\"http:\/\/schnebele.de\/wp-content\/uploads\/2017\/05\/Sch\u00fcler-Header.jpg\" alt=\"\" width=\"564\" height=\"399\" srcset=\"https:\/\/schnebele.de\/wp-content\/uploads\/2017\/05\/Sch\u00fcler-Header.jpg 564w, https:\/\/schnebele.de\/wp-content\/uploads\/2017\/05\/Sch\u00fcler-Header-300x212.jpg 300w, https:\/\/schnebele.de\/wp-content\/uploads\/2017\/05\/Sch\u00fcler-Header-212x150.jpg 212w, https:\/\/schnebele.de\/wp-content\/uploads\/2017\/05\/Sch\u00fcler-Header-150x106.jpg 150w\" sizes=\"auto, (max-width: 564px) 100vw, 564px\" \/><\/p>\n<p>Hier sind wir alle auf einen Blick<\/p>\n<p>Ich habe versucht, von jedem Bilder aus der Schulzeit aufzutreiben und habe die aktuellen Fotos gegen\u00fcbergestellt. Sehr viele L\u00fccken gibt es nicht; aber sollte jemand von Euch noch den einen oder anderen auf einem Eurer alten Fotos finden, dann w\u00e4re es super, wenn Ihr mir einen Scan r\u00fcbermailen k\u00f6nntet.<\/p>\n<p>Neben den alten Schulfotos habe ich dann Fotos von Euch eingestellt, die auf den jeweiligen Jahrgangsstufentreffen gemacht wurden.<\/p>\n<p>Auf Grund immer h\u00e4ufiger auftrendender Spam- und Phishing Aktionen im Netz habe ich mich dazu entschlossen, Adressen, Telefonnummern und Mailadressen von dieser Seite zu entfernen. Wer Interesse an Kontaktinformationen hat, kann diese gerne bei mir erfragen.<\/p>\n<p>&nbsp;<\/p>\n<p><strong><img loading=\"lazy\" decoding=\"async\" class=\"alignnone size-full wp-image-2920\" src=\"http:\/\/schnebele.de\/wp-content\/uploads\/2017\/05\/Ackerschott-B\u00e4rbel.jpg\" width=\"90\" height=\"95\"><br \/>\nB\u00e4rbel Ackerschott<br \/>\n<\/strong>langj\u00e4hrige Mitsch\u00fclerin, kein Abiturjahrgang 1978<\/p>\n<p>&nbsp;<\/p>\n<p><strong><img loading=\"lazy\" decoding=\"async\" class=\"alignnone size-full wp-image-2921\" src=\"http:\/\/schnebele.de\/wp-content\/uploads\/2017\/05\/Bals-Friedhelm.jpg\" alt=\"\" width=\"90\" height=\"90\">&nbsp;<img loading=\"lazy\" decoding=\"async\" class=\"alignnone size-full wp-image-3106\" src=\"http:\/\/schnebele.de\/wp-content\/uploads\/2017\/05\/Bals-Friedhelm-5.jpg\" alt=\"\" width=\"86\" height=\"90\">&nbsp;<img loading=\"lazy\" decoding=\"async\" class=\"alignnone size-full wp-image-3213\" src=\"http:\/\/schnebele.de\/wp-content\/uploads\/2017\/05\/Bals-Friedhelm-2008.jpg\" alt=\"\" width=\"90\" height=\"90\">&nbsp;<img loading=\"lazy\" decoding=\"async\" class=\"alignnone size-full wp-image-3327\" src=\"http:\/\/schnebele.de\/wp-content\/uploads\/2017\/05\/Bals-2013.jpg\" alt=\"\" width=\"90\" height=\"89\"> <img loading=\"lazy\" decoding=\"async\" class=\"alignnone wp-image-6213\" src=\"http:\/\/schnebele.de\/wp-content\/uploads\/2017\/05\/Bals-01-291x300.jpg\" alt=\"\" width=\"87\" height=\"90\" srcset=\"https:\/\/schnebele.de\/wp-content\/uploads\/2017\/05\/Bals-01-291x300.jpg 291w, https:\/\/schnebele.de\/wp-content\/uploads\/2017\/05\/Bals-01-768x792.jpg 768w, https:\/\/schnebele.de\/wp-content\/uploads\/2017\/05\/Bals-01-145x150.jpg 145w, https:\/\/schnebele.de\/wp-content\/uploads\/2017\/05\/Bals-01.jpg 834w\" sizes=\"auto, (max-width: 87px) 100vw, 87px\" \/><br \/>\nFriedhelm Bals&nbsp; <\/strong><\/p>\n<p>&nbsp;<\/p>\n<p><strong><img loading=\"lazy\" decoding=\"async\" class=\"alignnone size-full wp-image-2923\" src=\"http:\/\/schnebele.de\/wp-content\/uploads\/2017\/05\/Becker-Petra-1.jpg\" alt=\"\" width=\"90\" height=\"90\">&nbsp;<img loading=\"lazy\" decoding=\"async\" class=\"alignnone size-full wp-image-3107\" src=\"http:\/\/schnebele.de\/wp-content\/uploads\/2017\/05\/Becker-Petra-2.jpg\" alt=\"\" width=\"90\" height=\"90\"> <img loading=\"lazy\" decoding=\"async\" class=\"alignnone wp-image-6214\" src=\"http:\/\/schnebele.de\/wp-content\/uploads\/2017\/05\/Becker-01-300x295.jpg\" alt=\"\" width=\"92\" height=\"90\" srcset=\"https:\/\/schnebele.de\/wp-content\/uploads\/2017\/05\/Becker-01-300x295.jpg 300w, https:\/\/schnebele.de\/wp-content\/uploads\/2017\/05\/Becker-01-1024x1006.jpg 1024w, https:\/\/schnebele.de\/wp-content\/uploads\/2017\/05\/Becker-01-768x754.jpg 768w, https:\/\/schnebele.de\/wp-content\/uploads\/2017\/05\/Becker-01-153x150.jpg 153w, https:\/\/schnebele.de\/wp-content\/uploads\/2017\/05\/Becker-01-150x147.jpg 150w, https:\/\/schnebele.de\/wp-content\/uploads\/2017\/05\/Becker-01.jpg 1414w\" sizes=\"auto, (max-width: 92px) 100vw, 92px\" \/><br \/>\nPetra Becker<br \/>\n<\/strong>verheiratete Jonas&nbsp;<\/p>\n<p>&nbsp;<\/p>\n<p><strong><img loading=\"lazy\" decoding=\"async\" class=\"alignnone size-full wp-image-2924\" src=\"http:\/\/schnebele.de\/wp-content\/uploads\/2017\/05\/Birnstengel-Klaus.jpg\" alt=\"\" width=\"90\" height=\"90\">&nbsp;<img loading=\"lazy\" decoding=\"async\" class=\"alignnone size-full wp-image-3108\" src=\"http:\/\/schnebele.de\/wp-content\/uploads\/2017\/05\/Birnstengel-2.jpg\" alt=\"\" width=\"90\" height=\"90\">&nbsp;<img loading=\"lazy\" decoding=\"async\" class=\"alignnone size-full wp-image-3214\" src=\"http:\/\/schnebele.de\/wp-content\/uploads\/2017\/05\/Birnstengel-Klaus-2008.jpg\" alt=\"\" width=\"90\" height=\"90\">&nbsp;<img loading=\"lazy\" decoding=\"async\" class=\"alignnone size-full wp-image-3328\" src=\"http:\/\/schnebele.de\/wp-content\/uploads\/2017\/05\/Birnstengel-2013.jpg\" alt=\"\" width=\"88\" height=\"90\">&nbsp;<img loading=\"lazy\" decoding=\"async\" class=\"alignnone wp-image-5527\" src=\"http:\/\/schnebele.de\/wp-content\/uploads\/2018\/06\/Birnstengel-150x150.jpg\" alt=\"\" width=\"90\" height=\"92\" srcset=\"https:\/\/schnebele.de\/wp-content\/uploads\/2018\/06\/Birnstengel-293x300.jpg 293w, https:\/\/schnebele.de\/wp-content\/uploads\/2018\/06\/Birnstengel-768x786.jpg 768w, https:\/\/schnebele.de\/wp-content\/uploads\/2018\/06\/Birnstengel-1000x1024.jpg 1000w, https:\/\/schnebele.de\/wp-content\/uploads\/2018\/06\/Birnstengel-147x150.jpg 147w, https:\/\/schnebele.de\/wp-content\/uploads\/2018\/06\/Birnstengel.jpg 1392w\" sizes=\"auto, (max-width: 90px) 100vw, 90px\" \/> <img loading=\"lazy\" decoding=\"async\" class=\"alignnone wp-image-6215\" src=\"http:\/\/schnebele.de\/wp-content\/uploads\/2017\/05\/Birnstengel-290x300.jpg\" alt=\"\" width=\"87\" height=\"90\" srcset=\"https:\/\/schnebele.de\/wp-content\/uploads\/2017\/05\/Birnstengel-290x300.jpg 290w, https:\/\/schnebele.de\/wp-content\/uploads\/2017\/05\/Birnstengel-990x1024.jpg 990w, https:\/\/schnebele.de\/wp-content\/uploads\/2017\/05\/Birnstengel-768x794.jpg 768w, https:\/\/schnebele.de\/wp-content\/uploads\/2017\/05\/Birnstengel-1485x1536.jpg 1485w, https:\/\/schnebele.de\/wp-content\/uploads\/2017\/05\/Birnstengel-1980x2048.jpg 1980w, https:\/\/schnebele.de\/wp-content\/uploads\/2017\/05\/Birnstengel-145x150.jpg 145w\" sizes=\"auto, (max-width: 87px) 100vw, 87px\" \/><br \/>\nKlaus Birnstengel&nbsp; <\/strong><\/p>\n<p>&nbsp;<\/p>\n<p><strong><img loading=\"lazy\" decoding=\"async\" class=\"alignnone size-full wp-image-2925\" src=\"http:\/\/schnebele.de\/wp-content\/uploads\/2017\/05\/Blume_Inge.jpg\" alt=\"\" width=\"90\" height=\"90\">&nbsp;<img loading=\"lazy\" decoding=\"async\" class=\"alignnone size-full wp-image-3109\" src=\"http:\/\/schnebele.de\/wp-content\/uploads\/2017\/05\/Blume_inge_neu.jpg\" alt=\"\" width=\"90\" height=\"90\">&nbsp;<img loading=\"lazy\" decoding=\"async\" class=\"alignnone size-full wp-image-3215\" src=\"http:\/\/schnebele.de\/wp-content\/uploads\/2017\/05\/Blume-Inge-2008.jpg\" alt=\"\" width=\"90\" height=\"90\"><br \/>\nInge Blume<br \/>\n<\/strong>mit uns auf dem Gymnasium eingeschult, aber in der 7. Klasse sitzengeblieben und Abi 1979 gemacht<\/p>\n<p>&nbsp;<\/p>\n<p><img loading=\"lazy\" decoding=\"async\" class=\"alignnone wp-image-6306\" src=\"http:\/\/schnebele.de\/wp-content\/uploads\/2017\/05\/Braasch-edit.jpg\" alt=\"\" width=\"85\" height=\"90\"><br \/>\n<strong>Friedhelm Braasch<\/strong><br \/>\nFriedhelm war in der 5a, ist aber vor dem Abi abgegangen<br \/>\nverstorben 17.05.2024<\/p>\n<p>&nbsp;<\/p>\n<p><strong><img loading=\"lazy\" decoding=\"async\" class=\"alignnone size-full wp-image-3110\" src=\"http:\/\/schnebele.de\/wp-content\/uploads\/2017\/05\/Brandt-Christiane-2.jpg\" width=\"92\" height=\"90\">&nbsp;<img loading=\"lazy\" decoding=\"async\" class=\"alignnone size-full wp-image-3216\" src=\"http:\/\/schnebele.de\/wp-content\/uploads\/2017\/05\/Brandt-Christiane-2008.jpg\" alt=\"\" width=\"90\" height=\"90\">&nbsp;<img loading=\"lazy\" decoding=\"async\" class=\"alignnone size-full wp-image-3329\" src=\"http:\/\/schnebele.de\/wp-content\/uploads\/2017\/05\/Brandt-2013.jpg\" alt=\"\" width=\"90\" height=\"88\">&nbsp;<img loading=\"lazy\" decoding=\"async\" class=\"alignnone wp-image-5528\" src=\"http:\/\/schnebele.de\/wp-content\/uploads\/2018\/06\/Brandt-a-150x150.jpg\" alt=\"\" width=\"90\" height=\"92\" srcset=\"https:\/\/schnebele.de\/wp-content\/uploads\/2018\/06\/Brandt-a-295x300.jpg 295w, https:\/\/schnebele.de\/wp-content\/uploads\/2018\/06\/Brandt-a-768x782.jpg 768w, https:\/\/schnebele.de\/wp-content\/uploads\/2018\/06\/Brandt-a-1006x1024.jpg 1006w, https:\/\/schnebele.de\/wp-content\/uploads\/2018\/06\/Brandt-a-147x150.jpg 147w, https:\/\/schnebele.de\/wp-content\/uploads\/2018\/06\/Brandt-a.jpg 1645w\" sizes=\"auto, (max-width: 90px) 100vw, 90px\" \/> <img loading=\"lazy\" decoding=\"async\" class=\"alignnone wp-image-6231\" src=\"http:\/\/schnebele.de\/wp-content\/uploads\/2017\/05\/Jansen-02-294x300.jpg\" alt=\"\" width=\"88\" height=\"90\" srcset=\"https:\/\/schnebele.de\/wp-content\/uploads\/2017\/05\/Jansen-02-294x300.jpg 294w, https:\/\/schnebele.de\/wp-content\/uploads\/2017\/05\/Jansen-02-1004x1024.jpg 1004w, https:\/\/schnebele.de\/wp-content\/uploads\/2017\/05\/Jansen-02-768x783.jpg 768w, https:\/\/schnebele.de\/wp-content\/uploads\/2017\/05\/Jansen-02-147x150.jpg 147w, https:\/\/schnebele.de\/wp-content\/uploads\/2017\/05\/Jansen-02.jpg 1268w\" sizes=\"auto, (max-width: 88px) 100vw, 88px\" \/><br \/>\nChristiane Brandt<br \/>\n<\/strong>verheiratete Jansen<\/p>\n<p>&nbsp;<\/p>\n<p><strong><img loading=\"lazy\" decoding=\"async\" class=\"alignnone size-full wp-image-2927\" src=\"http:\/\/schnebele.de\/wp-content\/uploads\/2017\/05\/Brensing-Birgit.jpg\" alt=\"\" width=\"90\" height=\"90\">&nbsp;<img loading=\"lazy\" decoding=\"async\" class=\"alignnone size-full wp-image-3111\" src=\"http:\/\/schnebele.de\/wp-content\/uploads\/2017\/05\/Brensing-Birgit-8.jpg\" alt=\"\" width=\"90\" height=\"88\">&nbsp;<img loading=\"lazy\" decoding=\"async\" class=\"alignnone size-full wp-image-3217\" src=\"http:\/\/schnebele.de\/wp-content\/uploads\/2017\/05\/Brensing-Birgit-1-2008.jpg\" alt=\"\" width=\"90\" height=\"90\">&nbsp;<img loading=\"lazy\" decoding=\"async\" class=\"alignnone size-full wp-image-3330\" src=\"http:\/\/schnebele.de\/wp-content\/uploads\/2017\/05\/Brensing-2013-2.jpg\" alt=\"\" width=\"90\" height=\"89\">&nbsp;<img loading=\"lazy\" decoding=\"async\" class=\"alignnone wp-image-5529\" src=\"http:\/\/schnebele.de\/wp-content\/uploads\/2018\/06\/Brensing-a-150x150.jpg\" alt=\"\" width=\"90\" height=\"93\" srcset=\"https:\/\/schnebele.de\/wp-content\/uploads\/2018\/06\/Brensing-a-291x300.jpg 291w, https:\/\/schnebele.de\/wp-content\/uploads\/2018\/06\/Brensing-a-768x793.jpg 768w, https:\/\/schnebele.de\/wp-content\/uploads\/2018\/06\/Brensing-a-145x150.jpg 145w, https:\/\/schnebele.de\/wp-content\/uploads\/2018\/06\/Brensing-a.jpg 901w\" sizes=\"auto, (max-width: 90px) 100vw, 90px\" \/><br \/>\nBirgit Brensing&nbsp;<br \/>\n<\/strong>verheiratete Ubber<\/p>\n<p>&nbsp;<\/p>\n<p><strong><img loading=\"lazy\" decoding=\"async\" class=\"alignnone size-full wp-image-2928\" src=\"http:\/\/schnebele.de\/wp-content\/uploads\/2017\/05\/Br\u00fcck-Birgit.jpg\" alt=\"\" width=\"90\" height=\"90\">&nbsp;<img loading=\"lazy\" decoding=\"async\" class=\"alignnone size-full wp-image-3112\" src=\"http:\/\/schnebele.de\/wp-content\/uploads\/2017\/05\/Br\u00fcck-Birgit-5.jpg\" width=\"92\" height=\"90\">&nbsp;<img loading=\"lazy\" decoding=\"async\" class=\"alignnone size-full wp-image-3219\" src=\"http:\/\/schnebele.de\/wp-content\/uploads\/2017\/05\/Brueck-Birgit-2008.jpg\" alt=\"\" width=\"90\" height=\"90\">&nbsp;<img loading=\"lazy\" decoding=\"async\" class=\"alignnone size-full wp-image-3331\" src=\"http:\/\/schnebele.de\/wp-content\/uploads\/2017\/05\/Br\u00fcck-2013.jpg\" width=\"93\" height=\"90\">&nbsp;<img loading=\"lazy\" decoding=\"async\" class=\"alignnone wp-image-5530\" src=\"http:\/\/schnebele.de\/wp-content\/uploads\/2018\/06\/Br\u00fcck-150x150.jpg\" alt=\"\" width=\"90\" height=\"92\" srcset=\"https:\/\/schnebele.de\/wp-content\/uploads\/2018\/06\/Br\u00fcck-295x300.jpg 295w, https:\/\/schnebele.de\/wp-content\/uploads\/2018\/06\/Br\u00fcck-768x782.jpg 768w, https:\/\/schnebele.de\/wp-content\/uploads\/2018\/06\/Br\u00fcck-1006x1024.jpg 1006w, https:\/\/schnebele.de\/wp-content\/uploads\/2018\/06\/Br\u00fcck-147x150.jpg 147w, https:\/\/schnebele.de\/wp-content\/uploads\/2018\/06\/Br\u00fcck.jpg 1038w\" sizes=\"auto, (max-width: 90px) 100vw, 90px\" \/> <img loading=\"lazy\" decoding=\"async\" class=\"alignnone wp-image-6216\" src=\"http:\/\/schnebele.de\/wp-content\/uploads\/2017\/05\/Brueck-01-279x300.jpg\" alt=\"\" width=\"84\" height=\"90\" srcset=\"https:\/\/schnebele.de\/wp-content\/uploads\/2017\/05\/Brueck-01-279x300.jpg 279w, https:\/\/schnebele.de\/wp-content\/uploads\/2017\/05\/Brueck-01-952x1024.jpg 952w, https:\/\/schnebele.de\/wp-content\/uploads\/2017\/05\/Brueck-01-768x826.jpg 768w, https:\/\/schnebele.de\/wp-content\/uploads\/2017\/05\/Brueck-01-1428x1536.jpg 1428w, https:\/\/schnebele.de\/wp-content\/uploads\/2017\/05\/Brueck-01-1903x2048.jpg 1903w, https:\/\/schnebele.de\/wp-content\/uploads\/2017\/05\/Brueck-01-139x150.jpg 139w\" sizes=\"auto, (max-width: 84px) 100vw, 84px\" \/><br \/>\nBirgit Br\u00fcck<br \/>\n<\/strong>verheiratete Becker<\/p>\n<p>&nbsp;<\/p>\n<p><strong><img loading=\"lazy\" decoding=\"async\" class=\"alignnone size-full wp-image-2929\" src=\"http:\/\/schnebele.de\/wp-content\/uploads\/2017\/05\/Br\u00fcck-Volker-1.jpg\" width=\"90\" height=\"92\"><br \/>\nVolker Br\u00fcck<br \/>\n<\/strong>verstorben Juli 1994<\/p>\n<p>&nbsp;<\/p>\n<p><strong><img loading=\"lazy\" decoding=\"async\" class=\"alignnone size-full wp-image-2930\" src=\"http:\/\/schnebele.de\/wp-content\/uploads\/2017\/05\/Bublis-2-1.jpg\" alt=\"\" width=\"90\" height=\"90\"><br \/>\nDirk Bublies<br \/>\n<\/strong>vestorben<\/p>\n<p>&nbsp;<\/p>\n<p><strong><img loading=\"lazy\" decoding=\"async\" class=\"alignnone size-full wp-image-3113\" src=\"http:\/\/schnebele.de\/wp-content\/uploads\/2017\/05\/Bublies-Gabi-1.jpg\" width=\"93\" height=\"90\">&nbsp;<img loading=\"lazy\" decoding=\"async\" class=\"alignnone size-full wp-image-3220\" src=\"http:\/\/schnebele.de\/wp-content\/uploads\/2017\/05\/Bublies-Gaby-2008.jpg\" alt=\"\" width=\"90\" height=\"90\">&nbsp;<img loading=\"lazy\" decoding=\"async\" class=\"alignnone size-full wp-image-3332\" src=\"http:\/\/schnebele.de\/wp-content\/uploads\/2017\/05\/Bublies-2013.jpg\" width=\"93\" height=\"90\">&nbsp;<img loading=\"lazy\" decoding=\"async\" class=\"alignnone wp-image-5531\" src=\"http:\/\/schnebele.de\/wp-content\/uploads\/2018\/06\/Bublies-150x150.jpg\" alt=\"\" width=\"90\" height=\"91\" srcset=\"https:\/\/schnebele.de\/wp-content\/uploads\/2018\/06\/Bublies-150x150.jpg 150w, https:\/\/schnebele.de\/wp-content\/uploads\/2018\/06\/Bublies-295x300.jpg 295w, https:\/\/schnebele.de\/wp-content\/uploads\/2018\/06\/Bublies-768x780.jpg 768w, https:\/\/schnebele.de\/wp-content\/uploads\/2018\/06\/Bublies-1008x1024.jpg 1008w, https:\/\/schnebele.de\/wp-content\/uploads\/2018\/06\/Bublies-148x150.jpg 148w, https:\/\/schnebele.de\/wp-content\/uploads\/2018\/06\/Bublies.jpg 1381w\" sizes=\"auto, (max-width: 90px) 100vw, 90px\" \/> <img loading=\"lazy\" decoding=\"async\" class=\"alignnone wp-image-6217\" src=\"http:\/\/schnebele.de\/wp-content\/uploads\/2017\/05\/Bublies-300x289.jpg\" alt=\"\" width=\"93\" height=\"90\" srcset=\"https:\/\/schnebele.de\/wp-content\/uploads\/2017\/05\/Bublies-300x289.jpg 300w, https:\/\/schnebele.de\/wp-content\/uploads\/2017\/05\/Bublies-768x740.jpg 768w, https:\/\/schnebele.de\/wp-content\/uploads\/2017\/05\/Bublies-156x150.jpg 156w, https:\/\/schnebele.de\/wp-content\/uploads\/2017\/05\/Bublies-150x145.jpg 150w, https:\/\/schnebele.de\/wp-content\/uploads\/2017\/05\/Bublies.jpg 834w\" sizes=\"auto, (max-width: 93px) 100vw, 93px\" \/><br \/>\nGabriele Bublies&nbsp;<br \/>\n<\/strong><\/p>\n<p>&nbsp;<\/p>\n<p><strong><img loading=\"lazy\" decoding=\"async\" class=\"alignnone size-full wp-image-2931\" src=\"http:\/\/schnebele.de\/wp-content\/uploads\/2017\/05\/Buttchereyt-Elke.jpg\" alt=\"\" width=\"89\" height=\"90\">&nbsp;<img loading=\"lazy\" decoding=\"async\" class=\"alignnone size-full wp-image-3114\" src=\"http:\/\/schnebele.de\/wp-content\/uploads\/2017\/05\/Buttchereyt-Elke-3.jpg\" alt=\"\" width=\"87\" height=\"90\">&nbsp;<img loading=\"lazy\" decoding=\"async\" class=\"alignnone size-full wp-image-3221\" src=\"http:\/\/schnebele.de\/wp-content\/uploads\/2017\/05\/Buttchereyt-Elke-2008.jpg\" alt=\"\" width=\"90\" height=\"90\">&nbsp;<img loading=\"lazy\" decoding=\"async\" class=\"alignnone size-full wp-image-3333\" src=\"http:\/\/schnebele.de\/wp-content\/uploads\/2017\/05\/Buttchereyt-2013.jpg\" width=\"94\" height=\"90\">&nbsp;<img loading=\"lazy\" decoding=\"async\" class=\"alignnone wp-image-5532\" src=\"http:\/\/schnebele.de\/wp-content\/uploads\/2018\/06\/Buttchereyt-a-150x150.jpg\" alt=\"\" width=\"90\" height=\"94\" srcset=\"https:\/\/schnebele.de\/wp-content\/uploads\/2018\/06\/Buttchereyt-a-289x300.jpg 289w, https:\/\/schnebele.de\/wp-content\/uploads\/2018\/06\/Buttchereyt-a-768x798.jpg 768w, https:\/\/schnebele.de\/wp-content\/uploads\/2018\/06\/Buttchereyt-a-986x1024.jpg 986w, https:\/\/schnebele.de\/wp-content\/uploads\/2018\/06\/Buttchereyt-a-144x150.jpg 144w\" sizes=\"auto, (max-width: 90px) 100vw, 90px\" \/><br \/>\nElke Buttchereyt<br \/>\n<\/strong>geschiedene Engelbert<\/p>\n<p>&nbsp;<\/p>\n<p><strong><img loading=\"lazy\" decoding=\"async\" class=\"alignnone wp-image-6300\" src=\"http:\/\/schnebele.de\/wp-content\/uploads\/2017\/05\/Carstensen-Dieter-1.jpg\" alt=\"\" width=\"90\" height=\"90\"> <img loading=\"lazy\" decoding=\"async\" class=\"alignnone wp-image-6301\" src=\"http:\/\/schnebele.de\/wp-content\/uploads\/2017\/05\/Carstensen-Dieter-2008-1.jpg\" alt=\"\" width=\"90\" height=\"90\"><br \/>\nDieter Carstensen<\/strong><\/p>\n<p>&nbsp;<\/p>\n<p><strong><img loading=\"lazy\" decoding=\"async\" class=\"alignnone size-full wp-image-2933\" src=\"http:\/\/schnebele.de\/wp-content\/uploads\/2017\/05\/Dehler-Iris.jpg\" alt=\"\" width=\"90\" height=\"90\">&nbsp;<img loading=\"lazy\" decoding=\"async\" class=\"alignnone size-full wp-image-3223\" src=\"http:\/\/schnebele.de\/wp-content\/uploads\/2017\/05\/Dehler-Iris-2008.jpg\" alt=\"\" width=\"90\" height=\"90\">&nbsp;<img loading=\"lazy\" decoding=\"async\" class=\"alignnone wp-image-5533\" src=\"http:\/\/schnebele.de\/wp-content\/uploads\/2018\/06\/Dehler-150x150.jpg\" alt=\"\" width=\"85\" height=\"95\" srcset=\"https:\/\/schnebele.de\/wp-content\/uploads\/2018\/06\/Dehler-268x300.jpg 268w, https:\/\/schnebele.de\/wp-content\/uploads\/2018\/06\/Dehler-134x150.jpg 134w, https:\/\/schnebele.de\/wp-content\/uploads\/2018\/06\/Dehler.jpg 730w\" sizes=\"auto, (max-width: 85px) 100vw, 85px\" \/><br \/>\nIris Dehler&nbsp; <\/strong><\/p>\n<p>&nbsp;<\/p>\n<p><strong><img loading=\"lazy\" decoding=\"async\" class=\"alignnone size-full wp-image-2934\" src=\"http:\/\/schnebele.de\/wp-content\/uploads\/2017\/05\/Demmer-Ulrich.jpg\" alt=\"\" width=\"90\" height=\"90\">&nbsp;<img loading=\"lazy\" decoding=\"async\" class=\"alignnone size-full wp-image-3116\" src=\"http:\/\/schnebele.de\/wp-content\/uploads\/2017\/05\/Demmer-Ulrich-2.jpg\" alt=\"\" width=\"90\" height=\"86\">&nbsp;<img loading=\"lazy\" decoding=\"async\" class=\"alignnone wp-image-5534\" src=\"http:\/\/schnebele.de\/wp-content\/uploads\/2018\/06\/Demmer-150x150.jpg\" alt=\"\" width=\"90\" height=\"89\" srcset=\"https:\/\/schnebele.de\/wp-content\/uploads\/2018\/06\/Demmer-150x148.jpg 150w, https:\/\/schnebele.de\/wp-content\/uploads\/2018\/06\/Demmer-300x297.jpg 300w, https:\/\/schnebele.de\/wp-content\/uploads\/2018\/06\/Demmer-768x759.jpg 768w, https:\/\/schnebele.de\/wp-content\/uploads\/2018\/06\/Demmer-1024x1012.jpg 1024w, https:\/\/schnebele.de\/wp-content\/uploads\/2018\/06\/Demmer.jpg 1920w\" sizes=\"auto, (max-width: 90px) 100vw, 90px\" \/> <img loading=\"lazy\" decoding=\"async\" class=\"alignnone wp-image-6218\" src=\"http:\/\/schnebele.de\/wp-content\/uploads\/2017\/05\/Demmer-01-300x285.jpg\" alt=\"\" width=\"95\" height=\"90\" srcset=\"https:\/\/schnebele.de\/wp-content\/uploads\/2017\/05\/Demmer-01-300x285.jpg 300w, https:\/\/schnebele.de\/wp-content\/uploads\/2017\/05\/Demmer-01-1024x972.jpg 1024w, https:\/\/schnebele.de\/wp-content\/uploads\/2017\/05\/Demmer-01-768x729.jpg 768w, https:\/\/schnebele.de\/wp-content\/uploads\/2017\/05\/Demmer-01-1536x1457.jpg 1536w, https:\/\/schnebele.de\/wp-content\/uploads\/2017\/05\/Demmer-01-158x150.jpg 158w, https:\/\/schnebele.de\/wp-content\/uploads\/2017\/05\/Demmer-01-150x142.jpg 150w, https:\/\/schnebele.de\/wp-content\/uploads\/2017\/05\/Demmer-01.jpg 1956w\" sizes=\"auto, (max-width: 95px) 100vw, 95px\" \/><br \/>\nUlrich Demmer&nbsp; <\/strong><\/p>\n<p>&nbsp;<\/p>\n<p><strong><img loading=\"lazy\" decoding=\"async\" class=\"alignnone size-full wp-image-2935\" src=\"http:\/\/schnebele.de\/wp-content\/uploads\/2017\/05\/Dick-Walter.jpg\" width=\"90\" height=\"104\"><br \/>\nWalter Dick&nbsp;<\/strong><\/p>\n<p>&nbsp;<\/p>\n<p><strong><img loading=\"lazy\" decoding=\"async\" class=\"alignnone size-full wp-image-2936\" src=\"http:\/\/schnebele.de\/wp-content\/uploads\/2017\/05\/Dietrich-Thomas.jpg\" alt=\"\" width=\"90\" height=\"85\">&nbsp;<img loading=\"lazy\" decoding=\"async\" class=\"alignnone size-full wp-image-3117\" src=\"http:\/\/schnebele.de\/wp-content\/uploads\/2017\/05\/Dietrich-Thomas-2.jpg\" alt=\"\" width=\"90\" height=\"84\">&nbsp;<br \/>\nThomas Dietrich&nbsp;<\/strong><\/p>\n<p>&nbsp;<\/p>\n<p><strong><img loading=\"lazy\" decoding=\"async\" class=\"alignnone size-full wp-image-3100\" src=\"http:\/\/schnebele.de\/wp-content\/uploads\/2017\/05\/Dohrmann-Birgit.jpg\" width=\"90\" height=\"95\"><br \/>\nBirgit Dohrmann&nbsp;<br \/>\n<\/strong>war in der \u201eb\u201c und verlie\u00df die Schule nach der mittleren Reife<\/p>\n<p>&nbsp;<\/p>\n<p><strong><img loading=\"lazy\" decoding=\"async\" class=\"alignnone size-full wp-image-2938\" src=\"http:\/\/schnebele.de\/wp-content\/uploads\/2017\/05\/Domke-Ulli.jpg\" alt=\"\" width=\"90\" height=\"90\">&nbsp;<img loading=\"lazy\" decoding=\"async\" class=\"alignnone size-full wp-image-3118\" src=\"http:\/\/schnebele.de\/wp-content\/uploads\/2017\/05\/Domke-Uli-aktuell.jpg\" alt=\"\" width=\"90\" height=\"90\">&nbsp;<img loading=\"lazy\" decoding=\"async\" class=\"alignnone size-full wp-image-3334\" src=\"http:\/\/schnebele.de\/wp-content\/uploads\/2017\/05\/Domke-Uli-2013.jpg\" alt=\"\" width=\"90\" height=\"90\">&nbsp;<img loading=\"lazy\" decoding=\"async\" class=\"alignnone wp-image-5535\" src=\"http:\/\/schnebele.de\/wp-content\/uploads\/2018\/06\/Domke-150x150.jpg\" alt=\"\" width=\"90\" height=\"101\" srcset=\"https:\/\/schnebele.de\/wp-content\/uploads\/2018\/06\/Domke-267x300.jpg 267w, https:\/\/schnebele.de\/wp-content\/uploads\/2018\/06\/Domke-134x150.jpg 134w, https:\/\/schnebele.de\/wp-content\/uploads\/2018\/06\/Domke.jpg 630w\" sizes=\"auto, (max-width: 90px) 100vw, 90px\" \/><br \/>\nUlrich \u201c Tom Duli\u201d Domke&nbsp; <\/strong><\/p>\n<p>&nbsp;<\/p>\n<p><strong><img loading=\"lazy\" decoding=\"async\" class=\"alignnone size-full wp-image-2939\" src=\"http:\/\/schnebele.de\/wp-content\/uploads\/2017\/05\/Duscha-Ulrike2.jpg\" width=\"86\" height=\"89\">&nbsp;<img loading=\"lazy\" decoding=\"async\" class=\"alignnone size-full wp-image-3119\" src=\"http:\/\/schnebele.de\/wp-content\/uploads\/2017\/05\/Duscha-Ulrike-2-2.jpg\" alt=\"\" width=\"90\" height=\"86\">&nbsp;<img loading=\"lazy\" decoding=\"async\" class=\"alignnone wp-image-5536\" src=\"http:\/\/schnebele.de\/wp-content\/uploads\/2018\/06\/Duscha-2-150x150.jpg\" alt=\"\" width=\"90\" height=\"91\" srcset=\"https:\/\/schnebele.de\/wp-content\/uploads\/2018\/06\/Duscha-2-150x150.jpg 150w, https:\/\/schnebele.de\/wp-content\/uploads\/2018\/06\/Duscha-2-297x300.jpg 297w, https:\/\/schnebele.de\/wp-content\/uploads\/2018\/06\/Duscha-2-768x777.jpg 768w, https:\/\/schnebele.de\/wp-content\/uploads\/2018\/06\/Duscha-2-148x150.jpg 148w, https:\/\/schnebele.de\/wp-content\/uploads\/2018\/06\/Duscha-2.jpg 972w\" sizes=\"auto, (max-width: 90px) 100vw, 90px\" \/> <img loading=\"lazy\" decoding=\"async\" class=\"alignnone wp-image-6219\" src=\"http:\/\/schnebele.de\/wp-content\/uploads\/2017\/05\/Duscha-01-300x289.jpg\" alt=\"\" width=\"93\" height=\"90\" srcset=\"https:\/\/schnebele.de\/wp-content\/uploads\/2017\/05\/Duscha-01-300x289.jpg 300w, https:\/\/schnebele.de\/wp-content\/uploads\/2017\/05\/Duscha-01-768x741.jpg 768w, https:\/\/schnebele.de\/wp-content\/uploads\/2017\/05\/Duscha-01-156x150.jpg 156w, https:\/\/schnebele.de\/wp-content\/uploads\/2017\/05\/Duscha-01-150x145.jpg 150w, https:\/\/schnebele.de\/wp-content\/uploads\/2017\/05\/Duscha-01.jpg 1006w\" sizes=\"auto, (max-width: 93px) 100vw, 93px\" \/><br \/>\nUlrike \u201cUlli\u201d Duscha&nbsp;<br \/>\n<\/strong>verheiratete Bedier&nbsp;<\/p>\n<p>&nbsp;<\/p>\n<p><strong><img loading=\"lazy\" decoding=\"async\" class=\"alignnone size-full wp-image-2940\" src=\"http:\/\/schnebele.de\/wp-content\/uploads\/2017\/05\/Ehnert-Christian.jpg\" width=\"90\" height=\"90\">&nbsp;<img loading=\"lazy\" decoding=\"async\" class=\"alignnone size-full wp-image-3120\" src=\"http:\/\/schnebele.de\/wp-content\/uploads\/2017\/05\/Ehnert-Christian-2.jpg\" alt=\"\" width=\"89\" height=\"90\">&nbsp;<img loading=\"lazy\" decoding=\"async\" class=\"alignnone size-full wp-image-3335\" src=\"http:\/\/schnebele.de\/wp-content\/uploads\/2017\/05\/Ehnert-2013.jpg\" alt=\"\" width=\"89\" height=\"90\">&nbsp;<img loading=\"lazy\" decoding=\"async\" class=\"alignnone wp-image-5537\" src=\"http:\/\/schnebele.de\/wp-content\/uploads\/2018\/06\/Ehnert-150x150.jpg\" alt=\"\" width=\"90\" height=\"87\" srcset=\"https:\/\/schnebele.de\/wp-content\/uploads\/2018\/06\/Ehnert-300x291.jpg 300w, https:\/\/schnebele.de\/wp-content\/uploads\/2018\/06\/Ehnert-150x146.jpg 150w, https:\/\/schnebele.de\/wp-content\/uploads\/2018\/06\/Ehnert.jpg 740w\" sizes=\"auto, (max-width: 90px) 100vw, 90px\" \/> <img loading=\"lazy\" decoding=\"async\" class=\"alignnone wp-image-6220\" src=\"http:\/\/schnebele.de\/wp-content\/uploads\/2017\/05\/Ehnert-300x293.jpg\" alt=\"\" width=\"92\" height=\"90\" srcset=\"https:\/\/schnebele.de\/wp-content\/uploads\/2017\/05\/Ehnert-300x293.jpg 300w, https:\/\/schnebele.de\/wp-content\/uploads\/2017\/05\/Ehnert-1024x1000.jpg 1024w, https:\/\/schnebele.de\/wp-content\/uploads\/2017\/05\/Ehnert-768x750.jpg 768w, https:\/\/schnebele.de\/wp-content\/uploads\/2017\/05\/Ehnert-1536x1500.jpg 1536w, https:\/\/schnebele.de\/wp-content\/uploads\/2017\/05\/Ehnert-2048x2000.jpg 2048w, https:\/\/schnebele.de\/wp-content\/uploads\/2017\/05\/Ehnert-154x150.jpg 154w, https:\/\/schnebele.de\/wp-content\/uploads\/2017\/05\/Ehnert-150x146.jpg 150w\" sizes=\"auto, (max-width: 92px) 100vw, 92px\" \/><br \/>\nChristian Ehnert <\/strong><\/p>\n<p>&nbsp;<\/p>\n<p><strong><img loading=\"lazy\" decoding=\"async\" class=\"alignnone size-full wp-image-2942\" src=\"http:\/\/schnebele.de\/wp-content\/uploads\/2017\/05\/Engelbert-Bernd-Dietrich.jpg\" alt=\"\" width=\"90\" height=\"90\"><br \/>\nBernd Dietrich Engelberth<br \/>\n<\/strong><\/p>\n<p>&nbsp;<\/p>\n<p><strong><img loading=\"lazy\" decoding=\"async\" class=\"alignnone size-full wp-image-2941\" src=\"http:\/\/schnebele.de\/wp-content\/uploads\/2017\/05\/Engelber-M\u00fcrmel.jpg\" alt=\"\" width=\"87\" height=\"90\">&nbsp;<img loading=\"lazy\" decoding=\"async\" class=\"alignnone size-full wp-image-3121\" src=\"http:\/\/schnebele.de\/wp-content\/uploads\/2017\/05\/Engelberth-M\u00fcrmel-2.jpg\" width=\"94\" height=\"89\">&nbsp;<img loading=\"lazy\" decoding=\"async\" class=\"alignnone size-full wp-image-3224\" src=\"http:\/\/schnebele.de\/wp-content\/uploads\/2017\/05\/Engelberth-H-D-2008.jpg\" alt=\"\" width=\"90\" height=\"90\">&nbsp;<img loading=\"lazy\" decoding=\"async\" class=\"alignnone size-full wp-image-3336\" src=\"http:\/\/schnebele.de\/wp-content\/uploads\/2017\/05\/Engelbert-M\u00fcrmel-2013.jpg\" alt=\"\" width=\"90\" height=\"90\">&nbsp;<img loading=\"lazy\" decoding=\"async\" class=\"alignnone wp-image-5538\" src=\"http:\/\/schnebele.de\/wp-content\/uploads\/2018\/06\/Engelberth-150x150.jpg\" alt=\"\" width=\"90\" height=\"89\" srcset=\"https:\/\/schnebele.de\/wp-content\/uploads\/2018\/06\/Engelberth-150x150.jpg 150w, https:\/\/schnebele.de\/wp-content\/uploads\/2018\/06\/Engelberth-300x298.jpg 300w, https:\/\/schnebele.de\/wp-content\/uploads\/2018\/06\/Engelberth-768x763.jpg 768w, https:\/\/schnebele.de\/wp-content\/uploads\/2018\/06\/Engelberth-1024x1018.jpg 1024w\" sizes=\"auto, (max-width: 90px) 100vw, 90px\" \/> <img loading=\"lazy\" decoding=\"async\" class=\"alignnone wp-image-6242\" src=\"http:\/\/schnebele.de\/wp-content\/uploads\/2017\/05\/Muermel-01-300x296.jpg\" alt=\"\" width=\"91\" height=\"90\" srcset=\"https:\/\/schnebele.de\/wp-content\/uploads\/2017\/05\/Muermel-01-300x296.jpg 300w, https:\/\/schnebele.de\/wp-content\/uploads\/2017\/05\/Muermel-01-1024x1009.jpg 1024w, https:\/\/schnebele.de\/wp-content\/uploads\/2017\/05\/Muermel-01-150x148.jpg 150w, https:\/\/schnebele.de\/wp-content\/uploads\/2017\/05\/Muermel-01-768x757.jpg 768w, https:\/\/schnebele.de\/wp-content\/uploads\/2017\/05\/Muermel-01-1536x1514.jpg 1536w, https:\/\/schnebele.de\/wp-content\/uploads\/2017\/05\/Muermel-01-2048x2019.jpg 2048w, https:\/\/schnebele.de\/wp-content\/uploads\/2017\/05\/Muermel-01-152x150.jpg 152w\" sizes=\"auto, (max-width: 91px) 100vw, 91px\" \/><br \/>\nHans-Dietmar \u201cM\u00fcrmel\u201d Engelberth <\/strong><\/p>\n<p>&nbsp;<\/p>\n<p><strong><img loading=\"lazy\" decoding=\"async\" class=\"alignnone size-full wp-image-2943\" src=\"http:\/\/schnebele.de\/wp-content\/uploads\/2017\/05\/Evang-Karin.jpg\" alt=\"\" width=\"87\" height=\"90\">&nbsp;<img loading=\"lazy\" decoding=\"async\" class=\"alignnone size-full wp-image-3122\" src=\"http:\/\/schnebele.de\/wp-content\/uploads\/2017\/05\/Evang-Karin-3.jpg\" width=\"92\" height=\"90\">&nbsp;<img loading=\"lazy\" decoding=\"async\" class=\"alignnone size-full wp-image-3225\" src=\"http:\/\/schnebele.de\/wp-content\/uploads\/2017\/05\/Evang-Karin-2008.jpg\" alt=\"\" width=\"90\" height=\"90\">&nbsp;<img loading=\"lazy\" decoding=\"async\" class=\"alignnone wp-image-5539\" src=\"http:\/\/schnebele.de\/wp-content\/uploads\/2018\/06\/Evang-150x150.jpg\" alt=\"\" width=\"90\" height=\"91\" srcset=\"https:\/\/schnebele.de\/wp-content\/uploads\/2018\/06\/Evang-150x150.jpg 150w, https:\/\/schnebele.de\/wp-content\/uploads\/2018\/06\/Evang-296x300.jpg 296w, https:\/\/schnebele.de\/wp-content\/uploads\/2018\/06\/Evang-768x779.jpg 768w, https:\/\/schnebele.de\/wp-content\/uploads\/2018\/06\/Evang-1010x1024.jpg 1010w, https:\/\/schnebele.de\/wp-content\/uploads\/2018\/06\/Evang-148x150.jpg 148w\" sizes=\"auto, (max-width: 90px) 100vw, 90px\" \/><br \/>\nKarin Evang<br \/>\n<\/strong>verheitatete Ikonomov<\/p>\n<p>&nbsp;<\/p>\n<p><strong><img loading=\"lazy\" decoding=\"async\" class=\"alignnone size-full wp-image-2945\" src=\"http:\/\/schnebele.de\/wp-content\/uploads\/2017\/05\/Feldmann-Conny3.jpg\" alt=\"\" width=\"89\" height=\"90\">&nbsp;<img loading=\"lazy\" decoding=\"async\" class=\"alignnone size-full wp-image-3124\" src=\"http:\/\/schnebele.de\/wp-content\/uploads\/2017\/05\/Feldmann-aktuell.jpg\" alt=\"\" width=\"90\" height=\"90\">&nbsp;<img loading=\"lazy\" decoding=\"async\" class=\"alignnone size-full wp-image-3227\" src=\"http:\/\/schnebele.de\/wp-content\/uploads\/2017\/05\/Feldmann-Conny-2008.jpg\" alt=\"\" width=\"90\" height=\"90\">&nbsp;<img loading=\"lazy\" decoding=\"async\" class=\"alignnone size-full wp-image-3337\" src=\"http:\/\/schnebele.de\/wp-content\/uploads\/2017\/05\/Feldmann-2013.jpg\" alt=\"\" width=\"90\" height=\"90\">&nbsp;<img loading=\"lazy\" decoding=\"async\" class=\"alignnone wp-image-5540\" src=\"http:\/\/schnebele.de\/wp-content\/uploads\/2018\/06\/Feldmann-150x150.jpg\" alt=\"\" width=\"90\" height=\"92\" srcset=\"https:\/\/schnebele.de\/wp-content\/uploads\/2018\/06\/Feldmann-293x300.jpg 293w, https:\/\/schnebele.de\/wp-content\/uploads\/2018\/06\/Feldmann-768x786.jpg 768w, https:\/\/schnebele.de\/wp-content\/uploads\/2018\/06\/Feldmann-1001x1024.jpg 1001w, https:\/\/schnebele.de\/wp-content\/uploads\/2018\/06\/Feldmann-147x150.jpg 147w\" sizes=\"auto, (max-width: 90px) 100vw, 90px\" \/><br \/>\nCornelia \u201cConny\u201d Feldmann&nbsp; <\/strong><\/p>\n<p>&nbsp;<\/p>\n<p><strong><img loading=\"lazy\" decoding=\"async\" class=\"alignnone size-full wp-image-2944\" src=\"http:\/\/schnebele.de\/wp-content\/uploads\/2017\/05\/Fehles-Anke3.jpg\" alt=\"\" width=\"88\" height=\"90\">&nbsp;<img loading=\"lazy\" decoding=\"async\" class=\"alignnone size-full wp-image-3123\" src=\"http:\/\/schnebele.de\/wp-content\/uploads\/2017\/05\/Fehles-Anke-aktuell.jpg\" alt=\"\" width=\"90\" height=\"90\">&nbsp;<img loading=\"lazy\" decoding=\"async\" class=\"alignnone size-full wp-image-3228\" src=\"http:\/\/schnebele.de\/wp-content\/uploads\/2017\/05\/Feles-Ake-1-2008.jpg\" alt=\"\" width=\"90\" height=\"90\"><br \/>\nAnke Feles&nbsp;<\/strong><\/p>\n<p>&nbsp;<\/p>\n<p><strong><img loading=\"lazy\" decoding=\"async\" class=\"alignnone size-full wp-image-2946\" src=\"http:\/\/schnebele.de\/wp-content\/uploads\/2017\/05\/Fischbach-Monika.jpg\" alt=\"\" width=\"90\" height=\"90\">&nbsp;<img loading=\"lazy\" decoding=\"async\" class=\"alignnone size-full wp-image-3125\" src=\"http:\/\/schnebele.de\/wp-content\/uploads\/2017\/05\/Fischbach-Monika-1.jpg\" width=\"92\" height=\"90\"> <img loading=\"lazy\" decoding=\"async\" class=\"alignnone size-full wp-image-3230\" src=\"http:\/\/schnebele.de\/wp-content\/uploads\/2017\/05\/Fischbach-Monika-2008.jpg\" alt=\"\" width=\"90\" height=\"90\">&nbsp;<img loading=\"lazy\" decoding=\"async\" class=\"alignnone size-full wp-image-3338\" src=\"http:\/\/schnebele.de\/wp-content\/uploads\/2017\/05\/Fischbach-2013.jpg\" alt=\"\" width=\"90\" height=\"89\">&nbsp;<img loading=\"lazy\" decoding=\"async\" class=\"alignnone wp-image-5541\" src=\"http:\/\/schnebele.de\/wp-content\/uploads\/2018\/06\/Fischbach-150x150.jpg\" alt=\"\" width=\"90\" height=\"88\" srcset=\"https:\/\/schnebele.de\/wp-content\/uploads\/2018\/06\/Fischbach-300x294.jpg 300w, https:\/\/schnebele.de\/wp-content\/uploads\/2018\/06\/Fischbach-768x753.jpg 768w, https:\/\/schnebele.de\/wp-content\/uploads\/2018\/06\/Fischbach-150x147.jpg 150w, https:\/\/schnebele.de\/wp-content\/uploads\/2018\/06\/Fischbach.jpg 1012w\" sizes=\"auto, (max-width: 90px) 100vw, 90px\" \/> <img loading=\"lazy\" decoding=\"async\" class=\"alignnone wp-image-6221\" src=\"http:\/\/schnebele.de\/wp-content\/uploads\/2017\/05\/Fischbach-01-300x293.jpg\" alt=\"\" width=\"92\" height=\"90\" srcset=\"https:\/\/schnebele.de\/wp-content\/uploads\/2017\/05\/Fischbach-01-300x293.jpg 300w, https:\/\/schnebele.de\/wp-content\/uploads\/2017\/05\/Fischbach-01-1024x1000.jpg 1024w, https:\/\/schnebele.de\/wp-content\/uploads\/2017\/05\/Fischbach-01-768x750.jpg 768w, https:\/\/schnebele.de\/wp-content\/uploads\/2017\/05\/Fischbach-01-1536x1499.jpg 1536w, https:\/\/schnebele.de\/wp-content\/uploads\/2017\/05\/Fischbach-01-2048x1999.jpg 2048w, https:\/\/schnebele.de\/wp-content\/uploads\/2017\/05\/Fischbach-01-154x150.jpg 154w, https:\/\/schnebele.de\/wp-content\/uploads\/2017\/05\/Fischbach-01-150x146.jpg 150w\" sizes=\"auto, (max-width: 92px) 100vw, 92px\" \/><br \/>\nMonika Fischbach&nbsp;<br \/>\n<\/strong>verheiratete van der Meulen<\/p>\n<p>&nbsp;<\/p>\n<p><strong><img loading=\"lazy\" decoding=\"async\" class=\"alignnone size-full wp-image-2947\" src=\"http:\/\/schnebele.de\/wp-content\/uploads\/2017\/05\/Fischer-Udo.jpg\" alt=\"\" width=\"90\" height=\"90\">&nbsp;<img loading=\"lazy\" decoding=\"async\" class=\"alignnone size-full wp-image-3126\" src=\"http:\/\/schnebele.de\/wp-content\/uploads\/2017\/05\/Fischer-Udo_neu.jpg\" alt=\"\" width=\"90\" height=\"90\">&nbsp;<img loading=\"lazy\" decoding=\"async\" class=\"alignnone size-full wp-image-3339\" src=\"http:\/\/schnebele.de\/wp-content\/uploads\/2017\/05\/Fischer-2013.jpg\" width=\"91\" height=\"90\">&nbsp;<img loading=\"lazy\" decoding=\"async\" class=\"alignnone wp-image-5542\" src=\"http:\/\/schnebele.de\/wp-content\/uploads\/2018\/06\/Fischer-a-150x150.jpg\" alt=\"\" width=\"90\" height=\"94\" srcset=\"https:\/\/schnebele.de\/wp-content\/uploads\/2018\/06\/Fischer-a-287x300.jpg 287w, https:\/\/schnebele.de\/wp-content\/uploads\/2018\/06\/Fischer-a-768x803.jpg 768w, https:\/\/schnebele.de\/wp-content\/uploads\/2018\/06\/Fischer-a-980x1024.jpg 980w, https:\/\/schnebele.de\/wp-content\/uploads\/2018\/06\/Fischer-a-144x150.jpg 144w, https:\/\/schnebele.de\/wp-content\/uploads\/2018\/06\/Fischer-a.jpg 1216w\" sizes=\"auto, (max-width: 90px) 100vw, 90px\" \/><br \/>\nUdo Fischer&nbsp; <\/strong><\/p>\n<p>&nbsp;<\/p>\n<p><strong><img loading=\"lazy\" decoding=\"async\" class=\"alignnone size-full wp-image-2948\" src=\"http:\/\/schnebele.de\/wp-content\/uploads\/2017\/05\/Freischl\u00e4ger-Anke-1.jpg\" alt=\"\" width=\"90\" height=\"90\">&nbsp;<img loading=\"lazy\" decoding=\"async\" class=\"alignnone size-full wp-image-3127\" src=\"http:\/\/schnebele.de\/wp-content\/uploads\/2017\/05\/Freischl\u00e4ger-Anke-2.jpg\" width=\"93\" height=\"90\">&nbsp;<img loading=\"lazy\" decoding=\"async\" class=\"alignnone size-full wp-image-3231\" src=\"http:\/\/schnebele.de\/wp-content\/uploads\/2017\/05\/Freischlaeger-Anke-2008.jpg\" alt=\"\" width=\"90\" height=\"90\">&nbsp;<img loading=\"lazy\" decoding=\"async\" class=\"alignnone wp-image-5543\" src=\"http:\/\/schnebele.de\/wp-content\/uploads\/2018\/06\/Freischlger-150x150.jpg\" alt=\"\" width=\"90\" height=\"89\" srcset=\"https:\/\/schnebele.de\/wp-content\/uploads\/2018\/06\/Freischlger-150x150.jpg 150w, https:\/\/schnebele.de\/wp-content\/uploads\/2018\/06\/Freischlger-300x297.jpg 300w, https:\/\/schnebele.de\/wp-content\/uploads\/2018\/06\/Freischlger-768x761.jpg 768w, https:\/\/schnebele.de\/wp-content\/uploads\/2018\/06\/Freischlger-1024x1015.jpg 1024w, https:\/\/schnebele.de\/wp-content\/uploads\/2018\/06\/Freischlger.jpg 1227w\" sizes=\"auto, (max-width: 90px) 100vw, 90px\" \/> <img loading=\"lazy\" decoding=\"async\" class=\"alignnone wp-image-6222\" src=\"http:\/\/schnebele.de\/wp-content\/uploads\/2017\/05\/Freischlaeger-02-290x300.jpg\" alt=\"\" width=\"87\" height=\"90\" srcset=\"https:\/\/schnebele.de\/wp-content\/uploads\/2017\/05\/Freischlaeger-02-290x300.jpg 290w, https:\/\/schnebele.de\/wp-content\/uploads\/2017\/05\/Freischlaeger-02-768x794.jpg 768w, https:\/\/schnebele.de\/wp-content\/uploads\/2017\/05\/Freischlaeger-02-145x150.jpg 145w, https:\/\/schnebele.de\/wp-content\/uploads\/2017\/05\/Freischlaeger-02.jpg 896w\" sizes=\"auto, (max-width: 87px) 100vw, 87px\" \/><br \/>\nAnke Freischl\u00e4ger&nbsp;<br \/>\n<\/strong>verheiratete Freischl\u00e4ger-Wutke<\/p>\n<p>&nbsp;<\/p>\n<p><strong><img loading=\"lazy\" decoding=\"async\" class=\"alignnone size-full wp-image-2949\" src=\"http:\/\/schnebele.de\/wp-content\/uploads\/2017\/05\/Freischl\u00e4ger-Ute-Olli.jpg\" alt=\"\" width=\"90\" height=\"90\">&nbsp;<img loading=\"lazy\" decoding=\"async\" class=\"alignnone size-full wp-image-3128\" src=\"http:\/\/schnebele.de\/wp-content\/uploads\/2017\/05\/Freischl\u00e4ger-Olli-3.jpg\" width=\"92\" height=\"90\"> <img loading=\"lazy\" decoding=\"async\" class=\"alignnone size-full wp-image-3232\" src=\"http:\/\/schnebele.de\/wp-content\/uploads\/2017\/05\/Freischlaeger-Ute-2008-1.jpg\" alt=\"\" width=\"90\" height=\"90\"><br \/>\nUte \u201cOlli\u201d Freischl\u00e4ger<br \/>\n<\/strong>verheiratete Freischl\u00e4ger-Smith<br \/>\nverstorben September 2013<\/p>\n<p>&nbsp;<\/p>\n<p><strong><img loading=\"lazy\" decoding=\"async\" class=\"alignnone size-full wp-image-2950\" src=\"http:\/\/schnebele.de\/wp-content\/uploads\/2017\/05\/Frink-Ulrike.jpg\" alt=\"\" width=\"90\" height=\"90\">&nbsp;<img loading=\"lazy\" decoding=\"async\" class=\"alignnone size-full wp-image-3129\" src=\"http:\/\/schnebele.de\/wp-content\/uploads\/2017\/05\/Frink-Ulrike-Sybille-aktuell.jpg\" alt=\"\" width=\"90\" height=\"90\"><br \/>\nUlrike Sibille Frink&nbsp;&nbsp;<br \/>\n<\/strong>verheiratete M\u00fcller<strong>&nbsp;<\/strong><\/p>\n<p>&nbsp;<\/p>\n<p><strong><img loading=\"lazy\" decoding=\"async\" class=\"alignnone size-full wp-image-2951\" src=\"http:\/\/schnebele.de\/wp-content\/uploads\/2017\/05\/Fuchs-Bettina-1.jpg\" alt=\"\" width=\"90\" height=\"90\">&nbsp;<img loading=\"lazy\" decoding=\"async\" class=\"alignnone size-full wp-image-3130\" src=\"http:\/\/schnebele.de\/wp-content\/uploads\/2017\/05\/Fuchs-Bettina-aktuell.jpg\" alt=\"\" width=\"90\" height=\"90\"><br \/>\nBettina Fuchs<\/strong><\/p>\n<p><strong>&nbsp;<\/strong><\/p>\n<p><strong><img loading=\"lazy\" decoding=\"async\" class=\"alignnone size-full wp-image-2952\" src=\"http:\/\/schnebele.de\/wp-content\/uploads\/2017\/05\/Funke-J\u00fcrgen.jpg\" alt=\"\" width=\"90\" height=\"90\">&nbsp;<img loading=\"lazy\" decoding=\"async\" class=\"alignnone size-full wp-image-3131\" src=\"http:\/\/schnebele.de\/wp-content\/uploads\/2017\/05\/Funke-2.jpg\" alt=\"\" width=\"88\" height=\"90\">&nbsp;<img loading=\"lazy\" decoding=\"async\" class=\"alignnone size-full wp-image-3233\" src=\"http:\/\/schnebele.de\/wp-content\/uploads\/2017\/05\/Funke-Juergen-2008.jpg\" alt=\"\" width=\"90\" height=\"90\"><br \/>\nJ\u00fcrgen Funke&nbsp;<\/strong><\/p>\n<p>&nbsp;<\/p>\n<p><strong><img loading=\"lazy\" decoding=\"async\" class=\"alignnone size-full wp-image-2953\" src=\"http:\/\/schnebele.de\/wp-content\/uploads\/2017\/05\/Geuer-Wolf.jpg\" alt=\"\" width=\"90\" height=\"90\">&nbsp;<img loading=\"lazy\" decoding=\"async\" class=\"alignnone size-full wp-image-3132\" src=\"http:\/\/schnebele.de\/wp-content\/uploads\/2017\/05\/Geuer-Wolf-4.jpg\" alt=\"\" width=\"90\" height=\"84\"><br \/>\nWolf Geuer<\/strong><\/p>\n<p>&nbsp;<\/p>\n<p><strong><img loading=\"lazy\" decoding=\"async\" class=\"alignnone size-full wp-image-2954\" src=\"http:\/\/schnebele.de\/wp-content\/uploads\/2017\/05\/Gr\u00e4f-Monika-1.jpg\" alt=\"\" width=\"90\" height=\"90\">&nbsp;<img loading=\"lazy\" decoding=\"async\" class=\"alignnone size-full wp-image-3133\" src=\"http:\/\/schnebele.de\/wp-content\/uploads\/2017\/05\/Gr\u00e4f-3.jpg\" width=\"96\" height=\"88\">&nbsp;<img loading=\"lazy\" decoding=\"async\" class=\"alignnone size-full wp-image-3234\" src=\"http:\/\/schnebele.de\/wp-content\/uploads\/2017\/05\/Graef-Monika-2008.jpg\" alt=\"\" width=\"90\" height=\"90\"><br \/>\nMonika Gr\u00e4f<br \/>\n<\/strong>verheiratete G\u00f6bel&nbsp;<\/p>\n<p>&nbsp;<\/p>\n<p><strong><img loading=\"lazy\" decoding=\"async\" class=\"alignnone size-full wp-image-2955\" src=\"http:\/\/schnebele.de\/wp-content\/uploads\/2017\/05\/Grommes-Evi.jpg\" alt=\"\" width=\"90\" height=\"90\">&nbsp;<img loading=\"lazy\" decoding=\"async\" class=\"alignnone size-full wp-image-3134\" src=\"http:\/\/schnebele.de\/wp-content\/uploads\/2017\/05\/Grommes-Evi-2.jpg\" alt=\"\" width=\"90\" height=\"90\"> <img loading=\"lazy\" decoding=\"async\" class=\"alignnone size-full wp-image-3235\" src=\"http:\/\/schnebele.de\/wp-content\/uploads\/2017\/05\/Grommes-Evi-2008.jpg\" alt=\"\" width=\"90\" height=\"90\">&nbsp;<img loading=\"lazy\" decoding=\"async\" class=\"alignnone size-full wp-image-3340\" src=\"http:\/\/schnebele.de\/wp-content\/uploads\/2017\/05\/Grommes-2013.jpg\" width=\"96\" height=\"87\">&nbsp;<img loading=\"lazy\" decoding=\"async\" class=\"alignnone wp-image-5544\" src=\"http:\/\/schnebele.de\/wp-content\/uploads\/2018\/06\/Grommes-2-150x150.jpg\" alt=\"\" width=\"90\" height=\"92\" srcset=\"https:\/\/schnebele.de\/wp-content\/uploads\/2018\/06\/Grommes-2-295x300.jpg 295w, https:\/\/schnebele.de\/wp-content\/uploads\/2018\/06\/Grommes-2-768x782.jpg 768w, https:\/\/schnebele.de\/wp-content\/uploads\/2018\/06\/Grommes-2-1006x1024.jpg 1006w, https:\/\/schnebele.de\/wp-content\/uploads\/2018\/06\/Grommes-2-147x150.jpg 147w, https:\/\/schnebele.de\/wp-content\/uploads\/2018\/06\/Grommes-2.jpg 1645w\" sizes=\"auto, (max-width: 90px) 100vw, 90px\" \/> <img loading=\"lazy\" decoding=\"async\" class=\"alignnone wp-image-6223\" src=\"http:\/\/schnebele.de\/wp-content\/uploads\/2017\/05\/Grommes-01-300x286.jpg\" alt=\"\" width=\"94\" height=\"90\" srcset=\"https:\/\/schnebele.de\/wp-content\/uploads\/2017\/05\/Grommes-01-300x286.jpg 300w, https:\/\/schnebele.de\/wp-content\/uploads\/2017\/05\/Grommes-01-1024x978.jpg 1024w, https:\/\/schnebele.de\/wp-content\/uploads\/2017\/05\/Grommes-01-768x733.jpg 768w, https:\/\/schnebele.de\/wp-content\/uploads\/2017\/05\/Grommes-01-1536x1467.jpg 1536w, https:\/\/schnebele.de\/wp-content\/uploads\/2017\/05\/Grommes-01-157x150.jpg 157w, https:\/\/schnebele.de\/wp-content\/uploads\/2017\/05\/Grommes-01-150x143.jpg 150w, https:\/\/schnebele.de\/wp-content\/uploads\/2017\/05\/Grommes-01.jpg 1842w\" sizes=\"auto, (max-width: 94px) 100vw, 94px\" \/><br \/>\nEva-Maria \u201cEvi\u201d Grommes<br \/>\n<\/strong>verheiratete Grommes-Flosbach<\/p>\n<p>&nbsp;<\/p>\n<p><strong><img loading=\"lazy\" decoding=\"async\" class=\"alignnone size-full wp-image-2956\" src=\"http:\/\/schnebele.de\/wp-content\/uploads\/2017\/05\/Gr\u00f6nebaum-Tom.jpg\" alt=\"\" width=\"90\" height=\"90\">&nbsp;<img loading=\"lazy\" decoding=\"async\" class=\"alignnone size-full wp-image-3135\" src=\"http:\/\/schnebele.de\/wp-content\/uploads\/2017\/05\/Gr\u00f6nebaum-Tom-9.jpg\" alt=\"\" width=\"90\" height=\"89\">&nbsp;<img loading=\"lazy\" decoding=\"async\" class=\"alignnone wp-image-5545\" src=\"http:\/\/schnebele.de\/wp-content\/uploads\/2018\/06\/Gr\u00f6nebaum-b-150x150.jpg\" alt=\"\" width=\"90\" height=\"92\" srcset=\"https:\/\/schnebele.de\/wp-content\/uploads\/2018\/06\/Gr\u00f6nebaum-b-294x300.jpg 294w, https:\/\/schnebele.de\/wp-content\/uploads\/2018\/06\/Gr\u00f6nebaum-b-768x783.jpg 768w, https:\/\/schnebele.de\/wp-content\/uploads\/2018\/06\/Gr\u00f6nebaum-b-1004x1024.jpg 1004w, https:\/\/schnebele.de\/wp-content\/uploads\/2018\/06\/Gr\u00f6nebaum-b-147x150.jpg 147w, https:\/\/schnebele.de\/wp-content\/uploads\/2018\/06\/Gr\u00f6nebaum-b.jpg 1691w\" sizes=\"auto, (max-width: 90px) 100vw, 90px\" \/> <img loading=\"lazy\" decoding=\"async\" class=\"alignnone wp-image-6224\" src=\"http:\/\/schnebele.de\/wp-content\/uploads\/2017\/05\/Groenebaum-300x294.jpg\" alt=\"\" width=\"92\" height=\"90\" srcset=\"https:\/\/schnebele.de\/wp-content\/uploads\/2017\/05\/Groenebaum-300x294.jpg 300w, https:\/\/schnebele.de\/wp-content\/uploads\/2017\/05\/Groenebaum-1024x1003.jpg 1024w, https:\/\/schnebele.de\/wp-content\/uploads\/2017\/05\/Groenebaum-768x752.jpg 768w, https:\/\/schnebele.de\/wp-content\/uploads\/2017\/05\/Groenebaum-1536x1505.jpg 1536w, https:\/\/schnebele.de\/wp-content\/uploads\/2017\/05\/Groenebaum-153x150.jpg 153w, https:\/\/schnebele.de\/wp-content\/uploads\/2017\/05\/Groenebaum-150x147.jpg 150w, https:\/\/schnebele.de\/wp-content\/uploads\/2017\/05\/Groenebaum.jpg 1820w\" sizes=\"auto, (max-width: 92px) 100vw, 92px\" \/><br \/>\nThomas \u201cTom\u201d Gr\u00f6nebaum&nbsp;<\/strong><\/p>\n<p>&nbsp;<\/p>\n<p><strong><img loading=\"lazy\" decoding=\"async\" class=\"alignnone size-full wp-image-2957\" src=\"http:\/\/schnebele.de\/wp-content\/uploads\/2017\/05\/Grossnick-Claudia-2.jpg\" width=\"90\" height=\"93\">&nbsp;<img loading=\"lazy\" decoding=\"async\" class=\"alignnone size-full wp-image-3136\" src=\"http:\/\/schnebele.de\/wp-content\/uploads\/2017\/05\/Grossnick-Claudia5.jpg\" width=\"95\" height=\"90\">&nbsp;<img loading=\"lazy\" decoding=\"async\" class=\"alignnone size-full wp-image-3341\" src=\"http:\/\/schnebele.de\/wp-content\/uploads\/2017\/05\/Grossnich-2013.jpg\" alt=\"\" width=\"88\" height=\"90\"><br \/>\nClaudia Grossnick<br \/>\n<\/strong>verheiratete Kappenstein<\/p>\n<p>&nbsp;<\/p>\n<p><strong><img loading=\"lazy\" decoding=\"async\" class=\"alignnone size-full wp-image-2958\" src=\"http:\/\/schnebele.de\/wp-content\/uploads\/2017\/05\/Gudemann-Harald.jpg\" alt=\"\" width=\"90\" height=\"90\">&nbsp;<img loading=\"lazy\" decoding=\"async\" class=\"alignnone size-full wp-image-3137\" src=\"http:\/\/schnebele.de\/wp-content\/uploads\/2017\/05\/Gudeman-Harald-2.jpg\" alt=\"\" width=\"90\" height=\"90\"> <img loading=\"lazy\" decoding=\"async\" class=\"alignnone size-full wp-image-3236\" src=\"http:\/\/schnebele.de\/wp-content\/uploads\/2017\/05\/Gudemann-Harald-2008.jpg\" alt=\"\" width=\"90\" height=\"90\"> <img loading=\"lazy\" decoding=\"async\" class=\"alignnone wp-image-6225\" src=\"http:\/\/schnebele.de\/wp-content\/uploads\/2017\/05\/Gudemann-300x297.jpg\" alt=\"\" width=\"91\" height=\"90\" srcset=\"https:\/\/schnebele.de\/wp-content\/uploads\/2017\/05\/Gudemann-300x297.jpg 300w, https:\/\/schnebele.de\/wp-content\/uploads\/2017\/05\/Gudemann-1024x1013.jpg 1024w, https:\/\/schnebele.de\/wp-content\/uploads\/2017\/05\/Gudemann-150x148.jpg 150w, https:\/\/schnebele.de\/wp-content\/uploads\/2017\/05\/Gudemann-768x760.jpg 768w, https:\/\/schnebele.de\/wp-content\/uploads\/2017\/05\/Gudemann-152x150.jpg 152w, https:\/\/schnebele.de\/wp-content\/uploads\/2017\/05\/Gudemann.jpg 1495w\" sizes=\"auto, (max-width: 91px) 100vw, 91px\" \/><br \/>\nHarald Gudemann&nbsp;<\/strong><\/p>\n<p>&nbsp;<\/p>\n<p><strong><img loading=\"lazy\" decoding=\"async\" class=\"alignnone size-full wp-image-2959\" src=\"http:\/\/schnebele.de\/wp-content\/uploads\/2017\/05\/G\u00fcnter-Jochen.jpg\" alt=\"\" width=\"88\" height=\"90\">&nbsp;<img loading=\"lazy\" decoding=\"async\" class=\"alignnone size-full wp-image-3138\" src=\"http:\/\/schnebele.de\/wp-content\/uploads\/2017\/05\/G\u00fcnter-Jochen-3.jpg\" alt=\"\" width=\"90\" height=\"90\">&nbsp;<img loading=\"lazy\" decoding=\"async\" class=\"alignnone size-full wp-image-3237\" src=\"http:\/\/schnebele.de\/wp-content\/uploads\/2017\/05\/Guenter-Jochen-2008.jpg\" alt=\"\" width=\"90\" height=\"90\">&nbsp;<img loading=\"lazy\" decoding=\"async\" class=\"alignnone wp-image-5546\" src=\"http:\/\/schnebele.de\/wp-content\/uploads\/2018\/06\/G\u00fcnther-150x150.jpg\" alt=\"\" width=\"90\" height=\"89\" srcset=\"https:\/\/schnebele.de\/wp-content\/uploads\/2018\/06\/G\u00fcnther-150x148.jpg 150w, https:\/\/schnebele.de\/wp-content\/uploads\/2018\/06\/G\u00fcnther-300x297.jpg 300w, https:\/\/schnebele.de\/wp-content\/uploads\/2018\/06\/G\u00fcnther-768x760.jpg 768w, https:\/\/schnebele.de\/wp-content\/uploads\/2018\/06\/G\u00fcnther.jpg 1006w\" sizes=\"auto, (max-width: 90px) 100vw, 90px\" \/> <img loading=\"lazy\" decoding=\"async\" class=\"alignnone wp-image-6226\" src=\"http:\/\/schnebele.de\/wp-content\/uploads\/2017\/05\/Guenter-02-293x300.jpg\" alt=\"\" width=\"88\" height=\"90\" srcset=\"https:\/\/schnebele.de\/wp-content\/uploads\/2017\/05\/Guenter-02-293x300.jpg 293w, https:\/\/schnebele.de\/wp-content\/uploads\/2017\/05\/Guenter-02-1000x1024.jpg 1000w, https:\/\/schnebele.de\/wp-content\/uploads\/2017\/05\/Guenter-02-768x787.jpg 768w, https:\/\/schnebele.de\/wp-content\/uploads\/2017\/05\/Guenter-02-146x150.jpg 146w, https:\/\/schnebele.de\/wp-content\/uploads\/2017\/05\/Guenter-02.jpg 1306w\" sizes=\"auto, (max-width: 88px) 100vw, 88px\" \/><br \/>\nJochen G\u00fcnther&nbsp;<\/strong><\/p>\n<p>&nbsp;<\/p>\n<p><strong><img loading=\"lazy\" decoding=\"async\" class=\"alignnone size-full wp-image-2960\" src=\"http:\/\/schnebele.de\/wp-content\/uploads\/2017\/05\/Haarkamp-Walter.jpg\" width=\"90\" height=\"95\"><br \/>\nWalter Haarkamp<\/strong><br \/>\nkein Abi78 Jahrgang, irgendwann abgegangen<\/p>\n<p>&nbsp;<\/p>\n<p><strong><img loading=\"lazy\" decoding=\"async\" class=\"alignnone size-full wp-image-2961\" src=\"http:\/\/schnebele.de\/wp-content\/uploads\/2017\/05\/Hammer-Udo.jpg\" alt=\"\" width=\"90\" height=\"90\">&nbsp;<img loading=\"lazy\" decoding=\"async\" class=\"alignnone size-full wp-image-3139\" src=\"http:\/\/schnebele.de\/wp-content\/uploads\/2017\/05\/Hammer-aktuell.jpg\" alt=\"\" width=\"90\" height=\"90\"> <img loading=\"lazy\" decoding=\"async\" class=\"alignnone size-full wp-image-3238\" src=\"http:\/\/schnebele.de\/wp-content\/uploads\/2017\/05\/Hammer-Udo-2008.jpg\" alt=\"\" width=\"90\" height=\"90\">&nbsp;<img loading=\"lazy\" decoding=\"async\" class=\"alignnone size-full wp-image-3342\" src=\"http:\/\/schnebele.de\/wp-content\/uploads\/2017\/05\/Hammer-2013.jpg\" alt=\"\" width=\"89\" height=\"90\"><br \/>\nUdo Hammer<\/strong><\/p>\n<p>&nbsp;<\/p>\n<p><strong><img loading=\"lazy\" decoding=\"async\" class=\"alignnone size-full wp-image-2962\" src=\"http:\/\/schnebele.de\/wp-content\/uploads\/2017\/05\/H\u00e4nscheid-Heribert.jpg\" alt=\"\" width=\"90\" height=\"90\"><br \/>\nHeribert H\u00e4nscheid&nbsp;<\/strong><\/p>\n<p>&nbsp;<\/p>\n<p><strong><img loading=\"lazy\" decoding=\"async\" class=\"alignnone size-full wp-image-2963\" src=\"http:\/\/schnebele.de\/wp-content\/uploads\/2017\/05\/Hartmann-Sabine-1.jpg\" width=\"90\" height=\"90\">&nbsp;<img loading=\"lazy\" decoding=\"async\" class=\"alignnone size-full wp-image-3140\" src=\"http:\/\/schnebele.de\/wp-content\/uploads\/2017\/05\/Hartmann-Sabine-2.jpg\" alt=\"\" width=\"90\" height=\"90\">&nbsp;<img loading=\"lazy\" decoding=\"async\" class=\"alignnone size-full wp-image-3239\" src=\"http:\/\/schnebele.de\/wp-content\/uploads\/2017\/05\/Hartmann-Sabine-2008.jpg\" alt=\"\" width=\"90\" height=\"90\"><br \/>\nSabine Hartmann<br \/>\n<\/strong>verheiratete Suing,&nbsp;<br \/>\nlangj\u00e4hrige Mitsch\u00fclerin, kein Abijahrgang 78&nbsp;<br \/>\nverstorben am 11. September 2015<\/p>\n<p>&nbsp;<\/p>\n<p><strong><img loading=\"lazy\" decoding=\"async\" class=\"alignnone size-full wp-image-2964\" src=\"http:\/\/schnebele.de\/wp-content\/uploads\/2017\/05\/Hauswirt-Lothar.jpg\" width=\"90\" height=\"90\">&nbsp;<img loading=\"lazy\" decoding=\"async\" class=\"alignnone size-full wp-image-3240\" src=\"http:\/\/schnebele.de\/wp-content\/uploads\/2017\/05\/Hauswirth-Lothar-2008.jpg\" alt=\"\" width=\"90\" height=\"90\"><br \/>\nLothar Hauswirth <\/strong><\/p>\n<p>&nbsp;<\/p>\n<p><strong>Marion Haypeter<br \/>\n<\/strong>verheiratete Michaelis<\/p>\n<p>&nbsp;<\/p>\n<p><strong>Harold Hein&nbsp;&nbsp;&nbsp;&nbsp;&nbsp;<br \/>\n<\/strong><\/p>\n<p>&nbsp;<\/p>\n<p><strong><img loading=\"lazy\" decoding=\"async\" class=\"alignnone size-full wp-image-2965\" src=\"http:\/\/schnebele.de\/wp-content\/uploads\/2017\/05\/Heinemann-Wolfgang2.jpg\" width=\"84\" height=\"92\"><img loading=\"lazy\" decoding=\"async\" class=\"alignnone size-full wp-image-3141\" src=\"http:\/\/schnebele.de\/wp-content\/uploads\/2017\/05\/Heinemann-Wolfgang-5.jpg\" alt=\"\" width=\"90\" height=\"90\"><img loading=\"lazy\" decoding=\"async\" class=\"alignnone size-full wp-image-3241\" src=\"http:\/\/schnebele.de\/wp-content\/uploads\/2017\/05\/Heinemann-Wolfgang-2008.jpg\" alt=\"\" width=\"90\" height=\"90\"><img loading=\"lazy\" decoding=\"async\" class=\"alignnone size-full wp-image-3343\" src=\"http:\/\/schnebele.de\/wp-content\/uploads\/2017\/05\/Heinemann-2013.jpg\" alt=\"\" width=\"89\" height=\"90\"><img loading=\"lazy\" decoding=\"async\" class=\"alignnone wp-image-5547\" src=\"http:\/\/schnebele.de\/wp-content\/uploads\/2018\/06\/Heinemann-a-150x150.jpg\" alt=\"\" width=\"90\" height=\"91\" srcset=\"https:\/\/schnebele.de\/wp-content\/uploads\/2018\/06\/Heinemann-a-150x150.jpg 150w, https:\/\/schnebele.de\/wp-content\/uploads\/2018\/06\/Heinemann-a-298x300.jpg 298w, https:\/\/schnebele.de\/wp-content\/uploads\/2018\/06\/Heinemann-a-768x773.jpg 768w, https:\/\/schnebele.de\/wp-content\/uploads\/2018\/06\/Heinemann-a-1017x1024.jpg 1017w, https:\/\/schnebele.de\/wp-content\/uploads\/2018\/06\/Heinemann-a.jpg 1569w\" sizes=\"auto, (max-width: 90px) 100vw, 90px\" \/><br \/>\nWolfgang Heinemann<br \/>\n<\/strong>verstorben am 30. April 2022<\/p>\n<p>&nbsp;<\/p>\n<p><strong><img loading=\"lazy\" decoding=\"async\" class=\"alignnone size-full wp-image-2966\" src=\"http:\/\/schnebele.de\/wp-content\/uploads\/2017\/05\/Heise-Christine.jpg\" alt=\"\" width=\"90\" height=\"90\">&nbsp;<img loading=\"lazy\" decoding=\"async\" class=\"alignnone size-full wp-image-3142\" src=\"http:\/\/schnebele.de\/wp-content\/uploads\/2017\/05\/Heise-Christine-2.jpg\" alt=\"\" width=\"88\" height=\"90\"> <img loading=\"lazy\" decoding=\"async\" class=\"alignnone size-full wp-image-3242\" src=\"http:\/\/schnebele.de\/wp-content\/uploads\/2017\/05\/Heise-Christine-2008.jpg\" alt=\"\" width=\"90\" height=\"90\">&nbsp;<img loading=\"lazy\" decoding=\"async\" class=\"alignnone wp-image-5548\" src=\"http:\/\/schnebele.de\/wp-content\/uploads\/2018\/06\/Heise-150x150.jpg\" alt=\"\" width=\"90\" height=\"90\" srcset=\"https:\/\/schnebele.de\/wp-content\/uploads\/2018\/06\/Heise-150x150.jpg 150w, https:\/\/schnebele.de\/wp-content\/uploads\/2018\/06\/Heise-300x300.jpg 300w, https:\/\/schnebele.de\/wp-content\/uploads\/2018\/06\/Heise-768x768.jpg 768w, https:\/\/schnebele.de\/wp-content\/uploads\/2018\/06\/Heise-1024x1024.jpg 1024w, https:\/\/schnebele.de\/wp-content\/uploads\/2018\/06\/Heise.jpg 1883w\" sizes=\"auto, (max-width: 90px) 100vw, 90px\" \/><br \/>\nChristine Heise&nbsp;<br \/>\n<\/strong>verheiratete Heise-Ostgate&nbsp;<\/p>\n<p>&nbsp;<\/p>\n<p><strong><img loading=\"lazy\" decoding=\"async\" class=\"alignnone size-full wp-image-2967\" src=\"http:\/\/schnebele.de\/wp-content\/uploads\/2017\/05\/Helfensteller-Annemarie.jpg\" alt=\"\" width=\"90\" height=\"90\">&nbsp;<img loading=\"lazy\" decoding=\"async\" class=\"alignnone size-full wp-image-3143\" src=\"http:\/\/schnebele.de\/wp-content\/uploads\/2017\/05\/Helfensteller-neu.jpg\" alt=\"\" width=\"85\" height=\"90\">&nbsp;<img loading=\"lazy\" decoding=\"async\" class=\"alignnone size-full wp-image-3243\" src=\"http:\/\/schnebele.de\/wp-content\/uploads\/2017\/05\/Helfensteller-Annemarie-2008.jpg\" alt=\"\" width=\"90\" height=\"90\"><br \/>\nAnnemarie Helfensteller<\/strong><\/p>\n<p>&nbsp;<\/p>\n<p><strong><img loading=\"lazy\" decoding=\"async\" class=\"alignnone size-full wp-image-2968\" src=\"http:\/\/schnebele.de\/wp-content\/uploads\/2017\/05\/Helms-Gunnar.jpg\" alt=\"\" width=\"90\" height=\"90\">&nbsp;<img loading=\"lazy\" decoding=\"async\" class=\"alignnone size-full wp-image-3144\" src=\"http:\/\/schnebele.de\/wp-content\/uploads\/2017\/05\/Helm-Gunnar-2.jpg\" alt=\"\" width=\"84\" height=\"90\"> <img loading=\"lazy\" decoding=\"async\" class=\"alignnone size-full wp-image-3244\" src=\"http:\/\/schnebele.de\/wp-content\/uploads\/2017\/05\/Helms-Gunnar-2008.jpg\" alt=\"\" width=\"90\" height=\"90\">&nbsp;<img loading=\"lazy\" decoding=\"async\" class=\"alignnone wp-image-5549\" src=\"http:\/\/schnebele.de\/wp-content\/uploads\/2018\/06\/Helms-150x150.jpg\" alt=\"\" width=\"90\" height=\"98\" srcset=\"https:\/\/schnebele.de\/wp-content\/uploads\/2018\/06\/Helms-276x300.jpg 276w, https:\/\/schnebele.de\/wp-content\/uploads\/2018\/06\/Helms-768x834.jpg 768w, https:\/\/schnebele.de\/wp-content\/uploads\/2018\/06\/Helms-943x1024.jpg 943w, https:\/\/schnebele.de\/wp-content\/uploads\/2018\/06\/Helms-138x150.jpg 138w, https:\/\/schnebele.de\/wp-content\/uploads\/2018\/06\/Helms.jpg 1522w\" sizes=\"auto, (max-width: 90px) 100vw, 90px\" \/><br \/>\nGunnar Helms&nbsp; <\/strong><\/p>\n<p>&nbsp;<\/p>\n<p><strong><img loading=\"lazy\" decoding=\"async\" class=\"alignnone size-full wp-image-2969\" src=\"http:\/\/schnebele.de\/wp-content\/uploads\/2017\/05\/Hennecken-Peter.jpg\" alt=\"\" width=\"90\" height=\"88\"><br \/>\nPeter Hennecken&nbsp;<\/strong><\/p>\n<p><strong> &nbsp;&nbsp;&nbsp;<\/strong><\/p>\n<p><strong><img loading=\"lazy\" decoding=\"async\" class=\"alignnone size-full wp-image-2970\" src=\"http:\/\/schnebele.de\/wp-content\/uploads\/2017\/05\/Henscheidt-Heinz-Dieter.jpg\" alt=\"\" width=\"90\" height=\"90\"><br \/>\nHeinz Dieter Henscheid<\/strong><\/p>\n<p>&nbsp;<\/p>\n<p><strong><img loading=\"lazy\" decoding=\"async\" class=\"alignnone size-full wp-image-2971\" src=\"http:\/\/schnebele.de\/wp-content\/uploads\/2017\/05\/Hentschel-Michael.jpg\" alt=\"\" width=\"87\" height=\"90\"><br \/>\nMichael Hentschel<\/strong><\/p>\n<p>&nbsp;<\/p>\n<p><strong><img loading=\"lazy\" decoding=\"async\" class=\"alignnone size-full wp-image-3325\" src=\"http:\/\/schnebele.de\/wp-content\/uploads\/2017\/05\/Regina-Hering-1.jpg\" alt=\"\" width=\"90\" height=\"90\">&nbsp;<img loading=\"lazy\" decoding=\"async\" class=\"alignnone size-full wp-image-3245\" src=\"http:\/\/schnebele.de\/wp-content\/uploads\/2017\/05\/Hering-Regina-2008.jpg\" alt=\"\" width=\"90\" height=\"90\"><br \/>\nRegina Hering&nbsp;<br \/>\n<\/strong>verheiratete Thierfelder<\/p>\n<p>&nbsp;<\/p>\n<p><strong><img loading=\"lazy\" decoding=\"async\" class=\"alignnone size-full wp-image-2972\" src=\"http:\/\/schnebele.de\/wp-content\/uploads\/2017\/05\/Hertel-Liane-alt.jpg\" alt=\"\" width=\"90\" height=\"90\">&nbsp;<img loading=\"lazy\" decoding=\"async\" class=\"alignnone size-full wp-image-3344\" src=\"http:\/\/schnebele.de\/wp-content\/uploads\/2017\/05\/Hertel-2013.jpg\" width=\"93\" height=\"90\"><br \/>\nLiane Hertel<br \/>\n<\/strong>verheiratete Wenske<br \/>\nkein Abijahrgang, war in der \u201cb\u201d<br \/>\nverstorben am 11.11.2017<\/p>\n<p>&nbsp;<\/p>\n<p><strong><img loading=\"lazy\" decoding=\"async\" class=\"alignnone wp-image-6227\" src=\"http:\/\/schnebele.de\/wp-content\/uploads\/2017\/05\/Heckmann-01-298x300.jpg\" alt=\"\" width=\"89\" height=\"90\" srcset=\"https:\/\/schnebele.de\/wp-content\/uploads\/2017\/05\/Heckmann-01-298x300.jpg 298w, https:\/\/schnebele.de\/wp-content\/uploads\/2017\/05\/Heckmann-01-1016x1024.jpg 1016w, https:\/\/schnebele.de\/wp-content\/uploads\/2017\/05\/Heckmann-01-150x150.jpg 150w, https:\/\/schnebele.de\/wp-content\/uploads\/2017\/05\/Heckmann-01-768x774.jpg 768w, https:\/\/schnebele.de\/wp-content\/uploads\/2017\/05\/Heckmann-01-149x150.jpg 149w, https:\/\/schnebele.de\/wp-content\/uploads\/2017\/05\/Heckmann-01.jpg 1193w\" sizes=\"auto, (max-width: 89px) 100vw, 89px\" \/><br \/>\nBettina Heckmann<\/strong><br \/>\nwar eine Jahrgangsstufe unter uns, allerdings mit vielen von uns durch die Theatergruppe und Skilager befreundet<\/p>\n<p>&nbsp;<\/p>\n<p><strong><img loading=\"lazy\" decoding=\"async\" class=\"alignnone size-full wp-image-3145\" src=\"http:\/\/schnebele.de\/wp-content\/uploads\/2017\/05\/Hippel-Gabi-aktuell.jpg\" alt=\"\" width=\"90\" height=\"90\">&nbsp;<img loading=\"lazy\" decoding=\"async\" class=\"alignnone size-full wp-image-3246\" src=\"http:\/\/schnebele.de\/wp-content\/uploads\/2017\/05\/Hippel-Gabriele-2008.jpg\" alt=\"\" width=\"90\" height=\"90\">&nbsp;<img loading=\"lazy\" decoding=\"async\" class=\"alignnone wp-image-5550\" src=\"http:\/\/schnebele.de\/wp-content\/uploads\/2018\/06\/Hippel-150x150.jpg\" alt=\"\" width=\"90\" height=\"94\" srcset=\"https:\/\/schnebele.de\/wp-content\/uploads\/2018\/06\/Hippel-286x300.jpg 286w, https:\/\/schnebele.de\/wp-content\/uploads\/2018\/06\/Hippel-768x804.jpg 768w, https:\/\/schnebele.de\/wp-content\/uploads\/2018\/06\/Hippel-978x1024.jpg 978w, https:\/\/schnebele.de\/wp-content\/uploads\/2018\/06\/Hippel-143x150.jpg 143w, https:\/\/schnebele.de\/wp-content\/uploads\/2018\/06\/Hippel.jpg 1393w\" sizes=\"auto, (max-width: 90px) 100vw, 90px\" \/> <img loading=\"lazy\" decoding=\"async\" class=\"alignnone wp-image-6228\" src=\"http:\/\/schnebele.de\/wp-content\/uploads\/2017\/05\/Hippel-01-300x289.jpg\" alt=\"\" width=\"93\" height=\"90\" srcset=\"https:\/\/schnebele.de\/wp-content\/uploads\/2017\/05\/Hippel-01-300x289.jpg 300w, https:\/\/schnebele.de\/wp-content\/uploads\/2017\/05\/Hippel-01-156x150.jpg 156w, https:\/\/schnebele.de\/wp-content\/uploads\/2017\/05\/Hippel-01-150x145.jpg 150w, https:\/\/schnebele.de\/wp-content\/uploads\/2017\/05\/Hippel-01.jpg 742w\" sizes=\"auto, (max-width: 93px) 100vw, 93px\" \/><br \/>\nGabriele Hippel<br \/>\n<\/strong>verheiratete Schr\u00f6der&nbsp;<\/p>\n<p>&nbsp;<\/p>\n<p><strong><img loading=\"lazy\" decoding=\"async\" class=\"alignnone size-full wp-image-2975\" src=\"http:\/\/schnebele.de\/wp-content\/uploads\/2017\/05\/Hoffmann-Dietmar-2.jpg\" width=\"94\" height=\"90\">&nbsp;<img loading=\"lazy\" decoding=\"async\" class=\"alignnone size-full wp-image-3147\" src=\"http:\/\/schnebele.de\/wp-content\/uploads\/2017\/05\/Hoffmann-Dietmar-aktuell.jpg\" alt=\"\" width=\"90\" height=\"90\"><br \/>\nDietmar Hoffmann&nbsp;<\/strong><\/p>\n<p>&nbsp;<\/p>\n<p><strong><img loading=\"lazy\" decoding=\"async\" class=\"alignnone size-full wp-image-2974\" src=\"http:\/\/schnebele.de\/wp-content\/uploads\/2017\/05\/Hoffmann-Knuth.jpg\" alt=\"\" width=\"90\" height=\"90\"><br \/>\nKnuth Hoffmann<br \/>\n<\/strong>verstorben am 21.10.1989<\/p>\n<p>&nbsp;<\/p>\n<p><strong><img loading=\"lazy\" decoding=\"async\" class=\"alignnone size-full wp-image-2973\" src=\"http:\/\/schnebele.de\/wp-content\/uploads\/2017\/05\/H\u00f6ffgen-Rainer.jpg\" alt=\"\" width=\"90\" height=\"90\">&nbsp;<img loading=\"lazy\" decoding=\"async\" class=\"alignnone size-full wp-image-3146\" src=\"http:\/\/schnebele.de\/wp-content\/uploads\/2017\/05\/H\u00f6ffgen-Rainer-2.jpg\" width=\"96\" height=\"87\"> <img loading=\"lazy\" decoding=\"async\" class=\"alignnone size-full wp-image-3247\" src=\"http:\/\/schnebele.de\/wp-content\/uploads\/2017\/05\/Hoeffgen-Rainer-2008.jpg\" alt=\"\" width=\"90\" height=\"89\">&nbsp;<img loading=\"lazy\" decoding=\"async\" class=\"alignnone size-full wp-image-3345\" src=\"http:\/\/schnebele.de\/wp-content\/uploads\/2017\/05\/H\u00f6ffgen-2013.jpg\" width=\"92\" height=\"89\">&nbsp;<img loading=\"lazy\" decoding=\"async\" class=\"alignnone wp-image-5551\" src=\"http:\/\/schnebele.de\/wp-content\/uploads\/2018\/06\/H\u00f6ffgen-150x150.jpg\" alt=\"\" width=\"90\" height=\"93\" srcset=\"https:\/\/schnebele.de\/wp-content\/uploads\/2018\/06\/H\u00f6ffgen-291x300.jpg 291w, https:\/\/schnebele.de\/wp-content\/uploads\/2018\/06\/H\u00f6ffgen-768x792.jpg 768w, https:\/\/schnebele.de\/wp-content\/uploads\/2018\/06\/H\u00f6ffgen-993x1024.jpg 993w, https:\/\/schnebele.de\/wp-content\/uploads\/2018\/06\/H\u00f6ffgen-145x150.jpg 145w\" sizes=\"auto, (max-width: 90px) 100vw, 90px\" \/><br \/>\nRainer \u201cH\u00f6ffi\u201d H\u00f6ffgen <\/strong><\/p>\n<p>&nbsp;<\/p>\n<p><strong><img loading=\"lazy\" decoding=\"async\" class=\"alignnone size-full wp-image-2976\" src=\"http:\/\/schnebele.de\/wp-content\/uploads\/2017\/05\/H\u00fcbbe-Hans-Joachim.jpg\" alt=\"\" width=\"90\" height=\"90\">&nbsp;<img loading=\"lazy\" decoding=\"async\" class=\"alignnone size-full wp-image-3148\" src=\"http:\/\/schnebele.de\/wp-content\/uploads\/2017\/05\/H\u00fcbbe-Hans-Joachim-aktuell.jpg\" alt=\"\" width=\"90\" height=\"89\">&nbsp;<img loading=\"lazy\" decoding=\"async\" class=\"alignnone size-full wp-image-3346\" src=\"http:\/\/schnebele.de\/wp-content\/uploads\/2017\/05\/H\u00fcbbe-2013.jpg\" alt=\"\" width=\"90\" height=\"90\">&nbsp;<img loading=\"lazy\" decoding=\"async\" class=\"alignnone wp-image-5552\" src=\"http:\/\/schnebele.de\/wp-content\/uploads\/2018\/06\/H\u00fcbbe-150x150.jpg\" alt=\"\" width=\"90\" height=\"95\" srcset=\"https:\/\/schnebele.de\/wp-content\/uploads\/2018\/06\/H\u00fcbbe-284x300.jpg 284w, https:\/\/schnebele.de\/wp-content\/uploads\/2018\/06\/H\u00fcbbe-768x810.jpg 768w, https:\/\/schnebele.de\/wp-content\/uploads\/2018\/06\/H\u00fcbbe-970x1024.jpg 970w, https:\/\/schnebele.de\/wp-content\/uploads\/2018\/06\/H\u00fcbbe-142x150.jpg 142w, https:\/\/schnebele.de\/wp-content\/uploads\/2018\/06\/H\u00fcbbe.jpg 1393w\" sizes=\"auto, (max-width: 90px) 100vw, 90px\" \/> <img loading=\"lazy\" decoding=\"async\" class=\"alignnone wp-image-6229\" src=\"http:\/\/schnebele.de\/wp-content\/uploads\/2017\/05\/Huebbe-290x300.jpg\" alt=\"\" width=\"87\" height=\"90\" srcset=\"https:\/\/schnebele.de\/wp-content\/uploads\/2017\/05\/Huebbe-290x300.jpg 290w, https:\/\/schnebele.de\/wp-content\/uploads\/2017\/05\/Huebbe-990x1024.jpg 990w, https:\/\/schnebele.de\/wp-content\/uploads\/2017\/05\/Huebbe-768x794.jpg 768w, https:\/\/schnebele.de\/wp-content\/uploads\/2017\/05\/Huebbe-1486x1536.jpg 1486w, https:\/\/schnebele.de\/wp-content\/uploads\/2017\/05\/Huebbe-1981x2048.jpg 1981w, https:\/\/schnebele.de\/wp-content\/uploads\/2017\/05\/Huebbe-145x150.jpg 145w\" sizes=\"auto, (max-width: 87px) 100vw, 87px\" \/><br \/>\nHans-Joachim H\u00fcbbe <\/strong><\/p>\n<p>&nbsp;<\/p>\n<p><strong><img loading=\"lazy\" decoding=\"async\" class=\"alignnone size-full wp-image-2977\" src=\"http:\/\/schnebele.de\/wp-content\/uploads\/2017\/05\/Huppelsberg-Heike.jpg\" alt=\"\" width=\"90\" height=\"90\">&nbsp;<img loading=\"lazy\" decoding=\"async\" class=\"alignnone size-full wp-image-3248\" src=\"http:\/\/schnebele.de\/wp-content\/uploads\/2017\/05\/Huppelsberg-Heike-2008.jpg\" alt=\"\" width=\"90\" height=\"90\"><br \/>\nHeike Huppelsberg<br \/>\n<\/strong>verheiratete Hoffmann<\/p>\n<p>&nbsp;<\/p>\n<p><strong><img loading=\"lazy\" decoding=\"async\" class=\"alignnone size-full wp-image-2978\" src=\"http:\/\/schnebele.de\/wp-content\/uploads\/2017\/05\/Imhauser-Kalle-1.jpg\" alt=\"\" width=\"90\" height=\"90\">&nbsp;<img loading=\"lazy\" decoding=\"async\" class=\"alignnone size-full wp-image-3149\" src=\"http:\/\/schnebele.de\/wp-content\/uploads\/2017\/05\/Imhauser-Kalle-aktuell.jpg\" alt=\"\" width=\"90\" height=\"90\">&nbsp;<br \/>\nKarl-Heinz \u201cImmi 1\u201d Imh\u00e4user &nbsp;&nbsp;<\/strong><\/p>\n<p>&nbsp;<\/p>\n<p><strong><img loading=\"lazy\" decoding=\"async\" class=\"alignnone size-full wp-image-2979\" src=\"http:\/\/schnebele.de\/wp-content\/uploads\/2017\/05\/Imh\u00e4user-Rainer-1.jpg\" alt=\"\" width=\"90\" height=\"90\"><img loading=\"lazy\" decoding=\"async\" class=\"alignnone size-full wp-image-3150\" src=\"http:\/\/schnebele.de\/wp-content\/uploads\/2017\/05\/Immi-Rainer-aktuell-1.jpg\" alt=\"\" width=\"90\" height=\"90\"><br \/>\nRainer \u201cImmi 2\u201d Imh\u00e4user&nbsp;<br \/>\n<\/strong>verstorben am 27. November 2018<strong><br \/>\n<\/strong><\/p>\n<p>&nbsp;<\/p>\n<p><strong><img loading=\"lazy\" decoding=\"async\" class=\"alignnone size-full wp-image-2981\" src=\"http:\/\/schnebele.de\/wp-content\/uploads\/2017\/05\/Jakob-Ulrich.jpg\" alt=\"\" width=\"90\" height=\"90\">&nbsp;<img loading=\"lazy\" decoding=\"async\" class=\"alignnone size-full wp-image-3249\" src=\"http:\/\/schnebele.de\/wp-content\/uploads\/2017\/05\/Jacob-Ulrich.jpg\" alt=\"\" width=\"90\" height=\"89\"><br \/>\nUlrich&nbsp; Jacob&nbsp;<\/strong><\/p>\n<p>&nbsp;<\/p>\n<p><strong><img loading=\"lazy\" decoding=\"async\" class=\"alignnone size-full wp-image-2980\" src=\"http:\/\/schnebele.de\/wp-content\/uploads\/2017\/05\/J\u00e4ger-Manfred-Jagger.jpg\" alt=\"\" width=\"90\" height=\"90\">&nbsp;<img loading=\"lazy\" decoding=\"async\" class=\"alignnone size-full wp-image-3151\" src=\"http:\/\/schnebele.de\/wp-content\/uploads\/2017\/05\/J\u00e4ger-Manfred-2.jpg\" alt=\"\" width=\"87\" height=\"90\"> <img loading=\"lazy\" decoding=\"async\" class=\"alignnone wp-image-6230\" src=\"http:\/\/schnebele.de\/wp-content\/uploads\/2017\/05\/Jaeger-01-300x292.jpg\" alt=\"\" width=\"92\" height=\"90\" srcset=\"https:\/\/schnebele.de\/wp-content\/uploads\/2017\/05\/Jaeger-01-300x292.jpg 300w, https:\/\/schnebele.de\/wp-content\/uploads\/2017\/05\/Jaeger-01-1024x997.jpg 1024w, https:\/\/schnebele.de\/wp-content\/uploads\/2017\/05\/Jaeger-01-768x748.jpg 768w, https:\/\/schnebele.de\/wp-content\/uploads\/2017\/05\/Jaeger-01-154x150.jpg 154w, https:\/\/schnebele.de\/wp-content\/uploads\/2017\/05\/Jaeger-01-150x146.jpg 150w, https:\/\/schnebele.de\/wp-content\/uploads\/2017\/05\/Jaeger-01.jpg 1349w\" sizes=\"auto, (max-width: 92px) 100vw, 92px\" \/><br \/>\nManfred \u201cJaegger\u201d J\u00e4ger <\/strong><\/p>\n<p>&nbsp;<\/p>\n<p><strong><img loading=\"lazy\" decoding=\"async\" class=\"alignnone size-full wp-image-2982\" src=\"http:\/\/schnebele.de\/wp-content\/uploads\/2017\/05\/Jaspers-Birgit.jpg\" alt=\"\" width=\"90\" height=\"90\">&nbsp;<img loading=\"lazy\" decoding=\"async\" class=\"alignnone size-full wp-image-3152\" src=\"http:\/\/schnebele.de\/wp-content\/uploads\/2017\/05\/Jaspers-Birgit-7.jpg\" alt=\"\" width=\"89\" height=\"90\">&nbsp;<img loading=\"lazy\" decoding=\"async\" class=\"alignnone size-full wp-image-3250\" src=\"http:\/\/schnebele.de\/wp-content\/uploads\/2017\/05\/Jaspers-Birgit-1-2008.jpg\" alt=\"\" width=\"90\" height=\"90\"><br \/>\nBirgit Jaspers&nbsp;<\/strong><\/p>\n<p>&nbsp;<\/p>\n<p><strong><img loading=\"lazy\" decoding=\"async\" class=\"alignnone size-full wp-image-3075\" src=\"http:\/\/schnebele.de\/wp-content\/uploads\/2017\/05\/Jegust-Marita.jpg\" alt=\"\" width=\"90\" height=\"90\">&nbsp;<br \/>\nMarita Jegust<br \/>\n<\/strong>verheiratete Pohl&nbsp;<\/p>\n<p>&nbsp;<\/p>\n<p><strong><img loading=\"lazy\" decoding=\"async\" class=\"alignnone size-full wp-image-2983\" src=\"http:\/\/schnebele.de\/wp-content\/uploads\/2017\/05\/Jung-Dorothea.jpg\" alt=\"\" width=\"90\" height=\"90\">&nbsp;<img loading=\"lazy\" decoding=\"async\" class=\"alignnone size-full wp-image-3153\" src=\"http:\/\/schnebele.de\/wp-content\/uploads\/2017\/05\/Jung-Doro-aktuell.jpg\" alt=\"\" width=\"90\" height=\"90\">&nbsp;<img loading=\"lazy\" decoding=\"async\" class=\"alignnone size-full wp-image-3252\" src=\"http:\/\/schnebele.de\/wp-content\/uploads\/2017\/05\/Jung-Doro-1-2008.jpg\" alt=\"\" width=\"90\" height=\"90\"><br \/>\nDorothea Jung&nbsp;<br \/>\n<\/strong>verheiratete Jung-Walbr\u00f6l&nbsp;<\/p>\n<p>&nbsp;<\/p>\n<p><strong><img loading=\"lazy\" decoding=\"async\" class=\"alignnone size-full wp-image-2984\" src=\"http:\/\/schnebele.de\/wp-content\/uploads\/2017\/05\/Jungjohann-Heiko.jpg\" alt=\"\" width=\"90\" height=\"90\">&nbsp;<img loading=\"lazy\" decoding=\"async\" class=\"alignnone size-full wp-image-3154\" src=\"http:\/\/schnebele.de\/wp-content\/uploads\/2017\/05\/Jungjohann-Heiko-2.jpg\" alt=\"\" width=\"87\" height=\"90\"> <img loading=\"lazy\" decoding=\"async\" class=\"alignnone size-full wp-image-3254\" src=\"http:\/\/schnebele.de\/wp-content\/uploads\/2017\/05\/Jungjohann-Heiko-2008.jpg\" alt=\"\" width=\"90\" height=\"90\">&nbsp;<img loading=\"lazy\" decoding=\"async\" class=\"alignnone size-full wp-image-3347\" src=\"http:\/\/schnebele.de\/wp-content\/uploads\/2017\/05\/Jungjohann-2013.jpg\" alt=\"\" width=\"89\" height=\"90\">&nbsp;<img loading=\"lazy\" decoding=\"async\" class=\"alignnone wp-image-5553\" src=\"http:\/\/schnebele.de\/wp-content\/uploads\/2018\/06\/Jungjohann-a-150x150.jpg\" alt=\"\" width=\"90\" height=\"93\" srcset=\"https:\/\/schnebele.de\/wp-content\/uploads\/2018\/06\/Jungjohann-a-292x300.jpg 292w, https:\/\/schnebele.de\/wp-content\/uploads\/2018\/06\/Jungjohann-a-768x790.jpg 768w, https:\/\/schnebele.de\/wp-content\/uploads\/2018\/06\/Jungjohann-a-995x1024.jpg 995w, https:\/\/schnebele.de\/wp-content\/uploads\/2018\/06\/Jungjohann-a-146x150.jpg 146w, https:\/\/schnebele.de\/wp-content\/uploads\/2018\/06\/Jungjohann-a.jpg 1392w\" sizes=\"auto, (max-width: 90px) 100vw, 90px\" \/> <img loading=\"lazy\" decoding=\"async\" class=\"alignnone wp-image-6233\" src=\"http:\/\/schnebele.de\/wp-content\/uploads\/2017\/05\/Jungjohann-283x300.jpg\" alt=\"\" width=\"85\" height=\"90\" srcset=\"https:\/\/schnebele.de\/wp-content\/uploads\/2017\/05\/Jungjohann-283x300.jpg 283w, https:\/\/schnebele.de\/wp-content\/uploads\/2017\/05\/Jungjohann-965x1024.jpg 965w, https:\/\/schnebele.de\/wp-content\/uploads\/2017\/05\/Jungjohann-768x815.jpg 768w, https:\/\/schnebele.de\/wp-content\/uploads\/2017\/05\/Jungjohann-141x150.jpg 141w, https:\/\/schnebele.de\/wp-content\/uploads\/2017\/05\/Jungjohann.jpg 1233w\" sizes=\"auto, (max-width: 85px) 100vw, 85px\" \/><br \/>\nHeiko Jungjohann&nbsp; <\/strong><\/p>\n<p>&nbsp;<\/p>\n<p><strong><img loading=\"lazy\" decoding=\"async\" class=\"alignnone size-full wp-image-2985\" src=\"http:\/\/schnebele.de\/wp-content\/uploads\/2017\/05\/Kappenstein-Berthold.jpg\" alt=\"\" width=\"90\" height=\"90\"><img loading=\"lazy\" decoding=\"async\" class=\"alignnone size-full wp-image-3155\" src=\"http:\/\/schnebele.de\/wp-content\/uploads\/2017\/05\/Kappenstein-Berthold-neu.jpg\" alt=\"\" width=\"90\" height=\"90\"><img loading=\"lazy\" decoding=\"async\" class=\"alignnone size-full wp-image-3348\" src=\"http:\/\/schnebele.de\/wp-content\/uploads\/2017\/05\/Kappenstein-2013.jpg\" width=\"92\" height=\"90\"><br \/>\nBerthold \u201cKappi\u201d Kappenstein<br \/>\n<\/strong>verstorben am 20. April 2023<strong><br \/>\n<\/strong><\/p>\n<p>&nbsp;<\/p>\n<p><strong>&nbsp;<br \/>\nSabine Kaufmann <\/strong>(Bilder auf Sabines Wunsch entfernt)<\/p>\n<p>&nbsp;<\/p>\n<p><strong><img loading=\"lazy\" decoding=\"async\" class=\"alignnone size-full wp-image-2987\" src=\"http:\/\/schnebele.de\/wp-content\/uploads\/2017\/05\/Keesen-Arno.jpg\" alt=\"\" width=\"90\" height=\"90\">&nbsp;<img loading=\"lazy\" decoding=\"async\" class=\"alignnone size-full wp-image-3157\" src=\"http:\/\/schnebele.de\/wp-content\/uploads\/2017\/05\/Keesen-Arno-3.jpg\" alt=\"\" width=\"89\" height=\"90\">&nbsp;<img loading=\"lazy\" decoding=\"async\" class=\"alignnone size-full wp-image-3255\" src=\"http:\/\/schnebele.de\/wp-content\/uploads\/2017\/05\/Keesen-Arno-2008.jpg\" alt=\"\" width=\"90\" height=\"90\">&nbsp;<img loading=\"lazy\" decoding=\"async\" class=\"alignnone size-full wp-image-3377\" src=\"http:\/\/schnebele.de\/wp-content\/uploads\/2017\/05\/Keesen.jpg\" alt=\"\" width=\"84\" height=\"90\">&nbsp;<img loading=\"lazy\" decoding=\"async\" class=\"alignnone wp-image-5554\" src=\"http:\/\/schnebele.de\/wp-content\/uploads\/2018\/06\/Keesen-150x150.jpg\" alt=\"\" width=\"90\" height=\"87\" srcset=\"https:\/\/schnebele.de\/wp-content\/uploads\/2018\/06\/Keesen-300x291.jpg 300w, https:\/\/schnebele.de\/wp-content\/uploads\/2018\/06\/Keesen-768x744.jpg 768w, https:\/\/schnebele.de\/wp-content\/uploads\/2018\/06\/Keesen-150x145.jpg 150w, https:\/\/schnebele.de\/wp-content\/uploads\/2018\/06\/Keesen.jpg 930w\" sizes=\"auto, (max-width: 90px) 100vw, 90px\" \/> <img loading=\"lazy\" decoding=\"async\" class=\"alignnone wp-image-6234\" src=\"http:\/\/schnebele.de\/wp-content\/uploads\/2017\/05\/Keesen-02-286x300.jpg\" alt=\"\" width=\"86\" height=\"90\" srcset=\"https:\/\/schnebele.de\/wp-content\/uploads\/2017\/05\/Keesen-02-286x300.jpg 286w, https:\/\/schnebele.de\/wp-content\/uploads\/2017\/05\/Keesen-02-978x1024.jpg 978w, https:\/\/schnebele.de\/wp-content\/uploads\/2017\/05\/Keesen-02-768x804.jpg 768w, https:\/\/schnebele.de\/wp-content\/uploads\/2017\/05\/Keesen-02-143x150.jpg 143w, https:\/\/schnebele.de\/wp-content\/uploads\/2017\/05\/Keesen-02.jpg 1312w\" sizes=\"auto, (max-width: 86px) 100vw, 86px\" \/><br \/>\nArno Keesen&nbsp; <\/strong><\/p>\n<p>&nbsp;<\/p>\n<p><strong><img loading=\"lazy\" decoding=\"async\" class=\"alignnone size-full wp-image-2988\" src=\"http:\/\/schnebele.de\/wp-content\/uploads\/2017\/05\/Keller-Uschi1.jpg\" alt=\"\" width=\"85\" height=\"90\">&nbsp;<br \/>\nUrsula \u201cUschi\u201d Keller<br \/>\n<\/strong>verheiratete Herder &nbsp;<br \/>\nverstorben 27.08.2006<\/p>\n<p>&nbsp;<\/p>\n<p><strong><img loading=\"lazy\" decoding=\"async\" class=\"alignnone size-full wp-image-2990\" src=\"http:\/\/schnebele.de\/wp-content\/uploads\/2017\/05\/Klein-Annette.jpg\" alt=\"\" width=\"90\" height=\"90\">&nbsp;<img loading=\"lazy\" decoding=\"async\" class=\"alignnone size-full wp-image-3158\" src=\"http:\/\/schnebele.de\/wp-content\/uploads\/2017\/05\/Klein-Anette-2.jpg\" alt=\"\" width=\"90\" height=\"87\">&nbsp;<img loading=\"lazy\" decoding=\"async\" class=\"alignnone wp-image-5555\" src=\"http:\/\/schnebele.de\/wp-content\/uploads\/2018\/06\/Klein-anette--150x150.jpg\" alt=\"\" width=\"90\" height=\"99\" srcset=\"https:\/\/schnebele.de\/wp-content\/uploads\/2018\/06\/Klein-anette--273x300.jpg 273w, https:\/\/schnebele.de\/wp-content\/uploads\/2018\/06\/Klein-anette--768x843.jpg 768w, https:\/\/schnebele.de\/wp-content\/uploads\/2018\/06\/Klein-anette--933x1024.jpg 933w, https:\/\/schnebele.de\/wp-content\/uploads\/2018\/06\/Klein-anette--137x150.jpg 137w, https:\/\/schnebele.de\/wp-content\/uploads\/2018\/06\/Klein-anette-.jpg 1216w\" sizes=\"auto, (max-width: 90px) 100vw, 90px\" \/> <img loading=\"lazy\" decoding=\"async\" class=\"alignnone wp-image-6235\" src=\"http:\/\/schnebele.de\/wp-content\/uploads\/2017\/05\/Klein-Anette-02-300x291.jpg\" alt=\"\" width=\"93\" height=\"90\" srcset=\"https:\/\/schnebele.de\/wp-content\/uploads\/2017\/05\/Klein-Anette-02-300x291.jpg 300w, https:\/\/schnebele.de\/wp-content\/uploads\/2017\/05\/Klein-Anette-02-1024x994.jpg 1024w, https:\/\/schnebele.de\/wp-content\/uploads\/2017\/05\/Klein-Anette-02-768x745.jpg 768w, https:\/\/schnebele.de\/wp-content\/uploads\/2017\/05\/Klein-Anette-02-1536x1490.jpg 1536w, https:\/\/schnebele.de\/wp-content\/uploads\/2017\/05\/Klein-Anette-02-155x150.jpg 155w, https:\/\/schnebele.de\/wp-content\/uploads\/2017\/05\/Klein-Anette-02-150x146.jpg 150w, https:\/\/schnebele.de\/wp-content\/uploads\/2017\/05\/Klein-Anette-02.jpg 1820w\" sizes=\"auto, (max-width: 93px) 100vw, 93px\" \/><br \/>\nAnette Klein&nbsp;<br \/>\n<\/strong>verheiratete Klein-Johann&nbsp;<\/p>\n<p>&nbsp;<\/p>\n<p><strong><img loading=\"lazy\" decoding=\"async\" class=\"alignnone size-full wp-image-2922\" src=\"http:\/\/schnebele.de\/wp-content\/uploads\/2017\/05\/Beate-Klein.jpg\" alt=\"\" width=\"90\" height=\"90\"><br \/>\nBeate Klein<\/strong><\/p>\n<p>&nbsp;<\/p>\n<p><strong><img loading=\"lazy\" decoding=\"async\" class=\"alignnone size-full wp-image-2991\" src=\"http:\/\/schnebele.de\/wp-content\/uploads\/2017\/05\/Klein-Birgit.jpg\" alt=\"\" width=\"90\" height=\"90\">&nbsp;<img loading=\"lazy\" decoding=\"async\" class=\"alignnone size-full wp-image-3159\" src=\"http:\/\/schnebele.de\/wp-content\/uploads\/2017\/05\/Klein-Birgit-2.jpg\" width=\"95\" height=\"90\"> <img loading=\"lazy\" decoding=\"async\" class=\"alignnone size-full wp-image-3256\" src=\"http:\/\/schnebele.de\/wp-content\/uploads\/2017\/05\/Klein-Birgit-2008.jpg\" alt=\"\" width=\"90\" height=\"90\">&nbsp;<img loading=\"lazy\" decoding=\"async\" class=\"alignnone size-full wp-image-3349\" src=\"http:\/\/schnebele.de\/wp-content\/uploads\/2017\/05\/Klein-Birgit-2013.jpg\" alt=\"\" width=\"90\" height=\"90\">&nbsp;<img loading=\"lazy\" decoding=\"async\" class=\"alignnone wp-image-5556\" src=\"http:\/\/schnebele.de\/wp-content\/uploads\/2018\/06\/Klein-Birgit-150x150.jpg\" alt=\"\" width=\"90\" height=\"99\" srcset=\"https:\/\/schnebele.de\/wp-content\/uploads\/2018\/06\/Klein-Birgit-273x300.jpg 273w, https:\/\/schnebele.de\/wp-content\/uploads\/2018\/06\/Klein-Birgit-768x843.jpg 768w, https:\/\/schnebele.de\/wp-content\/uploads\/2018\/06\/Klein-Birgit-933x1024.jpg 933w, https:\/\/schnebele.de\/wp-content\/uploads\/2018\/06\/Klein-Birgit-137x150.jpg 137w, https:\/\/schnebele.de\/wp-content\/uploads\/2018\/06\/Klein-Birgit.jpg 1216w\" sizes=\"auto, (max-width: 90px) 100vw, 90px\" \/> <img loading=\"lazy\" decoding=\"async\" class=\"alignnone wp-image-6236\" src=\"http:\/\/schnebele.de\/wp-content\/uploads\/2017\/05\/Klein-Birgit-03-285x300.jpg\" alt=\"\" width=\"85\" height=\"90\" srcset=\"https:\/\/schnebele.de\/wp-content\/uploads\/2017\/05\/Klein-Birgit-03-285x300.jpg 285w, https:\/\/schnebele.de\/wp-content\/uploads\/2017\/05\/Klein-Birgit-03-971x1024.jpg 971w, https:\/\/schnebele.de\/wp-content\/uploads\/2017\/05\/Klein-Birgit-03-768x810.jpg 768w, https:\/\/schnebele.de\/wp-content\/uploads\/2017\/05\/Klein-Birgit-03-1457x1536.jpg 1457w, https:\/\/schnebele.de\/wp-content\/uploads\/2017\/05\/Klein-Birgit-03-1943x2048.jpg 1943w, https:\/\/schnebele.de\/wp-content\/uploads\/2017\/05\/Klein-Birgit-03-142x150.jpg 142w\" sizes=\"auto, (max-width: 85px) 100vw, 85px\" \/><br \/>\nBirgit Klein&nbsp;<br \/>\n<\/strong>verheiratete Giesen<\/p>\n<p>&nbsp;<\/p>\n<p><strong><img loading=\"lazy\" decoding=\"async\" class=\"alignnone size-full wp-image-2994\" src=\"http:\/\/schnebele.de\/wp-content\/uploads\/2017\/05\/Klein-Steffi.jpg\" alt=\"\" width=\"88\" height=\"90\"><br \/>\nSteffi Klein&nbsp;<\/strong><\/p>\n<p>&nbsp;<\/p>\n<p><strong><img loading=\"lazy\" decoding=\"async\" class=\"alignnone size-full wp-image-2995\" src=\"http:\/\/schnebele.de\/wp-content\/uploads\/2017\/05\/Klein-Ulrike-1.jpg\" alt=\"\" width=\"90\" height=\"87\">&nbsp;<img loading=\"lazy\" decoding=\"async\" class=\"alignnone size-full wp-image-3160\" src=\"http:\/\/schnebele.de\/wp-content\/uploads\/2017\/05\/Klein-Ulrike-4-2.jpg\" alt=\"\" width=\"88\" height=\"90\">&nbsp;<br \/>\nUlrike Klein<br \/>\n<\/strong>verheiratete Schmidt&nbsp;<br \/>\nverstorben 05. August 2025<\/p>\n<p>&nbsp;<\/p>\n<p><strong><img loading=\"lazy\" decoding=\"async\" class=\"alignnone size-full wp-image-2996\" src=\"http:\/\/schnebele.de\/wp-content\/uploads\/2017\/05\/Knipping-Ludwig2.jpg\" width=\"85\" height=\"90\">&nbsp;<img loading=\"lazy\" decoding=\"async\" class=\"alignnone size-full wp-image-3161\" src=\"http:\/\/schnebele.de\/wp-content\/uploads\/2017\/05\/Knipping-Ludwig-2.jpg\" alt=\"\" width=\"90\" height=\"89\"> <img loading=\"lazy\" decoding=\"async\" class=\"alignnone size-full wp-image-3257\" src=\"http:\/\/schnebele.de\/wp-content\/uploads\/2017\/05\/Knipping-Ludwig-2008.jpg\" alt=\"\" width=\"90\" height=\"90\">&nbsp;<img loading=\"lazy\" decoding=\"async\" class=\"alignnone size-full wp-image-3350\" src=\"http:\/\/schnebele.de\/wp-content\/uploads\/2017\/05\/Knipping-2013-2.jpg\" alt=\"\" width=\"90\" height=\"90\"> <img loading=\"lazy\" decoding=\"async\" class=\"alignnone wp-image-6237\" src=\"http:\/\/schnebele.de\/wp-content\/uploads\/2017\/05\/Knipping-01-291x300.jpg\" alt=\"\" width=\"87\" height=\"90\" srcset=\"https:\/\/schnebele.de\/wp-content\/uploads\/2017\/05\/Knipping-01-291x300.jpg 291w, https:\/\/schnebele.de\/wp-content\/uploads\/2017\/05\/Knipping-01-146x150.jpg 146w, https:\/\/schnebele.de\/wp-content\/uploads\/2017\/05\/Knipping-01.jpg 693w\" sizes=\"auto, (max-width: 87px) 100vw, 87px\" \/><br \/>\nLudwig Knipping&nbsp; <\/strong><\/p>\n<p>&nbsp;<\/p>\n<p><strong><img loading=\"lazy\" decoding=\"async\" class=\"alignnone size-full wp-image-2997\" src=\"http:\/\/schnebele.de\/wp-content\/uploads\/2017\/05\/Kn\u00f6rrlich-Conny.jpg\" width=\"85\" height=\"90\">&nbsp;<img loading=\"lazy\" decoding=\"async\" class=\"alignnone size-full wp-image-3162\" src=\"http:\/\/schnebele.de\/wp-content\/uploads\/2017\/05\/Kn\u00f6rrlich-Cony-7.jpg\" alt=\"\" width=\"90\" height=\"90\">&nbsp;<img loading=\"lazy\" decoding=\"async\" class=\"alignnone size-full wp-image-3258\" src=\"http:\/\/schnebele.de\/wp-content\/uploads\/2017\/05\/Knoerrlich-Conny-2008.jpg\" alt=\"\" width=\"90\" height=\"90\"><br \/>\nCornelia \u201cConny\u201d Kn\u00f6rrlich<br \/>\n<\/strong>verheiratete Hay<\/p>\n<p>&nbsp;<\/p>\n<p><strong><img loading=\"lazy\" decoding=\"async\" class=\"alignnone size-full wp-image-2998\" src=\"http:\/\/schnebele.de\/wp-content\/uploads\/2017\/05\/Kolb-Karl-Wilhelm-Kalle.jpg\" alt=\"\" width=\"90\" height=\"90\">&nbsp;<img loading=\"lazy\" decoding=\"async\" class=\"alignnone size-full wp-image-3163\" src=\"http:\/\/schnebele.de\/wp-content\/uploads\/2017\/05\/Kolb-Kalle-3.jpg\" alt=\"\" width=\"87\" height=\"90\"><br \/>\nKarl-Wilhelm \u201cKalle\u201d Kolb&nbsp;<\/strong><\/p>\n<p>&nbsp;<\/p>\n<p><strong><img loading=\"lazy\" decoding=\"async\" class=\"alignnone size-full wp-image-2999\" src=\"http:\/\/schnebele.de\/wp-content\/uploads\/2017\/05\/K\u00f6lzer-Frank.jpg\" alt=\"\" width=\"90\" height=\"90\">&nbsp;<img loading=\"lazy\" decoding=\"async\" class=\"alignnone size-full wp-image-3164\" src=\"http:\/\/schnebele.de\/wp-content\/uploads\/2017\/05\/K\u00f6lzer-Frank-6.jpg\" alt=\"\" width=\"90\" height=\"90\">&nbsp;<img loading=\"lazy\" decoding=\"async\" class=\"alignnone size-full wp-image-3259\" src=\"http:\/\/schnebele.de\/wp-content\/uploads\/2017\/05\/Koelzer-Frank-2008.jpg\" alt=\"\" width=\"90\" height=\"90\">&nbsp;<img loading=\"lazy\" decoding=\"async\" class=\"alignnone size-full wp-image-3351\" src=\"http:\/\/schnebele.de\/wp-content\/uploads\/2017\/05\/K\u00f6lzer-2013.jpg\" alt=\"\" width=\"89\" height=\"90\">&nbsp;<img loading=\"lazy\" decoding=\"async\" class=\"alignnone wp-image-5557\" src=\"http:\/\/schnebele.de\/wp-content\/uploads\/2018\/06\/K\u00f6lzer-150x150.jpg\" alt=\"\" width=\"90\" height=\"92\" srcset=\"https:\/\/schnebele.de\/wp-content\/uploads\/2018\/06\/K\u00f6lzer-292x300.jpg 292w, https:\/\/schnebele.de\/wp-content\/uploads\/2018\/06\/K\u00f6lzer-768x789.jpg 768w, https:\/\/schnebele.de\/wp-content\/uploads\/2018\/06\/K\u00f6lzer-996x1024.jpg 996w, https:\/\/schnebele.de\/wp-content\/uploads\/2018\/06\/K\u00f6lzer-146x150.jpg 146w\" sizes=\"auto, (max-width: 90px) 100vw, 90px\" \/><br \/>\nFrank \u201cKl\u00f6tzer\u201dK\u00f6lzer&nbsp; <\/strong><\/p>\n<p>&nbsp;<\/p>\n<p><strong><img loading=\"lazy\" decoding=\"async\" class=\"alignnone size-full wp-image-3000\" src=\"http:\/\/schnebele.de\/wp-content\/uploads\/2017\/05\/Krebs-Sigrid.jpg\" alt=\"\" width=\"90\" height=\"90\">&nbsp;<img loading=\"lazy\" decoding=\"async\" class=\"alignnone size-full wp-image-3195\" src=\"http:\/\/schnebele.de\/wp-content\/uploads\/2017\/05\/Sigrid-Krebs-neu.jpg\" alt=\"\" width=\"90\" height=\"90\"><br \/>\nSigrid Krebs<br \/>\n<\/strong>kein Abijahrgang &#8211; nach 10. Klasse abgegangen<br \/>\nverstorben 05. Februar 2008<\/p>\n<p>&nbsp;<\/p>\n<p><strong><img loading=\"lazy\" decoding=\"async\" class=\"alignnone size-full wp-image-3001\" src=\"http:\/\/schnebele.de\/wp-content\/uploads\/2017\/05\/Kugelmeyer-Christa.jpg\" alt=\"\" width=\"90\" height=\"90\"><br \/>\nChrista Kugelmeyer<br \/>\n<\/strong>verheiratete Wilhelmi<br \/>\nkein Abijahrgang, war in der \u201cb\u201d<\/p>\n<p>&nbsp;<\/p>\n<p><strong><img loading=\"lazy\" decoding=\"async\" class=\"alignnone size-full wp-image-3002\" src=\"http:\/\/schnebele.de\/wp-content\/uploads\/2017\/05\/Landrock-Amalie.jpg\" alt=\"\" width=\"90\" height=\"90\">&nbsp;<img loading=\"lazy\" decoding=\"async\" class=\"alignnone size-full wp-image-3260\" src=\"http:\/\/schnebele.de\/wp-content\/uploads\/2017\/05\/Landrock-Amalie-2008.jpg\" alt=\"\" width=\"90\" height=\"90\"><br \/>\nAmalie Landrock<br \/>\n<\/strong>verheiratete Nordt&nbsp;<\/p>\n<p>&nbsp;<\/p>\n<p><strong><img loading=\"lazy\" decoding=\"async\" class=\"alignnone size-full wp-image-3003\" src=\"http:\/\/schnebele.de\/wp-content\/uploads\/2017\/05\/Leuwer-J\u00fcrgen.jpg\" alt=\"\" width=\"90\" height=\"90\"><br \/>\nJ\u00fcrgen Leuwer<\/strong><\/p>\n<p>&nbsp;<\/p>\n<p><strong><img loading=\"lazy\" decoding=\"async\" class=\"alignnone size-full wp-image-3004\" src=\"http:\/\/schnebele.de\/wp-content\/uploads\/2017\/05\/Lillich-Steffi.jpg\" alt=\"\" width=\"90\" height=\"90\"><br \/>\nStefanie Lillich<br \/>\n<\/strong>verheiratete Fiolka<br \/>\nlangj\u00e4hrige Mitsch\u00fclerin, kein Abiturjahrgang 1978<\/p>\n<p>&nbsp;<\/p>\n<p><strong><img loading=\"lazy\" decoding=\"async\" class=\"alignnone size-full wp-image-3005\" src=\"http:\/\/schnebele.de\/wp-content\/uploads\/2017\/05\/Lipschitz-Helma-1.jpg\" alt=\"\" width=\"90\" height=\"90\"><br \/>\nHelma Lipschitz &nbsp;&nbsp;&nbsp;&nbsp;&nbsp;&nbsp;&nbsp;&nbsp;<br \/>\n<\/strong>verstorben am 06. Juni 2024<\/p>\n<p>&nbsp;<\/p>\n<p><strong><img loading=\"lazy\" decoding=\"async\" class=\"alignnone size-full wp-image-3006\" src=\"http:\/\/schnebele.de\/wp-content\/uploads\/2017\/05\/Marrenbach-G\u00fcnter.jpg\" alt=\"\" width=\"90\" height=\"90\">&nbsp;<img loading=\"lazy\" decoding=\"async\" class=\"alignnone size-full wp-image-3165\" src=\"http:\/\/schnebele.de\/wp-content\/uploads\/2017\/05\/Marrenbach-Ch\u00fcnni-2.jpg\" alt=\"\" width=\"85\" height=\"90\"> <img loading=\"lazy\" decoding=\"async\" class=\"alignnone size-full wp-image-3261\" src=\"http:\/\/schnebele.de\/wp-content\/uploads\/2017\/05\/Marrenbach-H-G-2008.jpg\" alt=\"\" width=\"90\" height=\"90\">&nbsp;<img loading=\"lazy\" decoding=\"async\" class=\"alignnone wp-image-5558\" src=\"http:\/\/schnebele.de\/wp-content\/uploads\/2018\/06\/Marrenbach-150x150.jpg\" alt=\"\" width=\"90\" height=\"86\" srcset=\"https:\/\/schnebele.de\/wp-content\/uploads\/2018\/06\/Marrenbach-300x288.jpg 300w, https:\/\/schnebele.de\/wp-content\/uploads\/2018\/06\/Marrenbach-768x737.jpg 768w, https:\/\/schnebele.de\/wp-content\/uploads\/2018\/06\/Marrenbach-150x144.jpg 150w, https:\/\/schnebele.de\/wp-content\/uploads\/2018\/06\/Marrenbach.jpg 818w\" sizes=\"auto, (max-width: 90px) 100vw, 90px\" \/> <img loading=\"lazy\" decoding=\"async\" class=\"alignnone wp-image-6238\" src=\"http:\/\/schnebele.de\/wp-content\/uploads\/2017\/05\/Marrenbach-01-300x291.jpg\" alt=\"\" width=\"93\" height=\"90\" srcset=\"https:\/\/schnebele.de\/wp-content\/uploads\/2017\/05\/Marrenbach-01-300x291.jpg 300w, https:\/\/schnebele.de\/wp-content\/uploads\/2017\/05\/Marrenbach-01-1024x994.jpg 1024w, https:\/\/schnebele.de\/wp-content\/uploads\/2017\/05\/Marrenbach-01-768x745.jpg 768w, https:\/\/schnebele.de\/wp-content\/uploads\/2017\/05\/Marrenbach-01-155x150.jpg 155w, https:\/\/schnebele.de\/wp-content\/uploads\/2017\/05\/Marrenbach-01-150x146.jpg 150w, https:\/\/schnebele.de\/wp-content\/uploads\/2017\/05\/Marrenbach-01.jpg 1285w\" sizes=\"auto, (max-width: 93px) 100vw, 93px\" \/><br \/>\nHans-G\u00fcnter \u201cCh\u00fcnni\u201d&nbsp; Marrenbach<\/strong><\/p>\n<p>&nbsp;<\/p>\n<p><strong>Rolf Mauel&nbsp;&nbsp;&nbsp;&nbsp;&nbsp;&nbsp; &nbsp;&nbsp;&nbsp;&nbsp;&nbsp;&nbsp;&nbsp;&nbsp;&nbsp;&nbsp;<br \/>\n<\/strong>verstorben 2008\/2009<\/p>\n<p>&nbsp;<\/p>\n<p><strong><img loading=\"lazy\" decoding=\"async\" class=\"alignnone size-full wp-image-3007\" src=\"http:\/\/schnebele.de\/wp-content\/uploads\/2017\/05\/Menn-Claudia-2.jpg\" alt=\"\" width=\"90\" height=\"87\">&nbsp;<img loading=\"lazy\" decoding=\"async\" class=\"alignnone size-full wp-image-3166\" src=\"http:\/\/schnebele.de\/wp-content\/uploads\/2017\/05\/Menn-Claudia-2-1.jpg\" alt=\"\" width=\"86\" height=\"90\">&nbsp;<img loading=\"lazy\" decoding=\"async\" class=\"alignnone wp-image-5559\" src=\"http:\/\/schnebele.de\/wp-content\/uploads\/2018\/06\/Menn-150x150.jpg\" alt=\"\" width=\"90\" height=\"92\" srcset=\"https:\/\/schnebele.de\/wp-content\/uploads\/2018\/06\/Menn-295x300.jpg 295w, https:\/\/schnebele.de\/wp-content\/uploads\/2018\/06\/Menn-768x782.jpg 768w, https:\/\/schnebele.de\/wp-content\/uploads\/2018\/06\/Menn-1006x1024.jpg 1006w, https:\/\/schnebele.de\/wp-content\/uploads\/2018\/06\/Menn-147x150.jpg 147w, https:\/\/schnebele.de\/wp-content\/uploads\/2018\/06\/Menn.jpg 1038w\" sizes=\"auto, (max-width: 90px) 100vw, 90px\" \/> <img loading=\"lazy\" decoding=\"async\" class=\"alignnone wp-image-6239\" src=\"http:\/\/schnebele.de\/wp-content\/uploads\/2017\/05\/Menn-01-286x300.jpg\" alt=\"\" width=\"86\" height=\"90\" srcset=\"https:\/\/schnebele.de\/wp-content\/uploads\/2017\/05\/Menn-01-286x300.jpg 286w, https:\/\/schnebele.de\/wp-content\/uploads\/2017\/05\/Menn-01-975x1024.jpg 975w, https:\/\/schnebele.de\/wp-content\/uploads\/2017\/05\/Menn-01-768x806.jpg 768w, https:\/\/schnebele.de\/wp-content\/uploads\/2017\/05\/Menn-01-1463x1536.jpg 1463w, https:\/\/schnebele.de\/wp-content\/uploads\/2017\/05\/Menn-01-143x150.jpg 143w, https:\/\/schnebele.de\/wp-content\/uploads\/2017\/05\/Menn-01.jpg 1641w\" sizes=\"auto, (max-width: 86px) 100vw, 86px\" \/><br \/>\nClaudia Menn&nbsp;<\/strong><\/p>\n<p>&nbsp;<\/p>\n<p><strong><img loading=\"lazy\" decoding=\"async\" class=\"alignnone size-full wp-image-3008\" src=\"http:\/\/schnebele.de\/wp-content\/uploads\/2017\/05\/Menzel-Johannes-2.jpg\" alt=\"\" width=\"88\" height=\"90\">&nbsp;<img loading=\"lazy\" decoding=\"async\" class=\"alignnone size-full wp-image-3167\" src=\"http:\/\/schnebele.de\/wp-content\/uploads\/2017\/05\/Menzel-Johannes-2-1.jpg\" alt=\"\" width=\"90\" height=\"89\"> <img loading=\"lazy\" decoding=\"async\" class=\"alignnone size-full wp-image-3262\" src=\"http:\/\/schnebele.de\/wp-content\/uploads\/2017\/05\/Menzel-Johannes-2008.jpg\" alt=\"\" width=\"90\" height=\"90\">&nbsp;<img loading=\"lazy\" decoding=\"async\" class=\"alignnone size-full wp-image-3353\" src=\"http:\/\/schnebele.de\/wp-content\/uploads\/2017\/05\/Menzel-Johannes-2013.jpg\" alt=\"\" width=\"90\" height=\"90\">&nbsp;<img loading=\"lazy\" decoding=\"async\" class=\"alignnone wp-image-5560\" src=\"http:\/\/schnebele.de\/wp-content\/uploads\/2018\/06\/Menzel-Joh-150x150.jpg\" alt=\"\" width=\"90\" height=\"94\" srcset=\"https:\/\/schnebele.de\/wp-content\/uploads\/2018\/06\/Menzel-Joh-286x300.jpg 286w, https:\/\/schnebele.de\/wp-content\/uploads\/2018\/06\/Menzel-Joh-768x806.jpg 768w, https:\/\/schnebele.de\/wp-content\/uploads\/2018\/06\/Menzel-Joh-143x150.jpg 143w, https:\/\/schnebele.de\/wp-content\/uploads\/2018\/06\/Menzel-Joh.jpg 884w\" sizes=\"auto, (max-width: 90px) 100vw, 90px\" \/><br \/>\nJohannes Menzel<\/strong><\/p>\n<p>&nbsp;<\/p>\n<p><strong><img loading=\"lazy\" decoding=\"async\" class=\"alignnone size-full wp-image-3074\" src=\"http:\/\/schnebele.de\/wp-content\/uploads\/2017\/05\/Menzel-Klaus2.jpg\" width=\"81\" height=\"90\">&nbsp;<img loading=\"lazy\" decoding=\"async\" class=\"alignnone size-full wp-image-3168\" src=\"http:\/\/schnebele.de\/wp-content\/uploads\/2017\/05\/Menzel-Klaus-5.jpg\" alt=\"\" width=\"87\" height=\"90\">&nbsp;<img loading=\"lazy\" decoding=\"async\" class=\"alignnone size-full wp-image-3263\" src=\"http:\/\/schnebele.de\/wp-content\/uploads\/2017\/05\/Menzel-Klaus-2008.jpg\" alt=\"\" width=\"90\" height=\"90\">&nbsp;<img loading=\"lazy\" decoding=\"async\" class=\"alignnone size-full wp-image-3354\" src=\"http:\/\/schnebele.de\/wp-content\/uploads\/2017\/05\/Menzel-Klaus-2013.jpg\" alt=\"\" width=\"90\" height=\"90\">&nbsp;<img loading=\"lazy\" decoding=\"async\" class=\"alignnone wp-image-5561\" src=\"http:\/\/schnebele.de\/wp-content\/uploads\/2018\/06\/Menzel-Klaus-150x150.jpg\" alt=\"\" width=\"90\" height=\"97\" srcset=\"https:\/\/schnebele.de\/wp-content\/uploads\/2018\/06\/Menzel-Klaus-277x300.jpg 277w, https:\/\/schnebele.de\/wp-content\/uploads\/2018\/06\/Menzel-Klaus-768x831.jpg 768w, https:\/\/schnebele.de\/wp-content\/uploads\/2018\/06\/Menzel-Klaus-946x1024.jpg 946w, https:\/\/schnebele.de\/wp-content\/uploads\/2018\/06\/Menzel-Klaus-139x150.jpg 139w\" sizes=\"auto, (max-width: 90px) 100vw, 90px\" \/> <img loading=\"lazy\" decoding=\"async\" class=\"alignnone wp-image-6240\" src=\"http:\/\/schnebele.de\/wp-content\/uploads\/2017\/05\/Menzel-01-289x300.jpg\" alt=\"\" width=\"87\" height=\"90\" srcset=\"https:\/\/schnebele.de\/wp-content\/uploads\/2017\/05\/Menzel-01-289x300.jpg 289w, https:\/\/schnebele.de\/wp-content\/uploads\/2017\/05\/Menzel-01-987x1024.jpg 987w, https:\/\/schnebele.de\/wp-content\/uploads\/2017\/05\/Menzel-01-768x797.jpg 768w, https:\/\/schnebele.de\/wp-content\/uploads\/2017\/05\/Menzel-01-1481x1536.jpg 1481w, https:\/\/schnebele.de\/wp-content\/uploads\/2017\/05\/Menzel-01-145x150.jpg 145w, https:\/\/schnebele.de\/wp-content\/uploads\/2017\/05\/Menzel-01.jpg 1720w\" sizes=\"auto, (max-width: 87px) 100vw, 87px\" \/><br \/>\nKlaus Menzel&nbsp; <\/strong><\/p>\n<p>&nbsp;<\/p>\n<p><strong><img loading=\"lazy\" decoding=\"async\" class=\"alignnone size-full wp-image-3010\" src=\"http:\/\/schnebele.de\/wp-content\/uploads\/2017\/05\/Meyer-Uwe.jpg\" alt=\"\" width=\"90\" height=\"90\">&nbsp;<img loading=\"lazy\" decoding=\"async\" class=\"alignnone size-full wp-image-3169\" src=\"http:\/\/schnebele.de\/wp-content\/uploads\/2017\/05\/Meyer-Uwe-2.jpg\" alt=\"\" width=\"90\" height=\"90\"> <img loading=\"lazy\" decoding=\"async\" class=\"alignnone size-full wp-image-3264\" src=\"http:\/\/schnebele.de\/wp-content\/uploads\/2017\/05\/Meyer-Uwe-2008.jpg\" alt=\"\" width=\"90\" height=\"90\">&nbsp;<img loading=\"lazy\" decoding=\"async\" class=\"alignnone size-full wp-image-3355\" src=\"http:\/\/schnebele.de\/wp-content\/uploads\/2017\/05\/Meyer-2013.jpg\" width=\"93\" height=\"90\">&nbsp;<img loading=\"lazy\" decoding=\"async\" class=\"alignnone wp-image-5562\" src=\"http:\/\/schnebele.de\/wp-content\/uploads\/2018\/06\/Meyer-150x150.jpg\" alt=\"\" width=\"90\" height=\"91\" srcset=\"https:\/\/schnebele.de\/wp-content\/uploads\/2018\/06\/Meyer-150x150.jpg 150w, https:\/\/schnebele.de\/wp-content\/uploads\/2018\/06\/Meyer-298x300.jpg 298w, https:\/\/schnebele.de\/wp-content\/uploads\/2018\/06\/Meyer-768x774.jpg 768w, https:\/\/schnebele.de\/wp-content\/uploads\/2018\/06\/Meyer-1016x1024.jpg 1016w, https:\/\/schnebele.de\/wp-content\/uploads\/2018\/06\/Meyer.jpg 1381w\" sizes=\"auto, (max-width: 90px) 100vw, 90px\" \/> <img loading=\"lazy\" decoding=\"async\" class=\"alignnone wp-image-6241\" src=\"http:\/\/schnebele.de\/wp-content\/uploads\/2017\/05\/Meyer-300x284.jpg\" alt=\"\" width=\"95\" height=\"90\" srcset=\"https:\/\/schnebele.de\/wp-content\/uploads\/2017\/05\/Meyer-300x284.jpg 300w, https:\/\/schnebele.de\/wp-content\/uploads\/2017\/05\/Meyer-1024x968.jpg 1024w, https:\/\/schnebele.de\/wp-content\/uploads\/2017\/05\/Meyer-768x726.jpg 768w, https:\/\/schnebele.de\/wp-content\/uploads\/2017\/05\/Meyer-1536x1452.jpg 1536w, https:\/\/schnebele.de\/wp-content\/uploads\/2017\/05\/Meyer-159x150.jpg 159w, https:\/\/schnebele.de\/wp-content\/uploads\/2017\/05\/Meyer-150x142.jpg 150w, https:\/\/schnebele.de\/wp-content\/uploads\/2017\/05\/Meyer.jpg 1559w\" sizes=\"auto, (max-width: 95px) 100vw, 95px\" \/><br \/>\nUwe Meyer<br \/>\n<\/strong>langj\u00e4hrige Mitsch\u00fcler, kein Abiturjahrgang 1978<\/p>\n<p>&nbsp;<\/p>\n<p><strong><img loading=\"lazy\" decoding=\"async\" class=\"alignnone size-full wp-image-3170\" src=\"http:\/\/schnebele.de\/wp-content\/uploads\/2017\/05\/Michels-Hans-Peter-aktuell.jpg\" alt=\"\" width=\"90\" height=\"89\">&nbsp;<img loading=\"lazy\" decoding=\"async\" class=\"alignnone size-full wp-image-3265\" src=\"http:\/\/schnebele.de\/wp-content\/uploads\/2017\/05\/Michels-H-P-2008.jpg\" alt=\"\" width=\"90\" height=\"90\"><br \/>\nHans-Peter Michels<\/strong><\/p>\n<p>&nbsp;<\/p>\n<p><strong><img loading=\"lazy\" decoding=\"async\" class=\"alignnone size-full wp-image-3011\" src=\"http:\/\/schnebele.de\/wp-content\/uploads\/2017\/05\/Militz-Holger-1.jpg\" alt=\"\" width=\"90\" height=\"90\">&nbsp;<img loading=\"lazy\" decoding=\"async\" class=\"alignnone size-full wp-image-3171\" src=\"http:\/\/schnebele.de\/wp-content\/uploads\/2017\/05\/Militz-Holger-2.jpg\" alt=\"\" width=\"90\" height=\"88\">&nbsp;<img loading=\"lazy\" decoding=\"async\" class=\"alignnone wp-image-5563\" src=\"http:\/\/schnebele.de\/wp-content\/uploads\/2018\/06\/Militz-a-150x150.jpg\" alt=\"\" width=\"90\" height=\"99\" srcset=\"https:\/\/schnebele.de\/wp-content\/uploads\/2018\/06\/Militz-a-273x300.jpg 273w, https:\/\/schnebele.de\/wp-content\/uploads\/2018\/06\/Militz-a-768x843.jpg 768w, https:\/\/schnebele.de\/wp-content\/uploads\/2018\/06\/Militz-a-933x1024.jpg 933w, https:\/\/schnebele.de\/wp-content\/uploads\/2018\/06\/Militz-a-137x150.jpg 137w, https:\/\/schnebele.de\/wp-content\/uploads\/2018\/06\/Militz-a.jpg 1226w\" sizes=\"auto, (max-width: 90px) 100vw, 90px\" \/><br \/>\nHolger Militz &nbsp;<\/strong><\/p>\n<p>&nbsp;<\/p>\n<p><strong><img loading=\"lazy\" decoding=\"async\" class=\"alignnone size-full wp-image-3012\" src=\"http:\/\/schnebele.de\/wp-content\/uploads\/2017\/05\/Mortsiefer-Stefan.jpg\" alt=\"\" width=\"90\" height=\"90\"> <img loading=\"lazy\" decoding=\"async\" class=\"alignnone size-full wp-image-3266\" src=\"http:\/\/schnebele.de\/wp-content\/uploads\/2017\/05\/Mortsiefer-Stefan-2008.jpg\" alt=\"\" width=\"90\" height=\"90\"><br \/>\nStefan Mortsiefer&nbsp;<br \/>\n<\/strong>verstorben 01. August 2025<\/p>\n<p>&nbsp;<\/p>\n<p><strong><img loading=\"lazy\" decoding=\"async\" class=\"alignnone size-full wp-image-3014\" src=\"http:\/\/schnebele.de\/wp-content\/uploads\/2017\/05\/M\u00fcller-Gisela.jpg\" alt=\"\" width=\"90\" height=\"90\">&nbsp;<img loading=\"lazy\" decoding=\"async\" class=\"alignnone size-full wp-image-3267\" src=\"http:\/\/schnebele.de\/wp-content\/uploads\/2017\/05\/Mueller-Gisela-2008.jpg\" alt=\"\" width=\"90\" height=\"90\"><br \/>\nGisela M\u00fcller<br \/>\n<\/strong>verheiratete Klein&nbsp;<\/p>\n<p>&nbsp;<\/p>\n<p><strong><img loading=\"lazy\" decoding=\"async\" class=\"alignnone size-full wp-image-3013\" src=\"http:\/\/schnebele.de\/wp-content\/uploads\/2017\/05\/Mueller-Lothar.jpg\" alt=\"\" width=\"90\" height=\"90\"><br \/>\nLothar M\u00fcller<br \/>\n<\/strong>kein Abijahrgang 1978, war in der \u201cb\u201d<\/p>\n<p>&nbsp;<\/p>\n<p><strong><img loading=\"lazy\" decoding=\"async\" class=\"alignnone size-full wp-image-3015\" src=\"http:\/\/schnebele.de\/wp-content\/uploads\/2017\/05\/Oehler-Heinz.jpg\" alt=\"\" width=\"89\" height=\"90\"><br \/>\nHeinz Oehler<\/strong><\/p>\n<p>&nbsp;<\/p>\n<p><strong><img loading=\"lazy\" decoding=\"async\" class=\"alignnone size-full wp-image-3076\" src=\"http:\/\/schnebele.de\/wp-content\/uploads\/2017\/05\/Kornelia-\u00d6ttershagen.jpg\" width=\"90\" height=\"101\"><br \/>\nKornelia Oettershagen<br \/>\n<\/strong>verheiratete Bolz<br \/>\nKein Abikjahrgang \u2013 war in der \u201eb\u201c<\/p>\n<p>&nbsp;<\/p>\n<p><strong><img loading=\"lazy\" decoding=\"async\" class=\"alignnone size-full wp-image-3016\" src=\"http:\/\/schnebele.de\/wp-content\/uploads\/2017\/05\/Otto-Dagmar.jpg\" alt=\"\" width=\"90\" height=\"90\">&nbsp;<img loading=\"lazy\" decoding=\"async\" class=\"alignnone size-full wp-image-3172\" src=\"http:\/\/schnebele.de\/wp-content\/uploads\/2017\/05\/Otto-Dagmar-aktuell-1.jpg\" alt=\"\" width=\"90\" height=\"90\">&nbsp;<img loading=\"lazy\" decoding=\"async\" class=\"alignnone size-full wp-image-3356\" src=\"http:\/\/schnebele.de\/wp-content\/uploads\/2017\/05\/Otto-2013.jpg\" alt=\"\" width=\"90\" height=\"90\"><br \/>\nDagmar Otto<\/strong><\/p>\n<p>&nbsp;<\/p>\n<p><strong><img loading=\"lazy\" decoding=\"async\" class=\"alignnone size-full wp-image-3017\" src=\"http:\/\/schnebele.de\/wp-content\/uploads\/2017\/05\/Pielsticker-Dorothea.jpg\" alt=\"\" width=\"90\" height=\"90\">&nbsp;<img loading=\"lazy\" decoding=\"async\" class=\"alignnone size-full wp-image-3357\" src=\"http:\/\/schnebele.de\/wp-content\/uploads\/2017\/05\/Pielsticker-2013-2.jpg\" alt=\"\" width=\"90\" height=\"88\"><br \/>\nDorothea \u201cDoro\u201d Pielsticker&nbsp;<br \/>\n<\/strong>verheiratete Frank<\/p>\n<p>&nbsp;<\/p>\n<p><strong><img loading=\"lazy\" decoding=\"async\" class=\"alignnone size-full wp-image-3018\" src=\"http:\/\/schnebele.de\/wp-content\/uploads\/2017\/05\/Pippert-Heike.jpg\" alt=\"\" width=\"90\" height=\"90\">&nbsp;<img loading=\"lazy\" decoding=\"async\" class=\"alignnone size-full wp-image-3173\" src=\"http:\/\/schnebele.de\/wp-content\/uploads\/2017\/05\/Pippert-Heike-5.jpg\" alt=\"\" width=\"87\" height=\"90\">&nbsp;<img loading=\"lazy\" decoding=\"async\" class=\"alignnone size-full wp-image-3269\" src=\"http:\/\/schnebele.de\/wp-content\/uploads\/2017\/05\/Pippert-Heike-2008.jpg\" alt=\"\" width=\"90\" height=\"90\">&nbsp;<img loading=\"lazy\" decoding=\"async\" class=\"alignnone size-full wp-image-3358\" src=\"http:\/\/schnebele.de\/wp-content\/uploads\/2017\/05\/Pippert-Heike-2-2013.jpg\" alt=\"\" width=\"90\" height=\"90\">&nbsp;<img loading=\"lazy\" decoding=\"async\" class=\"alignnone wp-image-5564\" src=\"http:\/\/schnebele.de\/wp-content\/uploads\/2018\/06\/Pippert-150x150.jpg\" alt=\"\" width=\"90\" height=\"96\" srcset=\"https:\/\/schnebele.de\/wp-content\/uploads\/2018\/06\/Pippert-280x300.jpg 280w, https:\/\/schnebele.de\/wp-content\/uploads\/2018\/06\/Pippert-768x823.jpg 768w, https:\/\/schnebele.de\/wp-content\/uploads\/2018\/06\/Pippert-956x1024.jpg 956w, https:\/\/schnebele.de\/wp-content\/uploads\/2018\/06\/Pippert-140x150.jpg 140w\" sizes=\"auto, (max-width: 90px) 100vw, 90px\" \/> <img loading=\"lazy\" decoding=\"async\" class=\"alignnone wp-image-6243\" src=\"http:\/\/schnebele.de\/wp-content\/uploads\/2017\/05\/Pippert-02-294x300.jpg\" alt=\"\" width=\"88\" height=\"90\" srcset=\"https:\/\/schnebele.de\/wp-content\/uploads\/2017\/05\/Pippert-02-294x300.jpg 294w, https:\/\/schnebele.de\/wp-content\/uploads\/2017\/05\/Pippert-02-1005x1024.jpg 1005w, https:\/\/schnebele.de\/wp-content\/uploads\/2017\/05\/Pippert-02-768x783.jpg 768w, https:\/\/schnebele.de\/wp-content\/uploads\/2017\/05\/Pippert-02-147x150.jpg 147w, https:\/\/schnebele.de\/wp-content\/uploads\/2017\/05\/Pippert-02.jpg 1377w\" sizes=\"auto, (max-width: 88px) 100vw, 88px\" \/><br \/>\nHeike Pippert<br \/>\n<\/strong>verheiratete Luke<\/p>\n<p>&nbsp;<\/p>\n<p><strong><img loading=\"lazy\" decoding=\"async\" class=\"alignnone size-full wp-image-3019\" src=\"http:\/\/schnebele.de\/wp-content\/uploads\/2017\/05\/Prein-Mark.jpg\" alt=\"\" width=\"90\" height=\"90\">&nbsp;<img loading=\"lazy\" decoding=\"async\" class=\"alignnone size-full wp-image-3270\" src=\"http:\/\/schnebele.de\/wp-content\/uploads\/2017\/05\/Prein-Mark-2008.jpg\" alt=\"\" width=\"90\" height=\"90\">&nbsp;<img loading=\"lazy\" decoding=\"async\" class=\"alignnone wp-image-5565\" src=\"http:\/\/schnebele.de\/wp-content\/uploads\/2018\/06\/Prein-150x150.jpg\" alt=\"\" width=\"90\" height=\"94\" srcset=\"https:\/\/schnebele.de\/wp-content\/uploads\/2018\/06\/Prein-287x300.jpg 287w, https:\/\/schnebele.de\/wp-content\/uploads\/2018\/06\/Prein-768x803.jpg 768w, https:\/\/schnebele.de\/wp-content\/uploads\/2018\/06\/Prein-980x1024.jpg 980w, https:\/\/schnebele.de\/wp-content\/uploads\/2018\/06\/Prein-144x150.jpg 144w, https:\/\/schnebele.de\/wp-content\/uploads\/2018\/06\/Prein.jpg 1216w\" sizes=\"auto, (max-width: 90px) 100vw, 90px\" \/><br \/>\nMark Prein&nbsp;<\/strong><\/p>\n<p>&nbsp;<\/p>\n<p><strong><img loading=\"lazy\" decoding=\"async\" class=\"alignnone size-full wp-image-3020\" src=\"http:\/\/schnebele.de\/wp-content\/uploads\/2017\/05\/Prinz-Gabriele.jpg\" alt=\"\" width=\"90\" height=\"90\">&nbsp;<img loading=\"lazy\" decoding=\"async\" class=\"alignnone size-full wp-image-3174\" src=\"http:\/\/schnebele.de\/wp-content\/uploads\/2017\/05\/Prinz-Gabriele_Neu.jpg\" alt=\"\" width=\"90\" height=\"90\"> <img loading=\"lazy\" decoding=\"async\" class=\"alignnone size-full wp-image-3271\" src=\"http:\/\/schnebele.de\/wp-content\/uploads\/2017\/05\/Prinz-Gabriele-2008.jpg\" alt=\"\" width=\"90\" height=\"90\"><br \/>\nGabriele Prinz<\/strong><\/p>\n<p>&nbsp;<\/p>\n<p><strong><img loading=\"lazy\" decoding=\"async\" class=\"alignnone size-full wp-image-3022\" src=\"http:\/\/schnebele.de\/wp-content\/uploads\/2017\/05\/Reifenberg-Benno.jpg\" alt=\"\" width=\"90\" height=\"90\"><br \/>\nBenno Reifenberg<br \/>\n<\/strong>kein Abijahrgang, war in der \u201cb\u201d<\/p>\n<p>&nbsp;<\/p>\n<p><strong><img loading=\"lazy\" decoding=\"async\" class=\"alignnone size-full wp-image-3023\" src=\"http:\/\/schnebele.de\/wp-content\/uploads\/2017\/05\/Reinshagen-Verena.jpg\" alt=\"\" width=\"90\" height=\"90\">&nbsp;<img loading=\"lazy\" decoding=\"async\" class=\"alignnone size-full wp-image-3175\" src=\"http:\/\/schnebele.de\/wp-content\/uploads\/2017\/05\/Reishagen-Verena-aktuell.jpg\" alt=\"\" width=\"90\" height=\"90\"><br \/>\nVerena Reinzhagen<br \/>\n<\/strong>verheiratete Gusset&nbsp;<\/p>\n<p>&nbsp;<\/p>\n<p><strong><img loading=\"lazy\" decoding=\"async\" class=\"alignnone size-full wp-image-3024\" src=\"http:\/\/schnebele.de\/wp-content\/uploads\/2017\/05\/Rexhausen-Ute.jpg\" alt=\"\" width=\"90\" height=\"90\">&nbsp;<img loading=\"lazy\" decoding=\"async\" class=\"alignnone size-full wp-image-3176\" src=\"http:\/\/schnebele.de\/wp-content\/uploads\/2017\/05\/Rexhausen-Ute-1.jpg\" width=\"92\" height=\"90\">&nbsp;<img loading=\"lazy\" decoding=\"async\" class=\"alignnone size-full wp-image-3272\" src=\"http:\/\/schnebele.de\/wp-content\/uploads\/2017\/05\/Rexhausen-Ute-2008.jpg\" alt=\"\" width=\"90\" height=\"90\"><br \/>\nUte Rexhausen,&nbsp;<br \/>\n<\/strong>erheiratete Neitzel<strong>&nbsp;<\/strong><\/p>\n<p>&nbsp;<\/p>\n<p><strong><img loading=\"lazy\" decoding=\"async\" class=\"alignnone size-full wp-image-3025\" src=\"http:\/\/schnebele.de\/wp-content\/uploads\/2017\/05\/Ring-Sabine.jpg\" width=\"95\" height=\"90\">&nbsp;<img loading=\"lazy\" decoding=\"async\" class=\"alignnone size-full wp-image-3177\" src=\"http:\/\/schnebele.de\/wp-content\/uploads\/2017\/05\/Ring-Sabine-aktuell.jpg\" alt=\"\" width=\"90\" height=\"90\"><br \/>\nSabine Ring<br \/>\n<\/strong>verstorben<\/p>\n<p>&nbsp;<\/p>\n<p><strong><img loading=\"lazy\" decoding=\"async\" class=\"alignnone size-full wp-image-3027\" src=\"http:\/\/schnebele.de\/wp-content\/uploads\/2017\/05\/Rogge-Klaus.jpg\" alt=\"\" width=\"88\" height=\"90\"><br \/>\nKlaus Rogge&nbsp;&nbsp;&nbsp;&nbsp;<br \/>\n<\/strong>verstorben Juni 2024<\/p>\n<p>&nbsp;<\/p>\n<p><strong><img loading=\"lazy\" decoding=\"async\" class=\"alignnone size-full wp-image-3028\" src=\"http:\/\/schnebele.de\/wp-content\/uploads\/2017\/05\/Rosner-Bodo.jpg\" alt=\"\" width=\"90\" height=\"90\">&nbsp;<img loading=\"lazy\" decoding=\"async\" class=\"alignnone size-full wp-image-3178\" src=\"http:\/\/schnebele.de\/wp-content\/uploads\/2017\/05\/Rosner-Bodo-2.jpg\" alt=\"\" width=\"89\" height=\"90\">&nbsp;<img loading=\"lazy\" decoding=\"async\" class=\"alignnone size-full wp-image-3273\" src=\"http:\/\/schnebele.de\/wp-content\/uploads\/2017\/05\/Rosner-Bodo-2008.jpg\" alt=\"\" width=\"90\" height=\"90\"><br \/>\nBodo Rosner<\/strong><\/p>\n<p><strong>&nbsp;<\/strong><\/p>\n<p><strong><img loading=\"lazy\" decoding=\"async\" class=\"alignnone size-full wp-image-3026\" src=\"http:\/\/schnebele.de\/wp-content\/uploads\/2017\/05\/R\u00f6dder-Lothar.jpg\" alt=\"\" width=\"90\" height=\"90\">&nbsp;<img loading=\"lazy\" decoding=\"async\" class=\"alignnone size-full wp-image-3359\" src=\"http:\/\/schnebele.de\/wp-content\/uploads\/2017\/05\/R\u00f6ddr-Lothar-2013.jpg\" alt=\"\" width=\"90\" height=\"90\"><br \/>\nLothar R\u00f6dder<\/strong><\/p>\n<p>&nbsp;<\/p>\n<p><strong><img loading=\"lazy\" decoding=\"async\" class=\"alignnone size-full wp-image-3029\" src=\"http:\/\/schnebele.de\/wp-content\/uploads\/2017\/05\/Rossenbach-Marita.jpg\" alt=\"\" width=\"90\" height=\"90\">&nbsp;<img loading=\"lazy\" decoding=\"async\" class=\"alignnone size-full wp-image-3179\" src=\"http:\/\/schnebele.de\/wp-content\/uploads\/2017\/05\/Rossenbach-Marita-2.jpg\" alt=\"\" width=\"86\" height=\"90\">&nbsp;<img loading=\"lazy\" decoding=\"async\" class=\"alignnone size-full wp-image-3274\" src=\"http:\/\/schnebele.de\/wp-content\/uploads\/2017\/05\/Rossenbach-Marita-2008.jpg\" alt=\"\" width=\"90\" height=\"90\">&nbsp;<img loading=\"lazy\" decoding=\"async\" class=\"alignnone size-full wp-image-3352\" src=\"http:\/\/schnebele.de\/wp-content\/uploads\/2017\/05\/Mauelshagen-2013.jpg\" alt=\"\" width=\"89\" height=\"90\">&nbsp;<img loading=\"lazy\" decoding=\"async\" class=\"alignnone wp-image-5566\" src=\"http:\/\/schnebele.de\/wp-content\/uploads\/2018\/06\/Rossenbach-150x150.jpg\" alt=\"\" width=\"90\" height=\"93\" srcset=\"https:\/\/schnebele.de\/wp-content\/uploads\/2018\/06\/Rossenbach-291x300.jpg 291w, https:\/\/schnebele.de\/wp-content\/uploads\/2018\/06\/Rossenbach-768x793.jpg 768w, https:\/\/schnebele.de\/wp-content\/uploads\/2018\/06\/Rossenbach-145x150.jpg 145w, https:\/\/schnebele.de\/wp-content\/uploads\/2018\/06\/Rossenbach.jpg 901w\" sizes=\"auto, (max-width: 90px) 100vw, 90px\" \/><br \/>\nMarita Rossenbach<br \/>\n<\/strong>verheiratete Mauelshagen<\/p>\n<p>&nbsp;<\/p>\n<p><strong><img loading=\"lazy\" decoding=\"async\" class=\"alignnone size-full wp-image-3030\" src=\"http:\/\/schnebele.de\/wp-content\/uploads\/2017\/05\/Rottmann-Heidrun.jpg\" width=\"86\" height=\"90\">&nbsp;<img loading=\"lazy\" decoding=\"async\" class=\"alignnone size-full wp-image-3180\" src=\"http:\/\/schnebele.de\/wp-content\/uploads\/2017\/05\/Rottmann-Heidrun-aktuell-1.jpg\" alt=\"\" width=\"90\" height=\"90\"> <img loading=\"lazy\" decoding=\"async\" class=\"alignnone size-full wp-image-3275\" src=\"http:\/\/schnebele.de\/wp-content\/uploads\/2017\/05\/Rottmann-Heidrun-2008.jpg\" alt=\"\" width=\"90\" height=\"90\">&nbsp;<img loading=\"lazy\" decoding=\"async\" class=\"alignnone size-full wp-image-3360\" src=\"http:\/\/schnebele.de\/wp-content\/uploads\/2017\/05\/Rottmann-2013.jpg\" alt=\"\" width=\"90\" height=\"89\">&nbsp;<img loading=\"lazy\" decoding=\"async\" class=\"alignnone wp-image-5567\" src=\"http:\/\/schnebele.de\/wp-content\/uploads\/2018\/06\/Rottmann-150x150.jpg\" alt=\"\" width=\"90\" height=\"94\" srcset=\"https:\/\/schnebele.de\/wp-content\/uploads\/2018\/06\/Rottmann-289x300.jpg 289w, https:\/\/schnebele.de\/wp-content\/uploads\/2018\/06\/Rottmann-768x798.jpg 768w, https:\/\/schnebele.de\/wp-content\/uploads\/2018\/06\/Rottmann-986x1024.jpg 986w, https:\/\/schnebele.de\/wp-content\/uploads\/2018\/06\/Rottmann-144x150.jpg 144w\" sizes=\"auto, (max-width: 90px) 100vw, 90px\" \/> <img loading=\"lazy\" decoding=\"async\" class=\"alignnone wp-image-6244\" src=\"http:\/\/schnebele.de\/wp-content\/uploads\/2017\/05\/Rottmann-04-288x300.jpg\" alt=\"\" width=\"86\" height=\"90\" srcset=\"https:\/\/schnebele.de\/wp-content\/uploads\/2017\/05\/Rottmann-04-288x300.jpg 288w, https:\/\/schnebele.de\/wp-content\/uploads\/2017\/05\/Rottmann-04-984x1024.jpg 984w, https:\/\/schnebele.de\/wp-content\/uploads\/2017\/05\/Rottmann-04-768x799.jpg 768w, https:\/\/schnebele.de\/wp-content\/uploads\/2017\/05\/Rottmann-04-1476x1536.jpg 1476w, https:\/\/schnebele.de\/wp-content\/uploads\/2017\/05\/Rottmann-04-1968x2048.jpg 1968w, https:\/\/schnebele.de\/wp-content\/uploads\/2017\/05\/Rottmann-04-144x150.jpg 144w\" sizes=\"auto, (max-width: 86px) 100vw, 86px\" \/><br \/>\nHeidrun \u201cHeidi\u201d Rottmann&nbsp;<br \/>\n<\/strong>verheiratete Wieser<\/p>\n<p>&nbsp;<\/p>\n<p><strong><img loading=\"lazy\" decoding=\"async\" class=\"alignnone size-full wp-image-3031\" src=\"http:\/\/schnebele.de\/wp-content\/uploads\/2017\/05\/R\u00fcssing-Hans-J\u00f6rg.jpg\" alt=\"\" width=\"90\" height=\"90\">&nbsp;<img loading=\"lazy\" decoding=\"async\" class=\"alignnone size-full wp-image-3181\" src=\"http:\/\/schnebele.de\/wp-content\/uploads\/2017\/05\/R\u00fcssing-Hans-J\u00f6rg-aktuell.jpg\" alt=\"\" width=\"90\" height=\"90\">&nbsp;<img loading=\"lazy\" decoding=\"async\" class=\"alignnone size-full wp-image-3276\" src=\"http:\/\/schnebele.de\/wp-content\/uploads\/2017\/05\/Ruessing-H-J-2008.jpg\" alt=\"\" width=\"90\" height=\"90\"><br \/>\nHans-J\u00f6rg R\u00fcssing&nbsp; <\/strong><\/p>\n<p>&nbsp;<\/p>\n<p><strong><img loading=\"lazy\" decoding=\"async\" class=\"alignnone size-full wp-image-3034\" src=\"http:\/\/schnebele.de\/wp-content\/uploads\/2017\/05\/Sachs-Klaus2.jpg\" width=\"85\" height=\"90\">&nbsp;<img loading=\"lazy\" decoding=\"async\" class=\"alignnone size-full wp-image-3182\" src=\"http:\/\/schnebele.de\/wp-content\/uploads\/2017\/05\/Sachs-Klaus-2.jpg\" width=\"93\" height=\"90\">&nbsp;<img loading=\"lazy\" decoding=\"async\" class=\"alignnone size-full wp-image-3277\" src=\"http:\/\/schnebele.de\/wp-content\/uploads\/2017\/05\/Sachs-Klaus-2008.jpg\" alt=\"\" width=\"90\" height=\"90\"><br \/>\nKlaus Sachs<br \/>\n<\/strong>verheirateter Sachs-Hombach<\/p>\n<p>&nbsp;<\/p>\n<p><strong><img loading=\"lazy\" decoding=\"async\" class=\"alignnone size-full wp-image-3035\" src=\"http:\/\/schnebele.de\/wp-content\/uploads\/2017\/05\/Sauer-Marion.jpg\" width=\"90\" height=\"92\">&nbsp;<img loading=\"lazy\" decoding=\"async\" class=\"alignnone size-full wp-image-3183\" src=\"http:\/\/schnebele.de\/wp-content\/uploads\/2017\/05\/Sauer-Marion-2-2.jpg\" width=\"91\" height=\"90\"> <img loading=\"lazy\" decoding=\"async\" class=\"alignnone wp-image-6245\" src=\"http:\/\/schnebele.de\/wp-content\/uploads\/2017\/05\/Sauer-02-288x300.jpg\" alt=\"\" width=\"86\" height=\"90\" srcset=\"https:\/\/schnebele.de\/wp-content\/uploads\/2017\/05\/Sauer-02-288x300.jpg 288w, https:\/\/schnebele.de\/wp-content\/uploads\/2017\/05\/Sauer-02-984x1024.jpg 984w, https:\/\/schnebele.de\/wp-content\/uploads\/2017\/05\/Sauer-02-768x799.jpg 768w, https:\/\/schnebele.de\/wp-content\/uploads\/2017\/05\/Sauer-02-1476x1536.jpg 1476w, https:\/\/schnebele.de\/wp-content\/uploads\/2017\/05\/Sauer-02-1968x2048.jpg 1968w, https:\/\/schnebele.de\/wp-content\/uploads\/2017\/05\/Sauer-02-144x150.jpg 144w\" sizes=\"auto, (max-width: 86px) 100vw, 86px\" \/><br \/>\nMarion Sauer<\/strong><\/p>\n<p>&nbsp;<\/p>\n<p><strong><img loading=\"lazy\" decoding=\"async\" class=\"alignnone size-full wp-image-3036\" src=\"http:\/\/schnebele.de\/wp-content\/uploads\/2017\/05\/Schaaff-Claudia-.jpg\" alt=\"\" width=\"90\" height=\"90\">&nbsp;<img loading=\"lazy\" decoding=\"async\" class=\"alignnone size-full wp-image-3184\" src=\"http:\/\/schnebele.de\/wp-content\/uploads\/2017\/05\/Schaaf-Claudia_neu.jpg\" alt=\"\" width=\"90\" height=\"90\"><br \/>\nClaudia Schaaff&nbsp;<\/strong><\/p>\n<p>&nbsp;<\/p>\n<p><strong><img loading=\"lazy\" decoding=\"async\" class=\"alignnone size-full wp-image-3185\" src=\"http:\/\/schnebele.de\/wp-content\/uploads\/2017\/05\/Schacht-3.jpg\" alt=\"\" width=\"90\" height=\"85\">&nbsp;<br \/>\nJochen Schacht<\/strong><\/p>\n<p>&nbsp;<\/p>\n<p><strong><img loading=\"lazy\" decoding=\"async\" class=\"alignnone size-full wp-image-3037\" src=\"http:\/\/schnebele.de\/wp-content\/uploads\/2017\/05\/Schlechtingen-Gertrud-2.jpg\" width=\"90\" height=\"90\"><br \/>\nGertrud Schlechtingen&nbsp;<\/strong><\/p>\n<p>&nbsp;<\/p>\n<p><strong><img loading=\"lazy\" decoding=\"async\" class=\"alignnone size-full wp-image-3186\" src=\"http:\/\/schnebele.de\/wp-content\/uploads\/2017\/05\/Schmeink-2.jpg\" alt=\"\" width=\"90\" height=\"87\"><br \/>\nNorbert Schmeink<br \/>\n<\/strong>langj\u00e4hriger Klassenkamerad, kein Abijahrgang 78<\/p>\n<p>&nbsp;<\/p>\n<p><strong><img loading=\"lazy\" decoding=\"async\" class=\"alignnone size-full wp-image-3187\" src=\"http:\/\/schnebele.de\/wp-content\/uploads\/2017\/05\/Schmidt-Elke-2.jpg\" alt=\"\" width=\"88\" height=\"90\">&nbsp;<img loading=\"lazy\" decoding=\"async\" class=\"alignnone size-full wp-image-3278\" src=\"http:\/\/schnebele.de\/wp-content\/uploads\/2017\/05\/Schmidt-Elke-2008.jpg\" alt=\"\" width=\"90\" height=\"90\">&nbsp;<img loading=\"lazy\" decoding=\"async\" class=\"alignnone size-full wp-image-3361\" src=\"http:\/\/schnebele.de\/wp-content\/uploads\/2017\/05\/Schmidt-Elke-2013.jpg\" alt=\"\" width=\"90\" height=\"90\">&nbsp;<img loading=\"lazy\" decoding=\"async\" class=\"alignnone wp-image-5568\" src=\"http:\/\/schnebele.de\/wp-content\/uploads\/2018\/06\/Schmidt-Elke-150x150.jpg\" alt=\"\" width=\"90\" height=\"95\" srcset=\"https:\/\/schnebele.de\/wp-content\/uploads\/2018\/06\/Schmidt-Elke-284x300.jpg 284w, https:\/\/schnebele.de\/wp-content\/uploads\/2018\/06\/Schmidt-Elke-768x812.jpg 768w, https:\/\/schnebele.de\/wp-content\/uploads\/2018\/06\/Schmidt-Elke-142x150.jpg 142w, https:\/\/schnebele.de\/wp-content\/uploads\/2018\/06\/Schmidt-Elke.jpg 962w\" sizes=\"auto, (max-width: 90px) 100vw, 90px\" \/> <img loading=\"lazy\" decoding=\"async\" class=\"alignnone wp-image-6246\" src=\"http:\/\/schnebele.de\/wp-content\/uploads\/2017\/05\/Schmidt-01-297x300.jpg\" alt=\"\" width=\"89\" height=\"90\" srcset=\"https:\/\/schnebele.de\/wp-content\/uploads\/2017\/05\/Schmidt-01-297x300.jpg 297w, https:\/\/schnebele.de\/wp-content\/uploads\/2017\/05\/Schmidt-01-1015x1024.jpg 1015w, https:\/\/schnebele.de\/wp-content\/uploads\/2017\/05\/Schmidt-01-150x150.jpg 150w, https:\/\/schnebele.de\/wp-content\/uploads\/2017\/05\/Schmidt-01-768x774.jpg 768w, https:\/\/schnebele.de\/wp-content\/uploads\/2017\/05\/Schmidt-01-1523x1536.jpg 1523w, https:\/\/schnebele.de\/wp-content\/uploads\/2017\/05\/Schmidt-01-2031x2048.jpg 2031w, https:\/\/schnebele.de\/wp-content\/uploads\/2017\/05\/Schmidt-01-149x150.jpg 149w\" sizes=\"auto, (max-width: 89px) 100vw, 89px\" \/><br \/>\nElke Schmidt<br \/>\n<\/strong>verheiratete M\u00fcller<br \/>\nlangj\u00e4hrige Mitsch\u00fclerin, kein Abijahrgang 78<\/p>\n<p>&nbsp;<\/p>\n<p><strong><img loading=\"lazy\" decoding=\"async\" class=\"alignnone size-full wp-image-3038\" src=\"http:\/\/schnebele.de\/wp-content\/uploads\/2017\/05\/Schmidt-Hartmut.jpg\" width=\"90\" height=\"91\">&nbsp;<img loading=\"lazy\" decoding=\"async\" class=\"alignnone size-full wp-image-3188\" src=\"http:\/\/schnebele.de\/wp-content\/uploads\/2017\/05\/Schmidt-Happy-1.jpg\" alt=\"\" width=\"90\" height=\"90\">&nbsp;<img loading=\"lazy\" decoding=\"async\" class=\"alignnone wp-image-5569\" src=\"http:\/\/schnebele.de\/wp-content\/uploads\/2018\/06\/Schmidt-happy-150x150.jpg\" alt=\"\" width=\"90\" height=\"87\" srcset=\"https:\/\/schnebele.de\/wp-content\/uploads\/2018\/06\/Schmidt-happy-300x289.jpg 300w, https:\/\/schnebele.de\/wp-content\/uploads\/2018\/06\/Schmidt-happy-768x739.jpg 768w, https:\/\/schnebele.de\/wp-content\/uploads\/2018\/06\/Schmidt-happy-150x144.jpg 150w, https:\/\/schnebele.de\/wp-content\/uploads\/2018\/06\/Schmidt-happy.jpg 873w\" sizes=\"auto, (max-width: 90px) 100vw, 90px\" \/><br \/>\nHartmut \u201cHappy\u201d Schmidt&nbsp;<\/strong><\/p>\n<p>&nbsp;<\/p>\n<p><strong>Karl-Wilhelm Schmidt&nbsp;<\/strong><\/p>\n<p>&nbsp;<\/p>\n<p><strong><img loading=\"lazy\" decoding=\"async\" class=\"alignnone size-full wp-image-3039\" src=\"http:\/\/schnebele.de\/wp-content\/uploads\/2017\/05\/Schmidt-Wolfgang.jpg\" width=\"90\" height=\"90\">&nbsp;<br \/>\nWolfgang Schmidt<\/strong><br \/>\nlangj\u00e4hriger Mitsch\u00fcler, kein AbiJahrgang 1978<\/p>\n<p>&nbsp;<\/p>\n<p><strong><img loading=\"lazy\" decoding=\"async\" class=\"alignnone size-full wp-image-3040\" src=\"http:\/\/schnebele.de\/wp-content\/uploads\/2017\/05\/Schnebele-J\u00f6rg-1.jpg\" width=\"88\" height=\"88\">&nbsp;<img loading=\"lazy\" decoding=\"async\" class=\"alignnone size-full wp-image-3189\" src=\"http:\/\/schnebele.de\/wp-content\/uploads\/2017\/05\/Schnebele-J\u00f6rg-2.jpg\" width=\"85\" height=\"89\"> <img loading=\"lazy\" decoding=\"async\" class=\"alignnone size-full wp-image-3279\" src=\"http:\/\/schnebele.de\/wp-content\/uploads\/2017\/05\/Schnebele-Joerg-2008.jpg\" width=\"88\" height=\"88\">&nbsp;<img loading=\"lazy\" decoding=\"async\" class=\"alignnone size-full wp-image-3362\" src=\"http:\/\/schnebele.de\/wp-content\/uploads\/2017\/05\/Schnebele-2013-2.jpg\" width=\"94\" height=\"88\">&nbsp;<img loading=\"lazy\" decoding=\"async\" class=\"alignnone wp-image-5570\" src=\"http:\/\/schnebele.de\/wp-content\/uploads\/2018\/06\/Schnebele-2-150x150.jpg\" alt=\"\" width=\"90\" height=\"92\" srcset=\"https:\/\/schnebele.de\/wp-content\/uploads\/2018\/06\/Schnebele-2-293x300.jpg 293w, https:\/\/schnebele.de\/wp-content\/uploads\/2018\/06\/Schnebele-2-146x150.jpg 146w, https:\/\/schnebele.de\/wp-content\/uploads\/2018\/06\/Schnebele-2.jpg 442w\" sizes=\"auto, (max-width: 90px) 100vw, 90px\" \/> <img loading=\"lazy\" decoding=\"async\" class=\"alignnone wp-image-6232\" src=\"http:\/\/schnebele.de\/wp-content\/uploads\/2017\/05\/Joerg-01-292x300.jpg\" alt=\"\" width=\"87\" height=\"90\" srcset=\"https:\/\/schnebele.de\/wp-content\/uploads\/2017\/05\/Joerg-01-292x300.jpg 292w, https:\/\/schnebele.de\/wp-content\/uploads\/2017\/05\/Joerg-01-995x1024.jpg 995w, https:\/\/schnebele.de\/wp-content\/uploads\/2017\/05\/Joerg-01-768x790.jpg 768w, https:\/\/schnebele.de\/wp-content\/uploads\/2017\/05\/Joerg-01-146x150.jpg 146w, https:\/\/schnebele.de\/wp-content\/uploads\/2017\/05\/Joerg-01.jpg 1430w\" sizes=\"auto, (max-width: 87px) 100vw, 87px\" \/><br \/>\nJ\u00f6rg \u201cSchnapsi\u201d Schnebele <\/strong><\/p>\n<p>&nbsp;<\/p>\n<p><strong><img loading=\"lazy\" decoding=\"async\" class=\"alignnone size-full wp-image-3041\" src=\"http:\/\/schnebele.de\/wp-content\/uploads\/2017\/05\/Schneider-Eva.jpg\" width=\"80\" height=\"92\">&nbsp;<img loading=\"lazy\" decoding=\"async\" class=\"alignnone size-full wp-image-3190\" src=\"http:\/\/schnebele.de\/wp-content\/uploads\/2017\/05\/Schneider-Eva-06.jpg\" alt=\"\" width=\"90\" height=\"90\">&nbsp;<img loading=\"lazy\" decoding=\"async\" class=\"alignnone size-full wp-image-3280\" src=\"http:\/\/schnebele.de\/wp-content\/uploads\/2017\/05\/Schneider-Eva-2008.jpg\" alt=\"\" width=\"90\" height=\"90\"><br \/>\nEva Schneider&nbsp;<\/strong><\/p>\n<p>&nbsp;<\/p>\n<p><strong><img loading=\"lazy\" decoding=\"async\" class=\"alignnone size-full wp-image-3042\" src=\"http:\/\/schnebele.de\/wp-content\/uploads\/2017\/05\/Sch\u00f6pe-Edgar.jpg\" width=\"88\" height=\"88\">&nbsp;<img loading=\"lazy\" decoding=\"async\" class=\"alignnone size-full wp-image-3191\" src=\"http:\/\/schnebele.de\/wp-content\/uploads\/2017\/05\/Sch\u00f6pe-Edgar-aktuell.jpg\" width=\"88\" height=\"88\"> <img loading=\"lazy\" decoding=\"async\" class=\"alignnone size-full wp-image-3281\" src=\"http:\/\/schnebele.de\/wp-content\/uploads\/2017\/05\/Schoepe-Edgar-2008.jpg\" width=\"88\" height=\"88\">&nbsp;<img loading=\"lazy\" decoding=\"async\" class=\"alignnone size-full wp-image-3363\" src=\"http:\/\/schnebele.de\/wp-content\/uploads\/2017\/05\/Sch\u00f6pe-2013-3.jpg\" width=\"94\" height=\"88\">&nbsp;<img loading=\"lazy\" decoding=\"async\" class=\"alignnone wp-image-5571\" src=\"http:\/\/schnebele.de\/wp-content\/uploads\/2018\/06\/Sch\u00f6pe-150x150.jpg\" alt=\"\" width=\"90\" height=\"93\" srcset=\"https:\/\/schnebele.de\/wp-content\/uploads\/2018\/06\/Sch\u00f6pe-291x300.jpg 291w, https:\/\/schnebele.de\/wp-content\/uploads\/2018\/06\/Sch\u00f6pe-768x793.jpg 768w, https:\/\/schnebele.de\/wp-content\/uploads\/2018\/06\/Sch\u00f6pe-992x1024.jpg 992w, https:\/\/schnebele.de\/wp-content\/uploads\/2018\/06\/Sch\u00f6pe-145x150.jpg 145w, https:\/\/schnebele.de\/wp-content\/uploads\/2018\/06\/Sch\u00f6pe.jpg 1194w\" sizes=\"auto, (max-width: 90px) 100vw, 90px\" \/> <img loading=\"lazy\" decoding=\"async\" class=\"alignnone wp-image-6247\" src=\"http:\/\/schnebele.de\/wp-content\/uploads\/2017\/05\/Schoepe-01-298x300.jpg\" alt=\"\" width=\"89\" height=\"90\" srcset=\"https:\/\/schnebele.de\/wp-content\/uploads\/2017\/05\/Schoepe-01-298x300.jpg 298w, https:\/\/schnebele.de\/wp-content\/uploads\/2017\/05\/Schoepe-01-1017x1024.jpg 1017w, https:\/\/schnebele.de\/wp-content\/uploads\/2017\/05\/Schoepe-01-150x150.jpg 150w, https:\/\/schnebele.de\/wp-content\/uploads\/2017\/05\/Schoepe-01-768x774.jpg 768w, https:\/\/schnebele.de\/wp-content\/uploads\/2017\/05\/Schoepe-01-149x150.jpg 149w, https:\/\/schnebele.de\/wp-content\/uploads\/2017\/05\/Schoepe-01.jpg 1515w\" sizes=\"auto, (max-width: 89px) 100vw, 89px\" \/><br \/>\nEdgar Sch\u00f6pe <\/strong><\/p>\n<p>&nbsp;<\/p>\n<p><strong><img loading=\"lazy\" decoding=\"async\" class=\"alignnone size-full wp-image-3043\" src=\"http:\/\/schnebele.de\/wp-content\/uploads\/2017\/05\/Sch\u00f6pping-Ute2.jpg\" width=\"90\" height=\"98\">&nbsp;<br \/>\nUte Sch\u00f6pping<br \/>\n<\/strong>verheiratete G\u00f6\u00dfnitzer&nbsp;<\/p>\n<p>&nbsp;<\/p>\n<p><strong><img loading=\"lazy\" decoding=\"async\" class=\"alignnone size-full wp-image-3044\" src=\"http:\/\/schnebele.de\/wp-content\/uploads\/2017\/05\/Schramm-Frank.jpg\" alt=\"\" width=\"90\" height=\"90\">&nbsp;<img loading=\"lazy\" decoding=\"async\" class=\"alignnone size-full wp-image-3192\" src=\"http:\/\/schnebele.de\/wp-content\/uploads\/2017\/05\/Schramm-Frank-2.jpg\" alt=\"\" width=\"84\" height=\"90\"> <img loading=\"lazy\" decoding=\"async\" class=\"alignnone wp-image-6248\" src=\"http:\/\/schnebele.de\/wp-content\/uploads\/2017\/05\/Schramm-01-295x300.jpg\" alt=\"\" width=\"88\" height=\"90\" srcset=\"https:\/\/schnebele.de\/wp-content\/uploads\/2017\/05\/Schramm-01-295x300.jpg 295w, https:\/\/schnebele.de\/wp-content\/uploads\/2017\/05\/Schramm-01-1006x1024.jpg 1006w, https:\/\/schnebele.de\/wp-content\/uploads\/2017\/05\/Schramm-01-768x782.jpg 768w, https:\/\/schnebele.de\/wp-content\/uploads\/2017\/05\/Schramm-01-1509x1536.jpg 1509w, https:\/\/schnebele.de\/wp-content\/uploads\/2017\/05\/Schramm-01-2012x2048.jpg 2012w, https:\/\/schnebele.de\/wp-content\/uploads\/2017\/05\/Schramm-01-147x150.jpg 147w\" sizes=\"auto, (max-width: 88px) 100vw, 88px\" \/><br \/>\nFrank Schramm<\/strong><\/p>\n<p>&nbsp;<\/p>\n<p><strong><img loading=\"lazy\" decoding=\"async\" class=\"alignnone size-full wp-image-3045\" src=\"http:\/\/schnebele.de\/wp-content\/uploads\/2017\/05\/Schuh-Marion.jpg\" alt=\"\" width=\"90\" height=\"90\">&nbsp;<img loading=\"lazy\" decoding=\"async\" class=\"alignnone size-full wp-image-3282\" src=\"http:\/\/schnebele.de\/wp-content\/uploads\/2017\/05\/Schuh-Marion-2008.jpg\" alt=\"\" width=\"90\" height=\"90\">&nbsp;<img loading=\"lazy\" decoding=\"async\" class=\"alignnone wp-image-5572\" src=\"http:\/\/schnebele.de\/wp-content\/uploads\/2018\/06\/Schuh-150x150.jpg\" alt=\"\" width=\"90\" height=\"93\" srcset=\"https:\/\/schnebele.de\/wp-content\/uploads\/2018\/06\/Schuh-289x300.jpg 289w, https:\/\/schnebele.de\/wp-content\/uploads\/2018\/06\/Schuh-768x797.jpg 768w, https:\/\/schnebele.de\/wp-content\/uploads\/2018\/06\/Schuh-987x1024.jpg 987w, https:\/\/schnebele.de\/wp-content\/uploads\/2018\/06\/Schuh-145x150.jpg 145w, https:\/\/schnebele.de\/wp-content\/uploads\/2018\/06\/Schuh.jpg 1459w\" sizes=\"auto, (max-width: 90px) 100vw, 90px\" \/> <img loading=\"lazy\" decoding=\"async\" class=\"alignnone wp-image-6249\" src=\"http:\/\/schnebele.de\/wp-content\/uploads\/2017\/05\/Schuh-01-281x300.jpg\" alt=\"\" width=\"84\" height=\"90\" srcset=\"https:\/\/schnebele.de\/wp-content\/uploads\/2017\/05\/Schuh-01-281x300.jpg 281w, https:\/\/schnebele.de\/wp-content\/uploads\/2017\/05\/Schuh-01-958x1024.jpg 958w, https:\/\/schnebele.de\/wp-content\/uploads\/2017\/05\/Schuh-01-768x821.jpg 768w, https:\/\/schnebele.de\/wp-content\/uploads\/2017\/05\/Schuh-01-1437x1536.jpg 1437w, https:\/\/schnebele.de\/wp-content\/uploads\/2017\/05\/Schuh-01-1916x2048.jpg 1916w, https:\/\/schnebele.de\/wp-content\/uploads\/2017\/05\/Schuh-01-140x150.jpg 140w\" sizes=\"auto, (max-width: 84px) 100vw, 84px\" \/><br \/>\nMarion Schuh&nbsp; <\/strong><br \/>\nverheiratete Fuchs&nbsp;<\/p>\n<p>&nbsp;<\/p>\n<p><strong><img loading=\"lazy\" decoding=\"async\" class=\"alignnone size-full wp-image-3047\" src=\"http:\/\/schnebele.de\/wp-content\/uploads\/2017\/05\/Schumacher-Paul-Herrmann.jpg\" width=\"88\" height=\"88\">&nbsp;<img loading=\"lazy\" decoding=\"async\" class=\"alignnone size-full wp-image-3193\" src=\"http:\/\/schnebele.de\/wp-content\/uploads\/2017\/05\/Schumacher-Paul-6.jpg\" width=\"85\" height=\"88\"> <img loading=\"lazy\" decoding=\"async\" class=\"alignnone size-full wp-image-3283\" src=\"http:\/\/schnebele.de\/wp-content\/uploads\/2017\/05\/Schumacher-P-H-2008.jpg\" width=\"88\" height=\"88\">&nbsp;<img loading=\"lazy\" decoding=\"async\" class=\"alignnone size-full wp-image-3364\" src=\"http:\/\/schnebele.de\/wp-content\/uploads\/2017\/05\/Schumacher-2013.jpg\" width=\"94\" height=\"88\">&nbsp;<img loading=\"lazy\" decoding=\"async\" class=\"alignnone wp-image-5573\" src=\"http:\/\/schnebele.de\/wp-content\/uploads\/2018\/06\/Schumacher-2-150x150.jpg\" alt=\"\" width=\"90\" height=\"96\" srcset=\"https:\/\/schnebele.de\/wp-content\/uploads\/2018\/06\/Schumacher-2-282x300.jpg 282w, https:\/\/schnebele.de\/wp-content\/uploads\/2018\/06\/Schumacher-2-141x150.jpg 141w, https:\/\/schnebele.de\/wp-content\/uploads\/2018\/06\/Schumacher-2.jpg 674w\" sizes=\"auto, (max-width: 90px) 100vw, 90px\" \/> <img loading=\"lazy\" decoding=\"async\" class=\"alignnone wp-image-6250\" src=\"http:\/\/schnebele.de\/wp-content\/uploads\/2017\/05\/Schumacher-300x288.jpg\" alt=\"\" width=\"94\" height=\"90\" srcset=\"https:\/\/schnebele.de\/wp-content\/uploads\/2017\/05\/Schumacher-300x288.jpg 300w, https:\/\/schnebele.de\/wp-content\/uploads\/2017\/05\/Schumacher-1024x984.jpg 1024w, https:\/\/schnebele.de\/wp-content\/uploads\/2017\/05\/Schumacher-768x738.jpg 768w, https:\/\/schnebele.de\/wp-content\/uploads\/2017\/05\/Schumacher-1536x1476.jpg 1536w, https:\/\/schnebele.de\/wp-content\/uploads\/2017\/05\/Schumacher-156x150.jpg 156w, https:\/\/schnebele.de\/wp-content\/uploads\/2017\/05\/Schumacher-150x144.jpg 150w, https:\/\/schnebele.de\/wp-content\/uploads\/2017\/05\/Schumacher.jpg 1608w\" sizes=\"auto, (max-width: 94px) 100vw, 94px\" \/><br \/>\nPaul-Hermann \u201cP\u00e4ule\u201d Schumacher<\/strong><\/p>\n<p>&nbsp;<\/p>\n<p><img loading=\"lazy\" decoding=\"async\" class=\"alignnone wp-image-4782\" src=\"http:\/\/schnebele.de\/wp-content\/uploads\/2017\/05\/12096007_10200761595199827_5407362494114633761_n.jpg\" alt=\"\" width=\"95\" height=\"95\"><br \/>\n<strong>Sabine Schumacher&nbsp;<br \/>\n<\/strong>verstorben 1977<\/p>\n<p>&nbsp;<\/p>\n<p><strong><img loading=\"lazy\" decoding=\"async\" class=\"alignnone size-full wp-image-3049\" src=\"http:\/\/schnebele.de\/wp-content\/uploads\/2017\/05\/Sehnert.jpg\" width=\"90\" height=\"90\">&nbsp;<img loading=\"lazy\" decoding=\"async\" class=\"alignnone size-full wp-image-3284\" src=\"http:\/\/schnebele.de\/wp-content\/uploads\/2017\/05\/Sehnert-Torsten-2008.jpg\" alt=\"\" width=\"90\" height=\"90\">&nbsp;<img loading=\"lazy\" decoding=\"async\" class=\"alignnone size-full wp-image-3365\" src=\"http:\/\/schnebele.de\/wp-content\/uploads\/2017\/05\/Sehnert-2013.jpg\" width=\"93\" height=\"90\">&nbsp;<img loading=\"lazy\" decoding=\"async\" class=\"alignnone wp-image-5574\" src=\"http:\/\/schnebele.de\/wp-content\/uploads\/2018\/06\/Sehnert-a-150x150.jpg\" alt=\"\" width=\"90\" height=\"91\" srcset=\"https:\/\/schnebele.de\/wp-content\/uploads\/2018\/06\/Sehnert-a-150x150.jpg 150w, https:\/\/schnebele.de\/wp-content\/uploads\/2018\/06\/Sehnert-a-297x300.jpg 297w, https:\/\/schnebele.de\/wp-content\/uploads\/2018\/06\/Sehnert-a-768x777.jpg 768w, https:\/\/schnebele.de\/wp-content\/uploads\/2018\/06\/Sehnert-a-148x150.jpg 148w, https:\/\/schnebele.de\/wp-content\/uploads\/2018\/06\/Sehnert-a.jpg 961w\" sizes=\"auto, (max-width: 90px) 100vw, 90px\" \/> <img loading=\"lazy\" decoding=\"async\" class=\"alignnone wp-image-6251\" src=\"http:\/\/schnebele.de\/wp-content\/uploads\/2017\/05\/Sehnert-01-296x300.jpg\" alt=\"\" width=\"89\" height=\"90\" srcset=\"https:\/\/schnebele.de\/wp-content\/uploads\/2017\/05\/Sehnert-01-296x300.jpg 296w, https:\/\/schnebele.de\/wp-content\/uploads\/2017\/05\/Sehnert-01-1009x1024.jpg 1009w, https:\/\/schnebele.de\/wp-content\/uploads\/2017\/05\/Sehnert-01-150x150.jpg 150w, https:\/\/schnebele.de\/wp-content\/uploads\/2017\/05\/Sehnert-01-768x780.jpg 768w, https:\/\/schnebele.de\/wp-content\/uploads\/2017\/05\/Sehnert-01-1513x1536.jpg 1513w, https:\/\/schnebele.de\/wp-content\/uploads\/2017\/05\/Sehnert-01-148x150.jpg 148w, https:\/\/schnebele.de\/wp-content\/uploads\/2017\/05\/Sehnert-01.jpg 1991w\" sizes=\"auto, (max-width: 89px) 100vw, 89px\" \/><br \/>\nTorsten Sehnert&nbsp; <\/strong><\/p>\n<p>&nbsp;<\/p>\n<p><strong><img loading=\"lazy\" decoding=\"async\" class=\"alignnone size-full wp-image-3050\" src=\"http:\/\/schnebele.de\/wp-content\/uploads\/2017\/05\/Siegel-Ralf.jpg\" width=\"90\" height=\"90\">&nbsp;<img loading=\"lazy\" decoding=\"async\" class=\"alignnone size-full wp-image-3194\" src=\"http:\/\/schnebele.de\/wp-content\/uploads\/2017\/05\/Siegel-Ralf-2.jpg\" alt=\"\" width=\"85\" height=\"90\"> <img loading=\"lazy\" decoding=\"async\" class=\"alignnone size-full wp-image-3285\" src=\"http:\/\/schnebele.de\/wp-content\/uploads\/2017\/05\/Siegel-Ralf-2008.jpg\" alt=\"\" width=\"90\" height=\"90\"><br \/>\nRalf-Michael Siegel<\/strong><\/p>\n<p>&nbsp;<\/p>\n<p><strong><img loading=\"lazy\" decoding=\"async\" class=\"alignnone size-full wp-image-3196\" src=\"http:\/\/schnebele.de\/wp-content\/uploads\/2017\/05\/Sirowadka-Astrid.jpg\" alt=\"\" width=\"90\" height=\"90\"><br \/>\nAstrid Sirowatka&nbsp;<\/strong><\/p>\n<p>&nbsp;<\/p>\n<p><strong><img loading=\"lazy\" decoding=\"async\" class=\"alignnone size-full wp-image-3051\" src=\"http:\/\/schnebele.de\/wp-content\/uploads\/2017\/05\/Solbach-Ursula.jpg\" alt=\"\" width=\"90\" height=\"90\">&nbsp;<img loading=\"lazy\" decoding=\"async\" class=\"alignnone size-full wp-image-3197\" src=\"http:\/\/schnebele.de\/wp-content\/uploads\/2017\/05\/Solbach-Ursula-7.jpg\" alt=\"\" width=\"90\" height=\"90\">&nbsp;<img loading=\"lazy\" decoding=\"async\" class=\"alignnone size-full wp-image-3286\" src=\"http:\/\/schnebele.de\/wp-content\/uploads\/2017\/05\/Solbach-Ursula-2008.jpg\" alt=\"\" width=\"90\" height=\"90\">&nbsp;<img loading=\"lazy\" decoding=\"async\" class=\"alignnone size-full wp-image-3366\" src=\"http:\/\/schnebele.de\/wp-content\/uploads\/2017\/05\/Solbach-2013-2.jpg\" alt=\"\" width=\"90\" height=\"89\">&nbsp;<img loading=\"lazy\" decoding=\"async\" class=\"alignnone wp-image-5576\" src=\"http:\/\/schnebele.de\/wp-content\/uploads\/2018\/06\/Solbach-150x150.jpg\" alt=\"\" width=\"90\" height=\"95\" srcset=\"https:\/\/schnebele.de\/wp-content\/uploads\/2018\/06\/Solbach-284x300.jpg 284w, https:\/\/schnebele.de\/wp-content\/uploads\/2018\/06\/Solbach-768x812.jpg 768w, https:\/\/schnebele.de\/wp-content\/uploads\/2018\/06\/Solbach-142x150.jpg 142w, https:\/\/schnebele.de\/wp-content\/uploads\/2018\/06\/Solbach.jpg 962w\" sizes=\"auto, (max-width: 90px) 100vw, 90px\" \/> <img loading=\"lazy\" decoding=\"async\" class=\"alignnone wp-image-6253\" src=\"http:\/\/schnebele.de\/wp-content\/uploads\/2017\/05\/Solbach-300x289.jpg\" alt=\"\" width=\"93\" height=\"90\" srcset=\"https:\/\/schnebele.de\/wp-content\/uploads\/2017\/05\/Solbach-300x289.jpg 300w, https:\/\/schnebele.de\/wp-content\/uploads\/2017\/05\/Solbach-768x740.jpg 768w, https:\/\/schnebele.de\/wp-content\/uploads\/2017\/05\/Solbach-156x150.jpg 156w, https:\/\/schnebele.de\/wp-content\/uploads\/2017\/05\/Solbach-150x145.jpg 150w, https:\/\/schnebele.de\/wp-content\/uploads\/2017\/05\/Solbach.jpg 834w\" sizes=\"auto, (max-width: 93px) 100vw, 93px\" \/><br \/>\nUrsula Solbach&nbsp;<br \/>\n<\/strong>verheiratete Kubeile<\/p>\n<p>&nbsp;<\/p>\n<p><strong><img loading=\"lazy\" decoding=\"async\" class=\"alignnone wp-image-6254\" src=\"http:\/\/schnebele.de\/wp-content\/uploads\/2017\/05\/Spitzlei-01-300x295.jpg\" alt=\"\" width=\"92\" height=\"90\" srcset=\"https:\/\/schnebele.de\/wp-content\/uploads\/2017\/05\/Spitzlei-01-300x295.jpg 300w, https:\/\/schnebele.de\/wp-content\/uploads\/2017\/05\/Spitzlei-01-1024x1006.jpg 1024w, https:\/\/schnebele.de\/wp-content\/uploads\/2017\/05\/Spitzlei-01-768x754.jpg 768w, https:\/\/schnebele.de\/wp-content\/uploads\/2017\/05\/Spitzlei-01-153x150.jpg 153w, https:\/\/schnebele.de\/wp-content\/uploads\/2017\/05\/Spitzlei-01-150x147.jpg 150w, https:\/\/schnebele.de\/wp-content\/uploads\/2017\/05\/Spitzlei-01.jpg 1414w\" sizes=\"auto, (max-width: 92px) 100vw, 92px\" \/><br \/>\nGabriele Spitzlei<\/strong><br \/>\nEin Jahrgang \u00fcber uns aber durch die Theatergruppe mit vielen von uns verbunden<\/p>\n<p>&nbsp;<\/p>\n<p><strong><img loading=\"lazy\" decoding=\"async\" class=\"alignnone size-full wp-image-3052\" src=\"http:\/\/schnebele.de\/wp-content\/uploads\/2017\/05\/Spitzlei-Sabine.jpg\" alt=\"\" width=\"87\" height=\"90\">&nbsp;<img loading=\"lazy\" decoding=\"async\" class=\"alignnone size-full wp-image-3198\" src=\"http:\/\/schnebele.de\/wp-content\/uploads\/2017\/05\/Spitzlei-Sabine-aktuell.jpg\" alt=\"\" width=\"90\" height=\"90\">&nbsp;<img loading=\"lazy\" decoding=\"async\" class=\"alignnone size-full wp-image-3287\" src=\"http:\/\/schnebele.de\/wp-content\/uploads\/2017\/05\/Spitzlei-Sabine-1-2008.jpg\" alt=\"\" width=\"90\" height=\"90\">&nbsp;<img loading=\"lazy\" decoding=\"async\" class=\"alignnone size-full wp-image-3367\" src=\"http:\/\/schnebele.de\/wp-content\/uploads\/2017\/05\/Spitzley-2013.jpg\" alt=\"\" width=\"87\" height=\"90\">&nbsp;<img loading=\"lazy\" decoding=\"async\" class=\"alignnone wp-image-5577\" src=\"http:\/\/schnebele.de\/wp-content\/uploads\/2018\/06\/Spitzlei-150x150.jpg\" alt=\"\" width=\"90\" height=\"95\" srcset=\"https:\/\/schnebele.de\/wp-content\/uploads\/2018\/06\/Spitzlei-284x300.jpg 284w, https:\/\/schnebele.de\/wp-content\/uploads\/2018\/06\/Spitzlei-768x812.jpg 768w, https:\/\/schnebele.de\/wp-content\/uploads\/2018\/06\/Spitzlei-968x1024.jpg 968w, https:\/\/schnebele.de\/wp-content\/uploads\/2018\/06\/Spitzlei-142x150.jpg 142w, https:\/\/schnebele.de\/wp-content\/uploads\/2018\/06\/Spitzlei.jpg 1337w\" sizes=\"auto, (max-width: 90px) 100vw, 90px\" \/><br \/>\nSabine Spitzlei<br \/>\n<\/strong>verheiratete Marquardt<\/p>\n<p>&nbsp;<\/p>\n<p><strong><img loading=\"lazy\" decoding=\"async\" class=\"alignnone size-full wp-image-3053\" src=\"http:\/\/schnebele.de\/wp-content\/uploads\/2017\/05\/Stahl-Uli.jpg\" alt=\"\" width=\"90\" height=\"90\">&nbsp;<img loading=\"lazy\" decoding=\"async\" class=\"alignnone size-full wp-image-3199\" src=\"http:\/\/schnebele.de\/wp-content\/uploads\/2017\/05\/Stahl-Uli-8.jpg\" alt=\"\" width=\"90\" height=\"89\">&nbsp;<img loading=\"lazy\" decoding=\"async\" class=\"alignnone size-full wp-image-3289\" src=\"http:\/\/schnebele.de\/wp-content\/uploads\/2017\/05\/Stahl-Ulrich-2008.jpg\" alt=\"\" width=\"90\" height=\"90\">&nbsp;<img loading=\"lazy\" decoding=\"async\" class=\"alignnone size-full wp-image-3368\" src=\"http:\/\/schnebele.de\/wp-content\/uploads\/2017\/05\/Stahl-2013.jpg\" alt=\"\" width=\"86\" height=\"90\">&nbsp;<img loading=\"lazy\" decoding=\"async\" class=\"alignnone wp-image-5578\" src=\"http:\/\/schnebele.de\/wp-content\/uploads\/2018\/06\/Stahl-150x150.jpg\" alt=\"\" width=\"90\" height=\"94\" srcset=\"https:\/\/schnebele.de\/wp-content\/uploads\/2018\/06\/Stahl-288x300.jpg 288w, https:\/\/schnebele.de\/wp-content\/uploads\/2018\/06\/Stahl-768x799.jpg 768w, https:\/\/schnebele.de\/wp-content\/uploads\/2018\/06\/Stahl-984x1024.jpg 984w, https:\/\/schnebele.de\/wp-content\/uploads\/2018\/06\/Stahl-144x150.jpg 144w, https:\/\/schnebele.de\/wp-content\/uploads\/2018\/06\/Stahl.jpg 1901w\" sizes=\"auto, (max-width: 90px) 100vw, 90px\" \/> <img loading=\"lazy\" decoding=\"async\" class=\"alignnone wp-image-6255\" src=\"http:\/\/schnebele.de\/wp-content\/uploads\/2017\/05\/Stahl-300x293.jpg\" alt=\"\" width=\"92\" height=\"90\" srcset=\"https:\/\/schnebele.de\/wp-content\/uploads\/2017\/05\/Stahl-300x293.jpg 300w, https:\/\/schnebele.de\/wp-content\/uploads\/2017\/05\/Stahl-1024x1000.jpg 1024w, https:\/\/schnebele.de\/wp-content\/uploads\/2017\/05\/Stahl-768x750.jpg 768w, https:\/\/schnebele.de\/wp-content\/uploads\/2017\/05\/Stahl-1536x1499.jpg 1536w, https:\/\/schnebele.de\/wp-content\/uploads\/2017\/05\/Stahl-154x150.jpg 154w, https:\/\/schnebele.de\/wp-content\/uploads\/2017\/05\/Stahl-150x146.jpg 150w, https:\/\/schnebele.de\/wp-content\/uploads\/2017\/05\/Stahl.jpg 1716w\" sizes=\"auto, (max-width: 92px) 100vw, 92px\" \/><br \/>\nUlrich Stahl <\/strong><\/p>\n<p>&nbsp;<\/p>\n<p><strong><img loading=\"lazy\" decoding=\"async\" class=\"alignnone size-full wp-image-3054\" src=\"http:\/\/schnebele.de\/wp-content\/uploads\/2017\/05\/Stausberg-Ulrike.jpg\" width=\"90\" height=\"91\">&nbsp;<img loading=\"lazy\" decoding=\"async\" class=\"alignnone size-full wp-image-3200\" src=\"http:\/\/schnebele.de\/wp-content\/uploads\/2017\/05\/Stausberg-Ulrike-2.jpg\" alt=\"\" width=\"87\" height=\"90\"> <img loading=\"lazy\" decoding=\"async\" class=\"alignnone size-full wp-image-3290\" src=\"http:\/\/schnebele.de\/wp-content\/uploads\/2017\/05\/Stausberg-Ulrike-2008.jpg\" alt=\"\" width=\"90\" height=\"90\">&nbsp;<img loading=\"lazy\" decoding=\"async\" class=\"alignnone size-full wp-image-3369\" src=\"http:\/\/schnebele.de\/wp-content\/uploads\/2017\/05\/Stausberg-Ulrike-1.jpg\" alt=\"\" width=\"90\" height=\"90\">&nbsp;<img loading=\"lazy\" decoding=\"async\" class=\"alignnone wp-image-5579\" src=\"http:\/\/schnebele.de\/wp-content\/uploads\/2018\/06\/Stausberg-150x150.jpg\" alt=\"\" width=\"90\" height=\"93\" srcset=\"https:\/\/schnebele.de\/wp-content\/uploads\/2018\/06\/Stausberg-290x300.jpg 290w, https:\/\/schnebele.de\/wp-content\/uploads\/2018\/06\/Stausberg-768x795.jpg 768w, https:\/\/schnebele.de\/wp-content\/uploads\/2018\/06\/Stausberg-989x1024.jpg 989w, https:\/\/schnebele.de\/wp-content\/uploads\/2018\/06\/Stausberg-145x150.jpg 145w, https:\/\/schnebele.de\/wp-content\/uploads\/2018\/06\/Stausberg.jpg 1890w\" sizes=\"auto, (max-width: 90px) 100vw, 90px\" \/> <img loading=\"lazy\" decoding=\"async\" class=\"alignnone wp-image-6256\" src=\"http:\/\/schnebele.de\/wp-content\/uploads\/2017\/05\/Stausberg-02-289x300.jpg\" alt=\"\" width=\"87\" height=\"90\" srcset=\"https:\/\/schnebele.de\/wp-content\/uploads\/2017\/05\/Stausberg-02-289x300.jpg 289w, https:\/\/schnebele.de\/wp-content\/uploads\/2017\/05\/Stausberg-02-987x1024.jpg 987w, https:\/\/schnebele.de\/wp-content\/uploads\/2017\/05\/Stausberg-02-768x797.jpg 768w, https:\/\/schnebele.de\/wp-content\/uploads\/2017\/05\/Stausberg-02-1481x1536.jpg 1481w, https:\/\/schnebele.de\/wp-content\/uploads\/2017\/05\/Stausberg-02-145x150.jpg 145w, https:\/\/schnebele.de\/wp-content\/uploads\/2017\/05\/Stausberg-02.jpg 1530w\" sizes=\"auto, (max-width: 87px) 100vw, 87px\" \/><br \/>\nUlrike Stausberg&nbsp; <\/strong><\/p>\n<p>&nbsp;<\/p>\n<p><strong><img loading=\"lazy\" decoding=\"async\" class=\"alignnone size-full wp-image-3081\" src=\"http:\/\/schnebele.de\/wp-content\/uploads\/2017\/05\/Steiger-Heinz-Werner.jpg\" width=\"88\" height=\"92\">&nbsp;<img loading=\"lazy\" decoding=\"async\" class=\"alignnone size-full wp-image-3201\" src=\"http:\/\/schnebele.de\/wp-content\/uploads\/2017\/05\/Steiger-Heinz-Werner-aktuell.jpg\" alt=\"\" width=\"90\" height=\"90\">&nbsp;<img loading=\"lazy\" decoding=\"async\" class=\"alignnone wp-image-5580\" src=\"http:\/\/schnebele.de\/wp-content\/uploads\/2018\/06\/Steiger-a-150x150.jpg\" alt=\"\" width=\"90\" height=\"95\" srcset=\"https:\/\/schnebele.de\/wp-content\/uploads\/2018\/06\/Steiger-a-284x300.jpg 284w, https:\/\/schnebele.de\/wp-content\/uploads\/2018\/06\/Steiger-a-768x812.jpg 768w, https:\/\/schnebele.de\/wp-content\/uploads\/2018\/06\/Steiger-a-968x1024.jpg 968w, https:\/\/schnebele.de\/wp-content\/uploads\/2018\/06\/Steiger-a-142x150.jpg 142w, https:\/\/schnebele.de\/wp-content\/uploads\/2018\/06\/Steiger-a.jpg 1337w\" sizes=\"auto, (max-width: 90px) 100vw, 90px\" \/><br \/>\nHeinz-Werner Steiger&nbsp;<\/strong><\/p>\n<p>&nbsp;<\/p>\n<p><strong><img loading=\"lazy\" decoding=\"async\" class=\"alignnone size-full wp-image-3055\" src=\"http:\/\/schnebele.de\/wp-content\/uploads\/2017\/05\/Stommel-Peter.jpg\" alt=\"\" width=\"90\" height=\"90\">&nbsp;<img loading=\"lazy\" decoding=\"async\" class=\"alignnone size-full wp-image-3202\" src=\"http:\/\/schnebele.de\/wp-content\/uploads\/2017\/05\/Stommel-Peter-2.jpg\" alt=\"\" width=\"84\" height=\"90\">&nbsp;<img loading=\"lazy\" decoding=\"async\" class=\"alignnone size-full wp-image-3291\" src=\"http:\/\/schnebele.de\/wp-content\/uploads\/2017\/05\/Stommel-Peter-2008.jpg\" alt=\"\" width=\"90\" height=\"90\">&nbsp;<img loading=\"lazy\" decoding=\"async\" class=\"alignnone size-full wp-image-3370\" src=\"http:\/\/schnebele.de\/wp-content\/uploads\/2017\/05\/Stommel-2013.jpg\" width=\"92\" height=\"90\"> <img loading=\"lazy\" decoding=\"async\" class=\"alignnone wp-image-6257\" src=\"http:\/\/schnebele.de\/wp-content\/uploads\/2017\/05\/Stommel-01-289x300.jpg\" alt=\"\" width=\"87\" height=\"90\" srcset=\"https:\/\/schnebele.de\/wp-content\/uploads\/2017\/05\/Stommel-01-289x300.jpg 289w, https:\/\/schnebele.de\/wp-content\/uploads\/2017\/05\/Stommel-01-986x1024.jpg 986w, https:\/\/schnebele.de\/wp-content\/uploads\/2017\/05\/Stommel-01-768x797.jpg 768w, https:\/\/schnebele.de\/wp-content\/uploads\/2017\/05\/Stommel-01-144x150.jpg 144w, https:\/\/schnebele.de\/wp-content\/uploads\/2017\/05\/Stommel-01.jpg 998w\" sizes=\"auto, (max-width: 87px) 100vw, 87px\" \/><br \/>\nPeter Stommel<\/strong><\/p>\n<p>&nbsp;<\/p>\n<p><strong><img loading=\"lazy\" decoding=\"async\" class=\"alignnone size-full wp-image-3057\" src=\"http:\/\/schnebele.de\/wp-content\/uploads\/2017\/05\/Viethen-Thomas2.jpg\" width=\"80\" height=\"93\">&nbsp;<img loading=\"lazy\" decoding=\"async\" class=\"alignnone size-full wp-image-3203\" src=\"http:\/\/schnebele.de\/wp-content\/uploads\/2017\/05\/Viethen-Thomas-2.jpg\" alt=\"\" width=\"88\" height=\"90\"><br \/>\nThomas Vieten&nbsp;<\/strong><\/p>\n<p>&nbsp;<\/p>\n<p><strong><img loading=\"lazy\" decoding=\"async\" class=\"alignnone size-full wp-image-3058\" src=\"http:\/\/schnebele.de\/wp-content\/uploads\/2017\/05\/Vogt-J\u00fcrgen.jpg\" alt=\"\" width=\"86\" height=\"90\">&nbsp;<img loading=\"lazy\" decoding=\"async\" class=\"alignnone size-full wp-image-3204\" src=\"http:\/\/schnebele.de\/wp-content\/uploads\/2017\/05\/Voigt-J\u00fcrgen-aktuell.jpg\" alt=\"\" width=\"90\" height=\"90\">&nbsp;<img loading=\"lazy\" decoding=\"async\" class=\"alignnone size-full wp-image-3292\" src=\"http:\/\/schnebele.de\/wp-content\/uploads\/2017\/05\/Voigt-Juergen-2008.jpg\" alt=\"\" width=\"90\" height=\"90\"> <img loading=\"lazy\" decoding=\"async\" class=\"alignnone wp-image-6258\" src=\"http:\/\/schnebele.de\/wp-content\/uploads\/2017\/05\/Voigt-01-300x298.jpg\" alt=\"\" width=\"90\" height=\"90\" srcset=\"https:\/\/schnebele.de\/wp-content\/uploads\/2017\/05\/Voigt-01-300x298.jpg 300w, https:\/\/schnebele.de\/wp-content\/uploads\/2017\/05\/Voigt-01-1024x1019.jpg 1024w, https:\/\/schnebele.de\/wp-content\/uploads\/2017\/05\/Voigt-01-150x150.jpg 150w, https:\/\/schnebele.de\/wp-content\/uploads\/2017\/05\/Voigt-01-768x764.jpg 768w, https:\/\/schnebele.de\/wp-content\/uploads\/2017\/05\/Voigt-01-1536x1528.jpg 1536w, https:\/\/schnebele.de\/wp-content\/uploads\/2017\/05\/Voigt-01-151x150.jpg 151w, https:\/\/schnebele.de\/wp-content\/uploads\/2017\/05\/Voigt-01.jpg 1944w\" sizes=\"auto, (max-width: 90px) 100vw, 90px\" \/><br \/>\nJ\u00fcrgen Voigt<\/strong><\/p>\n<p>&nbsp;<\/p>\n<p><strong><img loading=\"lazy\" decoding=\"async\" class=\"alignnone size-full wp-image-3060\" src=\"http:\/\/schnebele.de\/wp-content\/uploads\/2017\/05\/Waffenschmidt-Ute.jpg\" alt=\"\" width=\"90\" height=\"90\">&nbsp;<img loading=\"lazy\" decoding=\"async\" class=\"alignnone size-full wp-image-3205\" src=\"http:\/\/schnebele.de\/wp-content\/uploads\/2017\/05\/Waffenschmidt-Ute-2.jpg\" alt=\"\" width=\"90\" height=\"88\"><br \/>\nUte Waffenschmidt &nbsp;&nbsp;<br \/>\n<\/strong>langj\u00e4hrige Mitsch\u00fclerin, kein Abijahrgang 1978<\/p>\n<p>&nbsp;<\/p>\n<p><strong><img loading=\"lazy\" decoding=\"async\" class=\"alignnone size-full wp-image-3061\" src=\"http:\/\/schnebele.de\/wp-content\/uploads\/2017\/05\/WahlUlli.jpg\" width=\"80\" height=\"92\"><img loading=\"lazy\" decoding=\"async\" class=\"alignnone size-full wp-image-3206\" src=\"http:\/\/schnebele.de\/wp-content\/uploads\/2017\/05\/Wahl-Uli-2.jpg\" alt=\"\" width=\"88\" height=\"90\"><img loading=\"lazy\" decoding=\"async\" class=\"alignnone size-full wp-image-3293\" src=\"http:\/\/schnebele.de\/wp-content\/uploads\/2017\/05\/Wahl-Ulrich-2008.jpg\" alt=\"\" width=\"90\" height=\"90\"><img loading=\"lazy\" decoding=\"async\" class=\"alignnone size-full wp-image-3371\" src=\"http:\/\/schnebele.de\/wp-content\/uploads\/2017\/05\/Wahl-2013.jpg\" alt=\"\" width=\"90\" height=\"90\"><br \/>\nUlrich \u201cAyala\u201d Wahl<br \/>\n<\/strong>verstorben 07. Oktober 2024<\/p>\n<p>&nbsp;<\/p>\n<p><strong><img loading=\"lazy\" decoding=\"async\" class=\"alignnone size-full wp-image-3059\" src=\"http:\/\/schnebele.de\/wp-content\/uploads\/2017\/05\/Wadenbach-Klaus.jpg\" width=\"90\" height=\"90\">&nbsp;<img loading=\"lazy\" decoding=\"async\" class=\"alignnone wp-image-5581\" src=\"http:\/\/schnebele.de\/wp-content\/uploads\/2018\/06\/Wardenbach-a-150x150.jpg\" alt=\"\" width=\"90\" height=\"90\" srcset=\"https:\/\/schnebele.de\/wp-content\/uploads\/2018\/06\/Wardenbach-a-150x150.jpg 150w, https:\/\/schnebele.de\/wp-content\/uploads\/2018\/06\/Wardenbach-a-298x300.jpg 298w, https:\/\/schnebele.de\/wp-content\/uploads\/2018\/06\/Wardenbach-a-768x772.jpg 768w, https:\/\/schnebele.de\/wp-content\/uploads\/2018\/06\/Wardenbach-a-1019x1024.jpg 1019w\" sizes=\"auto, (max-width: 90px) 100vw, 90px\" \/><br \/>\nKlaus Wardenbach&nbsp; <\/strong><\/p>\n<p>&nbsp;<\/p>\n<p><strong><img loading=\"lazy\" decoding=\"async\" class=\"alignnone size-full wp-image-3062\" src=\"http:\/\/schnebele.de\/wp-content\/uploads\/2017\/05\/Weiand-Heribert.jpg\" alt=\"\" width=\"90\" height=\"90\">&nbsp;<img loading=\"lazy\" decoding=\"async\" class=\"alignnone size-full wp-image-3207\" src=\"http:\/\/schnebele.de\/wp-content\/uploads\/2017\/05\/Weiand-Heribert-2.jpg\" alt=\"\" width=\"87\" height=\"90\">&nbsp;<br \/>\nHeribert Weiand&nbsp;&nbsp;<\/strong><\/p>\n<p>&nbsp;<\/p>\n<p><strong><img loading=\"lazy\" decoding=\"async\" class=\"alignnone size-full wp-image-3063\" src=\"http:\/\/schnebele.de\/wp-content\/uploads\/2017\/05\/Weidenbr\u00fccher-Gerd.jpg\" width=\"90\" height=\"90\">&nbsp;<br \/>\nGerd Weidenbr\u00fccher&nbsp;<\/strong><\/p>\n<p><strong>&nbsp;<\/strong><\/p>\n<p><strong><img loading=\"lazy\" decoding=\"async\" src=\"http:\/\/schnebele.de\/wp-content\/uploads\/2017\/05\/00-Weinand-1.jpg\" alt=\"00-Weinand-1.jpg\" width=\"77\" height=\"80\">&nbsp;<img loading=\"lazy\" decoding=\"async\" class=\"alignnone size-full wp-image-3208\" src=\"http:\/\/schnebele.de\/wp-content\/uploads\/2017\/05\/Weinand-Peter-6.jpg\" width=\"93\" height=\"90\"><br \/>\nPeter \u201cSuper P W Beatleton Charly\u201d Weinand&nbsp;<\/strong><\/p>\n<p>&nbsp;<\/p>\n<p><strong><img loading=\"lazy\" decoding=\"async\" class=\"alignnone size-full wp-image-3209\" src=\"http:\/\/schnebele.de\/wp-content\/uploads\/2017\/05\/Weiss-Peter-2.jpg\" width=\"95\" height=\"88\">&nbsp;<img loading=\"lazy\" decoding=\"async\" class=\"alignnone size-full wp-image-3294\" src=\"http:\/\/schnebele.de\/wp-content\/uploads\/2017\/05\/Weiss-Peter-2008-1.jpg\" alt=\"\" width=\"90\" height=\"90\"><br \/>\nPeter Weiss &nbsp;<br \/>\n<\/strong>verstorben November 2009<\/p>\n<p>&nbsp;<\/p>\n<p><strong><img loading=\"lazy\" decoding=\"async\" class=\"alignnone size-full wp-image-3065\" src=\"http:\/\/schnebele.de\/wp-content\/uploads\/2017\/05\/Winter-Mario2.jpg\" width=\"84\" height=\"90\">&nbsp;<img loading=\"lazy\" decoding=\"async\" class=\"alignnone size-full wp-image-3210\" src=\"http:\/\/schnebele.de\/wp-content\/uploads\/2017\/05\/Winter-Mario-2-2.jpg\" alt=\"\" width=\"85\" height=\"90\"> <img loading=\"lazy\" decoding=\"async\" class=\"alignnone size-full wp-image-3295\" src=\"http:\/\/schnebele.de\/wp-content\/uploads\/2017\/05\/Winter-Mario-2008.jpg\" alt=\"\" width=\"90\" height=\"90\">&nbsp;<img loading=\"lazy\" decoding=\"async\" class=\"alignnone wp-image-5582\" src=\"http:\/\/schnebele.de\/wp-content\/uploads\/2018\/06\/Winter-150x150.jpg\" alt=\"\" width=\"90\" height=\"93\" srcset=\"https:\/\/schnebele.de\/wp-content\/uploads\/2018\/06\/Winter-290x300.jpg 290w, https:\/\/schnebele.de\/wp-content\/uploads\/2018\/06\/Winter-768x794.jpg 768w, https:\/\/schnebele.de\/wp-content\/uploads\/2018\/06\/Winter-145x150.jpg 145w, https:\/\/schnebele.de\/wp-content\/uploads\/2018\/06\/Winter.jpg 961w\" sizes=\"auto, (max-width: 90px) 100vw, 90px\" \/> <img loading=\"lazy\" decoding=\"async\" class=\"alignnone wp-image-6259\" src=\"http:\/\/schnebele.de\/wp-content\/uploads\/2017\/05\/Winter-01-297x300.jpg\" alt=\"\" width=\"89\" height=\"90\" srcset=\"https:\/\/schnebele.de\/wp-content\/uploads\/2017\/05\/Winter-01-297x300.jpg 297w, https:\/\/schnebele.de\/wp-content\/uploads\/2017\/05\/Winter-01-1013x1024.jpg 1013w, https:\/\/schnebele.de\/wp-content\/uploads\/2017\/05\/Winter-01-150x150.jpg 150w, https:\/\/schnebele.de\/wp-content\/uploads\/2017\/05\/Winter-01-768x777.jpg 768w, https:\/\/schnebele.de\/wp-content\/uploads\/2017\/05\/Winter-01-1519x1536.jpg 1519w, https:\/\/schnebele.de\/wp-content\/uploads\/2017\/05\/Winter-01-2025x2048.jpg 2025w, https:\/\/schnebele.de\/wp-content\/uploads\/2017\/05\/Winter-01-148x150.jpg 148w\" sizes=\"auto, (max-width: 89px) 100vw, 89px\" \/><br \/>\nMario Winter&nbsp;<\/strong><\/p>\n<p>&nbsp;<\/p>\n<p><strong><img loading=\"lazy\" decoding=\"async\" class=\"alignnone size-full wp-image-3066\" src=\"http:\/\/schnebele.de\/wp-content\/uploads\/2017\/05\/Wirts-Dorle2.jpg\" alt=\"\" width=\"90\" height=\"90\">&nbsp;<img loading=\"lazy\" decoding=\"async\" class=\"alignnone size-full wp-image-3211\" src=\"http:\/\/schnebele.de\/wp-content\/uploads\/2017\/05\/Wirths-Dorle-aktuell-1.jpg\" alt=\"\" width=\"90\" height=\"90\">&nbsp;<img loading=\"lazy\" decoding=\"async\" class=\"alignnone size-full wp-image-3296\" src=\"http:\/\/schnebele.de\/wp-content\/uploads\/2017\/05\/Wirtz-Dorle-2008.jpg\" alt=\"\" width=\"90\" height=\"90\">&nbsp;<img loading=\"lazy\" decoding=\"async\" class=\"alignnone wp-image-5583\" src=\"http:\/\/schnebele.de\/wp-content\/uploads\/2018\/06\/Wirtz-150x150.jpg\" alt=\"\" width=\"90\" height=\"91\" srcset=\"https:\/\/schnebele.de\/wp-content\/uploads\/2018\/06\/Wirtz-150x150.jpg 150w, https:\/\/schnebele.de\/wp-content\/uploads\/2018\/06\/Wirtz-295x300.jpg 295w, https:\/\/schnebele.de\/wp-content\/uploads\/2018\/06\/Wirtz-768x781.jpg 768w, https:\/\/schnebele.de\/wp-content\/uploads\/2018\/06\/Wirtz-1007x1024.jpg 1007w, https:\/\/schnebele.de\/wp-content\/uploads\/2018\/06\/Wirtz-148x150.jpg 148w, https:\/\/schnebele.de\/wp-content\/uploads\/2018\/06\/Wirtz.jpg 1326w\" sizes=\"auto, (max-width: 90px) 100vw, 90px\" \/> <img loading=\"lazy\" decoding=\"async\" class=\"alignnone wp-image-6260\" src=\"http:\/\/schnebele.de\/wp-content\/uploads\/2017\/05\/Wirtz-01-300x296.jpg\" alt=\"\" width=\"91\" height=\"90\" srcset=\"https:\/\/schnebele.de\/wp-content\/uploads\/2017\/05\/Wirtz-01-300x296.jpg 300w, https:\/\/schnebele.de\/wp-content\/uploads\/2017\/05\/Wirtz-01-1024x1010.jpg 1024w, https:\/\/schnebele.de\/wp-content\/uploads\/2017\/05\/Wirtz-01-150x148.jpg 150w, https:\/\/schnebele.de\/wp-content\/uploads\/2017\/05\/Wirtz-01-768x758.jpg 768w, https:\/\/schnebele.de\/wp-content\/uploads\/2017\/05\/Wirtz-01-1536x1516.jpg 1536w, https:\/\/schnebele.de\/wp-content\/uploads\/2017\/05\/Wirtz-01-152x150.jpg 152w, https:\/\/schnebele.de\/wp-content\/uploads\/2017\/05\/Wirtz-01.jpg 2035w\" sizes=\"auto, (max-width: 91px) 100vw, 91px\" \/><br \/>\nDorothea \u201cDorle\u201d Wirtz&nbsp; &nbsp;<br \/>\n<\/strong>verheiratete Schulten&nbsp;&nbsp;<\/p>\n<p>&nbsp;<\/p>\n<p><strong><img loading=\"lazy\" decoding=\"async\" class=\"alignnone size-full wp-image-3067\" src=\"http:\/\/schnebele.de\/wp-content\/uploads\/2017\/05\/Wurm-Stefan-1.jpg\" width=\"88\" height=\"88\">&nbsp;<img loading=\"lazy\" decoding=\"async\" class=\"alignnone size-full wp-image-3212\" src=\"http:\/\/schnebele.de\/wp-content\/uploads\/2017\/05\/Wurm-Stefan-2.jpg\" width=\"92\" height=\"88\"> <img loading=\"lazy\" decoding=\"async\" class=\"alignnone size-full wp-image-3297\" src=\"http:\/\/schnebele.de\/wp-content\/uploads\/2017\/05\/Wurm-Stefan-2008.jpg\" width=\"88\" height=\"88\">&nbsp;<img loading=\"lazy\" decoding=\"async\" class=\"alignnone size-full wp-image-3372\" src=\"http:\/\/schnebele.de\/wp-content\/uploads\/2017\/05\/Wurm-2013-2.jpg\" width=\"92\" height=\"87\">&nbsp;<img loading=\"lazy\" decoding=\"async\" class=\"alignnone wp-image-5584\" src=\"http:\/\/schnebele.de\/wp-content\/uploads\/2018\/06\/Wurm-2-150x150.jpg\" alt=\"\" width=\"90\" height=\"89\" srcset=\"https:\/\/schnebele.de\/wp-content\/uploads\/2018\/06\/Wurm-2-150x148.jpg 150w, https:\/\/schnebele.de\/wp-content\/uploads\/2018\/06\/Wurm-2-300x297.jpg 300w, https:\/\/schnebele.de\/wp-content\/uploads\/2018\/06\/Wurm-2-768x760.jpg 768w, https:\/\/schnebele.de\/wp-content\/uploads\/2018\/06\/Wurm-2.jpg 1006w\" sizes=\"auto, (max-width: 90px) 100vw, 90px\" \/> <img loading=\"lazy\" decoding=\"async\" class=\"alignnone wp-image-6261\" src=\"http:\/\/schnebele.de\/wp-content\/uploads\/2017\/05\/Wurm-300x300.jpg\" alt=\"\" width=\"90\" height=\"90\" srcset=\"https:\/\/schnebele.de\/wp-content\/uploads\/2017\/05\/Wurm-300x300.jpg 300w, https:\/\/schnebele.de\/wp-content\/uploads\/2017\/05\/Wurm-1024x1024.jpg 1024w, https:\/\/schnebele.de\/wp-content\/uploads\/2017\/05\/Wurm-150x150.jpg 150w, https:\/\/schnebele.de\/wp-content\/uploads\/2017\/05\/Wurm-768x768.jpg 768w, https:\/\/schnebele.de\/wp-content\/uploads\/2017\/05\/Wurm-1536x1536.jpg 1536w, https:\/\/schnebele.de\/wp-content\/uploads\/2017\/05\/Wurm-2048x2048.jpg 2048w\" sizes=\"auto, (max-width: 90px) 100vw, 90px\" \/><br \/>\nStefan Wurm <\/strong><\/p>\n<p>&nbsp;<\/p>\n<p><strong><img loading=\"lazy\" decoding=\"async\" class=\"alignnone size-full wp-image-3068\" src=\"http:\/\/schnebele.de\/wp-content\/uploads\/2017\/05\/Zimmermann-Stefan-1.jpg\" alt=\"\" width=\"90\" height=\"90\"><br \/>\nStefan \u201cEule\u201d Zimmermann verstorben<\/strong><\/p>\n","protected":false},"excerpt":{"rendered":"<p>Hier sind wir alle auf einen Blick Ich habe versucht, von jedem Bilder aus der Schulzeit aufzutreiben und habe die aktuellen Fotos gegen\u00fcbergestellt. Sehr viele L\u00fccken gibt es nicht; aber sollte jemand von Euch noch den einen oder anderen auf einem Eurer alten Fotos finden, dann w\u00e4re es super, wenn <a class=\"continue-reading-link\" href=\"https:\/\/schnebele.de\/?p=2912\">Weiterlesen!<\/a><\/p>\n<div class=\"shariff shariff-align-flex-start shariff-widget-align-flex-start\"><ul class=\"shariff-buttons theme-round orientation-horizontal buttonsize-medium\"><li class=\"shariff-button facebook shariff-nocustomcolor\" style=\"background-color:#4273c8\"><a href=\"https:\/\/www.facebook.com\/sharer\/sharer.php?u=https%3A%2F%2Fschnebele.de%2F%3Fp%3D2912\" title=\"Bei Facebook teilen\" aria-label=\"Bei Facebook teilen\" role=\"button\" rel=\"nofollow\" class=\"shariff-link\" style=\"; background-color:#3b5998; color:#fff\" target=\"_blank\"><span class=\"shariff-icon\" style=\"\"><svg width=\"32px\" height=\"20px\" xmlns=\"http:\/\/www.w3.org\/2000\/svg\" viewBox=\"0 0 18 32\"><path fill=\"#3b5998\" d=\"M17.1 0.2v4.7h-2.8q-1.5 0-2.1 0.6t-0.5 1.9v3.4h5.2l-0.7 5.3h-4.5v13.6h-5.5v-13.6h-4.5v-5.3h4.5v-3.9q0-3.3 1.9-5.2t5-1.8q2.6 0 4.1 0.2z\"\/><\/svg><\/span><\/a><\/li><li class=\"shariff-button twitter shariff-nocustomcolor\" style=\"background-color:#595959\"><a href=\"https:\/\/twitter.com\/share?url=https%3A%2F%2Fschnebele.de%2F%3Fp%3D2912&text=Wir%20Sch%C3%BCler%20%E2%80%93%20Unsere%20Jahrgangsstufe\" title=\"Bei X teilen\" aria-label=\"Bei X teilen\" role=\"button\" rel=\"noopener nofollow\" class=\"shariff-link\" style=\"; background-color:#000; color:#fff\" target=\"_blank\"><span class=\"shariff-icon\" style=\"\"><svg width=\"32px\" height=\"20px\" xmlns=\"http:\/\/www.w3.org\/2000\/svg\" viewBox=\"0 0 24 24\"><path fill=\"#000\" d=\"M14.258 10.152L23.176 0h-2.113l-7.747 8.813L7.133 0H0l9.352 13.328L0 23.973h2.113l8.176-9.309 6.531 9.309h7.133zm-2.895 3.293l-.949-1.328L2.875 1.56h3.246l6.086 8.523.945 1.328 7.91 11.078h-3.246zm0 0\"\/><\/svg><\/span><\/a><\/li><li class=\"shariff-button whatsapp shariff-nocustomcolor\" style=\"background-color:#5cbe4a\"><a href=\"https:\/\/api.whatsapp.com\/send?text=https%3A%2F%2Fschnebele.de%2F%3Fp%3D2912%20Wir%20Sch%C3%BCler%20%E2%80%93%20Unsere%20Jahrgangsstufe\" title=\"Bei Whatsapp teilen\" aria-label=\"Bei Whatsapp teilen\" role=\"button\" rel=\"noopener nofollow\" class=\"shariff-link\" style=\"; background-color:#34af23; color:#fff\" target=\"_blank\"><span class=\"shariff-icon\" style=\"\"><svg width=\"32px\" height=\"20px\" xmlns=\"http:\/\/www.w3.org\/2000\/svg\" viewBox=\"0 0 32 32\"><path fill=\"#34af23\" d=\"M17.6 17.4q0.2 0 1.7 0.8t1.6 0.9q0 0.1 0 0.3 0 0.6-0.3 1.4-0.3 0.7-1.3 1.2t-1.8 0.5q-1 0-3.4-1.1-1.7-0.8-3-2.1t-2.6-3.3q-1.3-1.9-1.3-3.5v-0.1q0.1-1.6 1.3-2.8 0.4-0.4 0.9-0.4 0.1 0 0.3 0t0.3 0q0.3 0 0.5 0.1t0.3 0.5q0.1 0.4 0.6 1.6t0.4 1.3q0 0.4-0.6 1t-0.6 0.8q0 0.1 0.1 0.3 0.6 1.3 1.8 2.4 1 0.9 2.7 1.8 0.2 0.1 0.4 0.1 0.3 0 1-0.9t0.9-0.9zM14 26.9q2.3 0 4.3-0.9t3.6-2.4 2.4-3.6 0.9-4.3-0.9-4.3-2.4-3.6-3.6-2.4-4.3-0.9-4.3 0.9-3.6 2.4-2.4 3.6-0.9 4.3q0 3.6 2.1 6.6l-1.4 4.2 4.3-1.4q2.8 1.9 6.2 1.9zM14 2.2q2.7 0 5.2 1.1t4.3 2.9 2.9 4.3 1.1 5.2-1.1 5.2-2.9 4.3-4.3 2.9-5.2 1.1q-3.5 0-6.5-1.7l-7.4 2.4 2.4-7.2q-1.9-3.2-1.9-6.9 0-2.7 1.1-5.2t2.9-4.3 4.3-2.9 5.2-1.1z\"\/><\/svg><\/span><\/a><\/li><li class=\"shariff-button telegram shariff-nocustomcolor\" style=\"background-color:#4084A6\"><a href=\"https:\/\/telegram.me\/share\/url?url=https%3A%2F%2Fschnebele.de%2F%3Fp%3D2912&text=Wir%20Sch%C3%BCler%20%E2%80%93%20Unsere%20Jahrgangsstufe\" title=\"Bei Telegram teilen\" aria-label=\"Bei Telegram teilen\" role=\"button\" rel=\"noopener nofollow\" class=\"shariff-link\" style=\"; background-color:#0088cc; color:#fff\" target=\"_blank\"><span class=\"shariff-icon\" style=\"\"><svg width=\"32px\" height=\"20px\" xmlns=\"http:\/\/www.w3.org\/2000\/svg\" viewBox=\"0 0 32 32\"><path fill=\"#0088cc\" d=\"M30.8 6.5l-4.5 21.4c-.3 1.5-1.2 1.9-2.5 1.2L16.9 24l-3.3 3.2c-.4.4-.7.7-1.4.7l.5-7L25.5 9.2c.6-.5-.1-.8-.9-.3l-15.8 10L2 16.7c-1.5-.5-1.5-1.5.3-2.2L28.9 4.3c1.3-.5 2.3.3 1.9 2.2z\"\/><\/svg><\/span><\/a><\/li><li class=\"shariff-button threema shariff-nocustomcolor shariff-mobile\" style=\"background-color:#4fbc24\"><a href=\"threema:\/\/compose?text=Wir%20Sch%C3%BCler%20%E2%80%93%20Unsere%20Jahrgangsstufe%20https%3A%2F%2Fschnebele.de%2F%3Fp%3D2912\" title=\"Bei Threema teilen\" aria-label=\"Bei Threema teilen\" role=\"button\" rel=\"noopener nofollow\" class=\"shariff-link\" style=\"; background-color:#1f1f1f; color:#fff\" target=\"_blank\"><span class=\"shariff-icon\" style=\"\"><svg width=\"32px\" height=\"20px\" xmlns=\"http:\/\/www.w3.org\/2000\/svg\" viewBox=\"0 0 32 32\"><path fill=\"#1f1f1f\" d=\"M30.8 10.9c-0.3-1.4-0.9-2.6-1.8-3.8-2-2.6-5.5-4.5-9.4-5.2-1.3-0.2-1.9-0.3-3.5-0.3s-2.2 0-3.5 0.3c-4 0.7-7.4 2.6-9.4 5.2-0.9 1.2-1.5 2.4-1.8 3.8-0.1 0.5-0.2 1.2-0.2 1.6 0 0.4 0.1 1.1 0.2 1.6 0.4 1.9 1.3 3.4 2.9 5 0.8 0.8 0.8 0.8 0.7 1.3 0 0.6-0.5 1.6-1.7 3.6-0.3 0.5-0.5 0.9-0.5 0.9 0 0.1 0.1 0.1 0.5 0 0.8-0.2 2.3-0.6 5.6-1.6 1.1-0.3 1.3-0.4 2.3-0.4 0.8 0 1.1 0 2.3 0.2 1.5 0.2 3.5 0.2 4.9 0 5.1-0.6 9.3-2.9 11.4-6.3 0.5-0.9 0.9-1.8 1.1-2.8 0.1-0.5 0.2-1.1 0.2-1.6 0-0.7-0.1-1.1-0.2-1.6-0.3-1.4 0.1 0.5 0 0zM20.6 17.3c0 0.4-0.4 0.8-0.8 0.8h-7.7c-0.4 0-0.8-0.4-0.8-0.8v-4.6c0-0.4 0.4-0.8 0.8-0.8h0.2l0-1.6c0-0.9 0-1.8 0.1-2 0.1-0.6 0.6-1.2 1.1-1.7s1.1-0.7 1.9-0.8c1.8-0.3 3.7 0.7 4.2 2.2 0.1 0.3 0.1 0.7 0.1 2.1v0 1.7h0.1c0.4 0 0.8 0.4 0.8 0.8v4.6zM15.6 7.3c-0.5 0.1-0.8 0.3-1.2 0.6s-0.6 0.8-0.7 1.3c0 0.2 0 0.8 0 1.5l0 1.2h4.6v-1.3c0-1 0-1.4-0.1-1.6-0.3-1.1-1.5-1.9-2.6-1.7zM25.8 28.2c0 1.2-1 2.2-2.1 2.2s-2.1-1-2.1-2.1c0-1.2 1-2.1 2.2-2.1s2.2 1 2.2 2.2zM18.1 28.2c0 1.2-1 2.2-2.1 2.2s-2.1-1-2.1-2.1c0-1.2 1-2.1 2.2-2.1s2.2 1 2.2 2.2zM10.4 28.2c0 1.2-1 2.2-2.1 2.2s-2.1-1-2.1-2.1c0-1.2 1-2.1 2.2-2.1s2.2 1 2.2 2.2z\"\/><\/svg><\/span><\/a><\/li><li class=\"shariff-button mailto shariff-nocustomcolor\" style=\"background-color:#a8a8a8\"><a href=\"mailto:?body=https%3A%2F%2Fschnebele.de%2F%3Fp%3D2912&subject=Wir%20Sch%C3%BCler%20%E2%80%93%20Unsere%20Jahrgangsstufe\" title=\"Per E-Mail versenden\" aria-label=\"Per E-Mail versenden\" role=\"button\" rel=\"noopener nofollow\" class=\"shariff-link\" style=\"; background-color:#999; color:#fff\"><span class=\"shariff-icon\" style=\"\"><svg width=\"32px\" height=\"20px\" xmlns=\"http:\/\/www.w3.org\/2000\/svg\" viewBox=\"0 0 32 32\"><path fill=\"#999\" d=\"M32 12.7v14.2q0 1.2-0.8 2t-2 0.9h-26.3q-1.2 0-2-0.9t-0.8-2v-14.2q0.8 0.9 1.8 1.6 6.5 4.4 8.9 6.1 1 0.8 1.6 1.2t1.7 0.9 2 0.4h0.1q0.9 0 2-0.4t1.7-0.9 1.6-1.2q3-2.2 8.9-6.1 1-0.7 1.8-1.6zM32 7.4q0 1.4-0.9 2.7t-2.2 2.2q-6.7 4.7-8.4 5.8-0.2 0.1-0.7 0.5t-1 0.7-0.9 0.6-1.1 0.5-0.9 0.2h-0.1q-0.4 0-0.9-0.2t-1.1-0.5-0.9-0.6-1-0.7-0.7-0.5q-1.6-1.1-4.7-3.2t-3.6-2.6q-1.1-0.7-2.1-2t-1-2.5q0-1.4 0.7-2.3t2.1-0.9h26.3q1.2 0 2 0.8t0.9 2z\"\/><\/svg><\/span><\/a><\/li><li class=\"shariff-button info shariff-nocustomcolor\" style=\"background-color:#eee\"><a href=\"http:\/\/ct.de\/-2467514\" title=\"Weitere Informationen\" aria-label=\"Weitere Informationen\" role=\"button\" rel=\"noopener \" class=\"shariff-link\" style=\"; background-color:#fff; color:#fff\" target=\"_blank\"><span class=\"shariff-icon\" style=\"\"><svg width=\"32px\" height=\"20px\" xmlns=\"http:\/\/www.w3.org\/2000\/svg\" viewBox=\"0 0 11 32\"><path fill=\"#999\" d=\"M11.4 24v2.3q0 0.5-0.3 0.8t-0.8 0.4h-9.1q-0.5 0-0.8-0.4t-0.4-0.8v-2.3q0-0.5 0.4-0.8t0.8-0.4h1.1v-6.8h-1.1q-0.5 0-0.8-0.4t-0.4-0.8v-2.3q0-0.5 0.4-0.8t0.8-0.4h6.8q0.5 0 0.8 0.4t0.4 0.8v10.3h1.1q0.5 0 0.8 0.4t0.3 0.8zM9.2 3.4v3.4q0 0.5-0.4 0.8t-0.8 0.4h-4.6q-0.4 0-0.8-0.4t-0.4-0.8v-3.4q0-0.4 0.4-0.8t0.8-0.4h4.6q0.5 0 0.8 0.4t0.4 0.8z\"\/><\/svg><\/span><\/a><\/li><\/ul><\/div>","protected":false},"author":1,"featured_media":3046,"comment_status":"open","ping_status":"open","sticky":false,"template":"","format":"standard","meta":{"ngg_post_thumbnail":0,"_jetpack_newsletter_access":"","_jetpack_dont_email_post_to_subs":false,"_jetpack_newsletter_tier_id":0,"_jetpack_memberships_contains_paywalled_content":false,"_jetpack_memberships_contains_paid_content":false,"footnotes":""},"categories":[9],"tags":[46,49,111,47,133,23,134,48],"class_list":["post-2912","post","type-post","status-publish","format-standard","has-post-thumbnail","hentry","category-schueler","tag-abi78","tag-abitur","tag-differenzierte-oberstufe","tag-hollenberg-gymnasium","tag-jahtgangsstufe","tag-schnebele","tag-schueler","tag-waldbroel"],"jetpack_featured_media_url":"https:\/\/schnebele.de\/wp-content\/uploads\/2017\/05\/Sch\u00fcler-Header.jpg","jetpack_shortlink":"https:\/\/wp.me\/p8GLvb-KY","jetpack-related-posts":[],"jetpack_sharing_enabled":true,"_links":{"self":[{"href":"https:\/\/schnebele.de\/index.php?rest_route=\/wp\/v2\/posts\/2912","targetHints":{"allow":["GET"]}}],"collection":[{"href":"https:\/\/schnebele.de\/index.php?rest_route=\/wp\/v2\/posts"}],"about":[{"href":"https:\/\/schnebele.de\/index.php?rest_route=\/wp\/v2\/types\/post"}],"author":[{"embeddable":true,"href":"https:\/\/schnebele.de\/index.php?rest_route=\/wp\/v2\/users\/1"}],"replies":[{"embeddable":true,"href":"https:\/\/schnebele.de\/index.php?rest_route=%2Fwp%2Fv2%2Fcomments&post=2912"}],"version-history":[{"count":142,"href":"https:\/\/schnebele.de\/index.php?rest_route=\/wp\/v2\/posts\/2912\/revisions"}],"predecessor-version":[{"id":6397,"href":"https:\/\/schnebele.de\/index.php?rest_route=\/wp\/v2\/posts\/2912\/revisions\/6397"}],"wp:featuredmedia":[{"embeddable":true,"href":"https:\/\/schnebele.de\/index.php?rest_route=\/wp\/v2\/media\/3046"}],"wp:attachment":[{"href":"https:\/\/schnebele.de\/index.php?rest_route=%2Fwp%2Fv2%2Fmedia&parent=2912"}],"wp:term":[{"taxonomy":"category","embeddable":true,"href":"https:\/\/schnebele.de\/index.php?rest_route=%2Fwp%2Fv2%2Fcategories&post=2912"},{"taxonomy":"post_tag","embeddable":true,"href":"https:\/\/schnebele.de\/index.php?rest_route=%2Fwp%2Fv2%2Ftags&post=2912"}],"curies":[{"name":"wp","href":"https:\/\/api.w.org\/{rel}","templated":true}]}}