{"id":2845,"date":"2017-05-09T05:48:03","date_gmt":"2017-05-09T05:48:03","guid":{"rendered":"http:\/\/schnebele.de\/?p=2845"},"modified":"2025-08-06T08:03:25","modified_gmt":"2025-08-06T08:03:25","slug":"verstorbene-mitschueler","status":"publish","type":"post","link":"https:\/\/schnebele.de\/?p=2845","title":{"rendered":"Verstorbene Mitsch\u00fcler"},"content":{"rendered":"<p><img loading=\"lazy\" decoding=\"async\" class=\"alignnone wp-image-2856 size-full\" src=\"http:\/\/schnebele.de\/wp-content\/uploads\/2017\/05\/Verstorben-Header.jpg\" alt=\"\" width=\"564\" height=\"399\" srcset=\"https:\/\/schnebele.de\/wp-content\/uploads\/2017\/05\/Verstorben-Header.jpg 564w, https:\/\/schnebele.de\/wp-content\/uploads\/2017\/05\/Verstorben-Header-300x212.jpg 300w, https:\/\/schnebele.de\/wp-content\/uploads\/2017\/05\/Verstorben-Header-212x150.jpg 212w, https:\/\/schnebele.de\/wp-content\/uploads\/2017\/05\/Verstorben-Header-150x106.jpg 150w\" sizes=\"auto, (max-width: 564px) 100vw, 564px\" \/><\/p>\n<p><strong>\u201cNur wer vergessen wird, ist wirklich tot!\u201d<\/strong><\/p>\n<p>Bedauerlicherweise sind einige unserer Mitsch\u00fcler(innen) schon w\u00e4hrend der Schulzeit verstorben.<br \/>\n&#8222;Die Einschl\u00e4ge kommen in k\u00fcrzeren Abst\u00e4nden&#8220; ist ein Spruch, den man immer wieder von der \u00e4lteren Generation h\u00f6rt, als junger Mensch aber beflissentlich ignoriert.<br \/>\nErst wenn man selber die Vierzig, die F\u00fcnfzig oder die Sechzig erreicht hat, wird dieser Spruch ein Teil seines eigenen Lebens.<\/p>\n<p>Alle unsere Mitsch\u00fcler, die bereits gestorben sind, sind definitiv viel zu fr\u00fch von uns gegangen.<br \/>\nAber, was bedeutet &#8222;zu fr\u00fch&#8220;? Ist man mit siebzig in einem Alter, in dem das Sterben &#8222;OK&#8220; ist? Oder doch erst mit achzig?<\/p>\n<p>Ich mag nicht wirklich dar\u00fcber nachdenken und schiebe dieses Thema, sofern es m\u00f6glich ist, weit von mir weg&#8230;<br \/>\nAber: &#8222;Die Einschl\u00e4ge kommen in k\u00fcrzeren Abst\u00e4nden!&#8220;<\/p>\n<p>Unsere verstorbenen Mitsch\u00fcler sind aber ein Teil unserer Jahrgangsstufen-Gemeinschaft; ob sie nun noch unseren Schulabschluss miterlebt haben oder schon vorher gestorben sind.<br \/>\nUnd auch unsere Lehrer, die uns einen Teil unseres Lebens begleitet haben und nicht mehr leben, m\u00f6chte ich an dieser Stelle auch nicht unerw\u00e4hnt lassen.<\/p>\n<p><strong>Wir werden Euch nicht vergessen!<\/strong><\/p>\n<p>&nbsp;<br \/>\n&nbsp;<\/p>\n<p><strong>Barbara Willach<br \/>\n<\/strong>gestorben 1971<br \/>\nBarbara kannte ich pers\u00f6nlich nicht; soviel ich wei\u00df, kam sie aus Ruppichteroth.<br \/>\nSie war in der Parallelklasse, in welcher, kann ich auch nicht sagen. Vielleicht kann mir einer von Euch da weiterhelfen.<br \/>\nVon Inga Becher erhielt ich im M\u00e4rz 2021 folgende Erg\u00e4nzung:<br \/>\n<span style=\"color: #3366ff;\"><em>&#8222;Zu Barbara Willach ist mir folgendes eingefallen: Sie ist, soweit ich mich erinnere, in Ruppichteroth beim \u00dcberqueren der Stra\u00dfe t\u00f6dlich verungl\u00fcckt. Sie war auf dem Schulweg.&#8220;<\/em><\/span><\/p>\n<p>&nbsp;<\/p>\n<p><strong>Cordula Baldus<br \/>\n<\/strong>gestorben Mitte der Siebziger<br \/>\nCordula war in der &#8222;b&#8220;, also in meiner Klasse.<br \/>\nSie war in der Clique von Birgit Br\u00fcck, Heike Huppelsberg, Heike Pippert&nbsp;und Birgit Dohrmann soviel ich wei\u00df.<br \/>\nSie erkrankte schon w\u00e4hrend der Unterstufen-Phase an Krebs, war lange Zeit im Krankenhaus und kam dann nach vielen Wochen wieder in die Schule.<br \/>\nDen Kampf gegen den Krebs hat sie aber leider verloren.<\/p>\n<p>&nbsp;<\/p>\n<p><strong><img loading=\"lazy\" decoding=\"async\" class=\"alignnone wp-image-6306\" src=\"http:\/\/schnebele.de\/wp-content\/uploads\/2017\/05\/Braasch-edit.jpg\" alt=\"\" width=\"85\" height=\"90\"><br \/>\n<\/strong><strong>Friedhelm Braasch<\/strong><br \/>\ngestorben 17.05.2024<br \/>\nFriedhelm ist mit uns in der 5a eingeschult worden. Er war auch eine zeitlang in der Theatergruppe. Mit ihm haben wir die Kulissen f\u00fcr Bunburry gebaut. Er ist allerding lange vor dem Abi abgegangen<\/p>\n<p>&nbsp;<\/p>\n<p><strong><img loading=\"lazy\" decoding=\"async\" title=\"\" src=\"http:\/\/schnebele.de\/wp-content\/uploads\/2017\/05\/Bild0177.jpg\" alt=\"Bild0177.jpg\" width=\"90\" height=\"92\"><br \/>\nVolker Br\u00fcck<br \/>\n<\/strong>gestorben im Juli 1994<br \/>\nMit Volker war ich u.a. im Bio-Leistungskurs bei Dr. Wellershaus.<br \/>\nEr erz\u00e4hlte mir damals, dass er auf einem Rainbow Konzert war (muss so 1976 gewesen sein). Dabei hatte Gitarrist Ritchie Blackmore seine Stratocaster geschrottet und Volker hat den Gitarrenhals gefangen. Daf\u00fcr beneide ich ihn auch heute noch.<\/p>\n<p>&nbsp;<\/p>\n<p><strong><img loading=\"lazy\" decoding=\"async\" title=\"\" src=\"http:\/\/schnebele.de\/wp-content\/uploads\/2017\/05\/Bublis-2.jpg\" alt=\"Bublis-2.jpg\" width=\"90\" height=\"90\"><br \/>\nDirk Bublis<br \/>\n<\/strong>gestorben Anfang\/Mitte der Achziger<br \/>\nDirk war ein ganz ruhiger Vertreter und war &#8211; ich hoffe ich sage nichts Falsches &#8211; der Vetter von Gabriele Bublies.<br \/>\nLeider kann ich nicht viel mehr \u00fcber ich sagen; vielleicht hat einer von Euch noch etwas, was man hier erg\u00e4nzen k\u00f6nnte.<\/p>\n<p>&nbsp;<\/p>\n<p><strong><img decoding=\"async\" src=\"http:\/\/schnebele.de\/wp-content\/uploads\/2017\/05\/P5177897.jpg\"><br \/>\nUte \u201cOlli\u201d Freischl\u00e4ger<br \/>\n<\/strong>gestorben September 2013<br \/>\n&#8222;Olli&#8220; &#8211; ich wei\u00df gar nicht, wie Ute an diesen Spitznamen gekommen ist &#8211; war noch auf dem Jahrgangsstufentreffen 2008.<br \/>\nAls es um unser Treffen 2013 ging, kontaktierte mich ihre Schwester Anke, und erz\u00e4hlte mir, dass Ute sehr krank sei. Sie \u00fcberlegten wohl beide, wie sie es hinbekommen k\u00f6nnten, auch 2013 beim Treffen dabei zu sein, lie\u00dfen aber dann von der Idee ab.<br \/>\nIm September erhielt ich dann die Nachricht von Utes Tod.<\/p>\n<p>&nbsp;<\/p>\n<p><img loading=\"lazy\" decoding=\"async\" class=\"alignnone wp-image-3241 size-full\" src=\"http:\/\/schnebele.de\/wp-content\/uploads\/2017\/05\/Heinemann-Wolfgang-2008.jpg\" alt=\"\" width=\"90\" height=\"90\"><br \/>\n<strong>Wolfgang Heinemann<\/strong><br \/>\ngestorben am 30.April 2022<br \/>\nWolfgang ist an einem Herzinfarkt gestorben und &#8211; wie alle anderen auch &#8211; definitiv viel zu fr\u00fch von uns gegangen.<br \/>\nAn Wolfgang erinnert mich unsere Klassenfahrt nach Mosbach, wo wir im selben Zimmer untergebracht waren. Ich ahbe die Klassenfahrt mit einem Schlapphut angetreten, den meine Mutter ausgemustert hatte. Schlapph\u00fcte waren damals DER Renner. Wolfgang fand ihn so geil, dass er ihn mir schon auf der Hinfahrt nach Mosbach abgekauft hat<\/p>\n<p>&nbsp;<\/p>\n<p><img decoding=\"async\" src=\"http:\/\/schnebele.de\/wp-content\/uploads\/2017\/05\/Kappenstein-2013.jpg\"><br \/>\n<strong>Berthold &#8222;Berti&#8220; Kappenstein<\/strong><br \/>\ngestorben am 20. April 2023<br \/>\nBerti war ein ruhiger, besonnener und sehr beliebter Mitsch\u00fcler. Er wurde ohne Vorwarnung aus dem Leben gerissen. Kein Unfall, keine Krankheit; er ist einfach nicht mehr aufgewacht.<\/p>\n<p>&nbsp;<\/p>\n<p><img loading=\"lazy\" decoding=\"async\" class=\"alignnone size-full wp-image-3160\" src=\"http:\/\/schnebele.de\/wp-content\/uploads\/2017\/05\/Klein-Ulrike-4-2.jpg\" alt=\"\" width=\"88\" height=\"90\"><br \/>\n<strong>Ulrike Klein<\/strong><br \/>\nverstorben&nbsp; 05. August 2025<br \/>\nIch war mit Ulrike in der &#8222;Budapest Clique&#8220; und wir hatten auch privat viel Kontakt. Ich bin geschockt und fassungslos.&nbsp;<\/p>\n<p>&nbsp;<\/p>\n<p><img loading=\"lazy\" decoding=\"async\" class=\"alignnone size-full wp-image-6346\" src=\"http:\/\/schnebele.de\/wp-content\/uploads\/2017\/05\/Helma.jpg\" alt=\"\" width=\"90\" height=\"90\"><br \/>\n<strong>Helma Lipschitz<\/strong><br \/>\ngestorben 04. Juni 2024<br \/>\nGabriele Prinz, die mich \u00fcber den Tod von Helma informiert hat, glaubt, dass sie in der &#8222;D&#8220; gewesen ist&#8230; Bin selber leider \u00fcberfragt<\/p>\n<p>&nbsp;<\/p>\n<p><img loading=\"lazy\" decoding=\"async\" class=\"alignnone size-full wp-image-6388\" src=\"http:\/\/schnebele.de\/wp-content\/uploads\/2017\/05\/Stefan.jpg\" alt=\"\" width=\"90\" height=\"90\"><br \/>\n<strong>Stefan Mortsiefer<\/strong><br \/>\ngestorben 01. August 2025<\/p>\n<p>&nbsp;<\/p>\n<p><strong><img decoding=\"async\" src=\"http:\/\/schnebele.de\/wp-content\/uploads\/2017\/05\/P5177888.jpg\"><br \/>\nSabine Suing (geb. Hartmann)<br \/>\n<\/strong>gestorben am 11. September 2015<br \/>\nSabine war meines Wissens in der &#8222;c&#8220; und nicht bis zum Abi dabei.<br \/>\nIrgendwann schrieb sie mich an &#8211; es war glaube ich Anfang 1998 &#8211; und fragte mich, ob sie denn zu unserem Treffen, welches wir damals beim Jugoslawen am Boxberg abhielten, auch kommen d\u00fcrfe.<br \/>\nVon da an war sie glaube ich jedes Treffen dabei und hat sich sehr gefreut, viele alte Freunde wiederzutreffen.<\/p>\n<p>&nbsp;<\/p>\n<p><img loading=\"lazy\" decoding=\"async\" class=\"alignnone size-full wp-image-4792\" src=\"http:\/\/schnebele.de\/wp-content\/uploads\/2017\/05\/Hertel-Liane-alt-1.jpg\" alt=\"\" width=\"90\" height=\"90\"><br \/>\n<strong>Liane Hertel<\/strong><br \/>\ngestorben am 11.11.2017<br \/>\nLiane war in der &#8222;b&#8220; und hat die Schule, wenn ich mich recht erinnere, zur mittleren Reife verlassen.<br \/>\nJahrelang hatte ich keinen Kontakt mehr zu ihr, hab es aber irgendwie auf die Reihe gekriegt, sie kurz vor dem Treffen 2013 wiederzufinden.<br \/>\nGerne war sie dann auch in der Klus dabei und ich bin wirklich froh, dass wir uns &#8211; wenn auch nur kurz &#8211; wiedergefunden haben<\/p>\n<p>&nbsp;<\/p>\n<p><strong><img decoding=\"async\" src=\"http:\/\/schnebele.de\/wp-content\/uploads\/2017\/05\/Bild0047.jpg\"><br \/>\nKnuth Hoffmann<br \/>\n<\/strong>gestorben am 21.10.1989<br \/>\nKnuth war jemand, den man in keine Schublade stecken konnte: ein ganz eigener Typ.<br \/>\nMit ihm konnte man aber eine Menge Spa\u00df haben, auch wenn der Spa\u00df erst im Nachhinein wirklich lustig wurde.<br \/>\nIch erinnere an unsere Klassenfahrt nach Mosbach; in einem Zimmer mit Uli Wahl, Uli Domke, Uli Jacobs, Wolfgang Heinemann und mir hat sich Knuth eines Abends ziemlich abgeschossen und fing an, lauthals &#8222;Multo multo Grande&#8230;&#8220; zu singen.<br \/>\nIm Laufe der Nacht wurde es dann, sagen wir mal, sehr hektisch im Zimmer. Nur meinereiner hat alles verschlafen&#8230;<\/p>\n<p>&nbsp;<\/p>\n<p><img loading=\"lazy\" decoding=\"async\" class=\"alignnone wp-image-3150 size-full\" src=\"http:\/\/schnebele.de\/wp-content\/uploads\/2017\/05\/Immi-Rainer-aktuell-1.jpg\" alt=\"\" width=\"90\" height=\"90\"><br \/>\n<strong>Rainer &#8222;Immi 2 &#8220; Imh\u00e4user<\/strong><br \/>\ngestorben am 27. November 2018<br \/>\nSo kurz vor Ende des Jahres 2018 erreicht mich die traurige Nachricht von Rainer&#8217;s Tod. Er und sein Bruder kamen erst in der Oberstufe in unsere Jahrgangsstufe. Rainer war ein sehr fr\u00f6hlicher und zufriedener Mensch; so erschien es auf alle F\u00e4lle immer.<\/p>\n<p>&nbsp;<\/p>\n<p><strong><img decoding=\"async\" src=\"http:\/\/schnebele.de\/wp-content\/uploads\/2017\/05\/088.jpg\"><br \/>\nUschi Keller, verheiratete Herder<br \/>\n<\/strong>gestorben 27. August 2006<br \/>\nIch selbst hatte mit Uschi nicht allzu viel pers\u00f6nlichen Kontakt. Sie war auch&nbsp;sehr ruhige und ausgeglichenen. Sich Uschi sauer oder \u00e4rgerlich vorzustellen ist unm\u00f6glich.<\/p>\n<p>&nbsp;<\/p>\n<p><strong><img decoding=\"async\" src=\"http:\/\/schnebele.de\/wp-content\/uploads\/2017\/05\/krebs.jpg\"><br \/>\nSigrid Krebs<br \/>\n<\/strong>gestorben 05. Februar 2008<br \/>\nSigrid war in der &#8222;c&#8220; und meines Wissens irgendwann in der Mittelstufe abgegangen; vielleicht war es auch nach der zehnten Klasse, als so einige von uns mit der Mittleren Reife ihre Schulzeit ad acta legten.<\/p>\n<p>&nbsp;<\/p>\n<p><strong>Rolf Mauel<br \/>\n<\/strong>gestorben 2008\/2009<br \/>\nAn Rolf kann ich mich nur sehr sehr vage erinnern. Ich habe auch keine Ahnung, wann er in unsere Jahrjangfsstufe gekommen ist.<br \/>\nWar er ein &#8222;Sitzenbleiber&#8220;&nbsp;oder von der Realschule zu uns gewechselt?<br \/>\nVielleicht k\u00f6nnt Ihr mir helfen&#8230;<\/p>\n<p>&nbsp;<\/p>\n<p><strong><img loading=\"lazy\" decoding=\"async\" title=\"\" src=\"http:\/\/schnebele.de\/wp-content\/uploads\/2017\/05\/Bild0048.jpg\" alt=\"Bild0048.jpg\" width=\"90\" height=\"92\"><br \/>\nSabine Ring<br \/>\n<\/strong>gestorben September 2003<br \/>\nSicher nicht nur f\u00fcr mich kam die Nachricht vom Tod von Sabine Ring, die sehr auf Cat Stevens stand, &nbsp;unerwartet und pl\u00f6tzlich.<\/p>\n<p>&nbsp;<\/p>\n<p><img loading=\"lazy\" decoding=\"async\" class=\"alignnone size-full wp-image-6318\" src=\"http:\/\/schnebele.de\/wp-content\/uploads\/2017\/05\/Rogge.jpg\" alt=\"\" width=\"88\" height=\"90\"><br \/>\n<strong>Klaus Rogge<\/strong><br \/>\nVerstorben Juni 2024; leider habe ich Klaus nie finden k\u00f6nnen, um mit ihm zusammen ein Jahrgangsstufentreffen zu feiern<\/p>\n<p>&nbsp;<\/p>\n<p><strong><img loading=\"lazy\" decoding=\"async\" class=\"alignnone wp-image-4782\" src=\"http:\/\/schnebele.de\/wp-content\/uploads\/2017\/05\/12096007_10200761595199827_5407362494114633761_n.jpg\" alt=\"\" width=\"90\" height=\"90\"><br \/>\n&nbsp;<\/strong><strong>Sabine Schumacher<br \/>\n<\/strong>gestorben 1977<br \/>\nIch werde nie den Morgen vergessen, als ich in die Schule kam und \u00fcberall weinende Mitsch\u00fcler antraf.<br \/>\nSabine war mit ihrem Freund am Vortag&nbsp;mit dem Motorrad t\u00f6dlich verungl\u00fcckt.<br \/>\nGerade, wenn jemand durch einen Unfall aus dem Leben scheidet, dann ist dass so derma\u00dfen unfassbar, schrecklich, dass es einem noch mehr das Herz zerrei\u00dft, als wenn jemand an einer Krankheit stirbt. Man hat halt keine M\u00f6glichkeit, sich zu verabschieden, sich selber darauf einzustellen, vorzubereiten.<\/p>\n<p>&nbsp;<\/p>\n<p><img loading=\"lazy\" decoding=\"async\" class=\"alignnone wp-image-6334\" src=\"http:\/\/schnebele.de\/wp-content\/uploads\/2017\/05\/ayala.jpg\" alt=\"\" width=\"90\" height=\"103\"><br \/>\n<strong>Ulrich Wahl<\/strong><br \/>\ngestorben 07. Oktober 2024<br \/>\nDer Tod von Uli &#8222;Ayala&#8220; Wahl hat mich sehr schockiert. In der Schulzeit wurde er &#8222;Ayala&#8220; genannt, nach dem Argentinischen Fu\u00dfballspieler. Beide hatten eine \u00e4hnliche Frisur&#8230;.<\/p>\n<p>&nbsp;<\/p>\n<p><strong><img decoding=\"async\" src=\"http:\/\/schnebele.de\/wp-content\/uploads\/2017\/05\/P5177848.jpg\"><br \/>\nPeter Weiss<br \/>\n<\/strong>gestorben November 2009<br \/>\nAm 17. Mai 2008 war Peter noch bei unserm Jahrgangsstufentreffen dabei.<br \/>\nMit Eva Schneider arbeitete er an einer &#8222;Online AD HOC&#8220; Geschichte, quasi, die Fortf\u00fchrung unser alten Sch\u00fclerzeitung, bei der er zu Schulzeiten auch mitgearbeitet hatte.<br \/>\nDie ersten Schritte konnte ich noch in unsere Homepage integrieren&#8230;.<\/p>\n<p>&nbsp;<\/p>\n<p><strong><img decoding=\"async\" src=\"http:\/\/schnebele.de\/wp-content\/uploads\/2017\/05\/Bild0032.jpg\"><br \/>\nStefan &#8222;Eule&#8220;&nbsp;Zimmermann<br \/>\n<\/strong>gestorben Anfang der Neunziger<br \/>\nOhne Eule w\u00fcrde es wahrscheinlich unsere Treffen alle f\u00fcnf Jahre nicht geben.<br \/>\nSchon direkt nach der Schulzeit organisierte er j\u00e4hrlich diese Zusammenk\u00fcnfte. Als er tot war, gab es auch keine Treffen mehr.<br \/>\nEs sollten noch so einige Jahre ins Land gehen, als ich bei einer meiner langen Gesch\u00e4ftsreisen Oldies aus den Siebzigern h\u00f6rte und an Eule denken musste. Damals entschloss ich mich, sein Erbe anzutreten und uns in regelm\u00e4\u00dfigen Abst\u00e4nden wieder zusammenzubringen.<\/p>\n","protected":false},"excerpt":{"rendered":"<p>\u201cNur wer vergessen wird, ist wirklich tot!\u201d Bedauerlicherweise sind einige unserer Mitsch\u00fcler(innen) schon w\u00e4hrend der Schulzeit verstorben. &#8222;Die Einschl\u00e4ge kommen in k\u00fcrzeren Abst\u00e4nden&#8220; ist ein Spruch, den man immer wieder von der \u00e4lteren Generation h\u00f6rt, als junger Mensch aber beflissentlich ignoriert. Erst wenn man selber die Vierzig, die F\u00fcnfzig oder <a class=\"continue-reading-link\" href=\"https:\/\/schnebele.de\/?p=2845\">Weiterlesen!<\/a><\/p>\n<div class=\"shariff shariff-align-left shariff-widget-align-left\"><ul class=\"shariff-buttons theme-round orientation-horizontal buttonsize-medium\"><li class=\"shariff-button facebook shariff-nocustomcolor\" style=\"background-color:#4273c8\"><a href=\"https:\/\/www.facebook.com\/sharer\/sharer.php?u=https%3A%2F%2Fschnebele.de%2F%3Fp%3D2845\" title=\"Bei Facebook teilen\" aria-label=\"Bei Facebook teilen\" role=\"button\" rel=\"nofollow\" class=\"shariff-link\" style=\"; background-color:#3b5998; color:#fff\" target=\"_blank\"><span class=\"shariff-icon\" style=\"\"><svg width=\"32px\" height=\"20px\" xmlns=\"http:\/\/www.w3.org\/2000\/svg\" viewBox=\"0 0 18 32\"><path fill=\"#3b5998\" d=\"M17.1 0.2v4.7h-2.8q-1.5 0-2.1 0.6t-0.5 1.9v3.4h5.2l-0.7 5.3h-4.5v13.6h-5.5v-13.6h-4.5v-5.3h4.5v-3.9q0-3.3 1.9-5.2t5-1.8q2.6 0 4.1 0.2z\"\/><\/svg><\/span><\/a><\/li><li class=\"shariff-button twitter shariff-nocustomcolor\" style=\"background-color:#595959\"><a href=\"https:\/\/twitter.com\/share?url=https%3A%2F%2Fschnebele.de%2F%3Fp%3D2845&text=Verstorbene%20Mitsch%C3%BCler\" title=\"Bei X teilen\" aria-label=\"Bei X teilen\" role=\"button\" rel=\"noopener nofollow\" class=\"shariff-link\" style=\"; background-color:#000; color:#fff\" target=\"_blank\"><span class=\"shariff-icon\" style=\"\"><svg width=\"32px\" height=\"20px\" xmlns=\"http:\/\/www.w3.org\/2000\/svg\" viewBox=\"0 0 24 24\"><path fill=\"#000\" d=\"M14.258 10.152L23.176 0h-2.113l-7.747 8.813L7.133 0H0l9.352 13.328L0 23.973h2.113l8.176-9.309 6.531 9.309h7.133zm-2.895 3.293l-.949-1.328L2.875 1.56h3.246l6.086 8.523.945 1.328 7.91 11.078h-3.246zm0 0\"\/><\/svg><\/span><\/a><\/li><li class=\"shariff-button whatsapp shariff-nocustomcolor\" style=\"background-color:#5cbe4a\"><a href=\"https:\/\/api.whatsapp.com\/send?text=https%3A%2F%2Fschnebele.de%2F%3Fp%3D2845%20Verstorbene%20Mitsch%C3%BCler\" title=\"Bei Whatsapp teilen\" aria-label=\"Bei Whatsapp teilen\" role=\"button\" rel=\"noopener nofollow\" class=\"shariff-link\" style=\"; background-color:#34af23; color:#fff\" target=\"_blank\"><span class=\"shariff-icon\" style=\"\"><svg width=\"32px\" height=\"20px\" xmlns=\"http:\/\/www.w3.org\/2000\/svg\" viewBox=\"0 0 32 32\"><path fill=\"#34af23\" d=\"M17.6 17.4q0.2 0 1.7 0.8t1.6 0.9q0 0.1 0 0.3 0 0.6-0.3 1.4-0.3 0.7-1.3 1.2t-1.8 0.5q-1 0-3.4-1.1-1.7-0.8-3-2.1t-2.6-3.3q-1.3-1.9-1.3-3.5v-0.1q0.1-1.6 1.3-2.8 0.4-0.4 0.9-0.4 0.1 0 0.3 0t0.3 0q0.3 0 0.5 0.1t0.3 0.5q0.1 0.4 0.6 1.6t0.4 1.3q0 0.4-0.6 1t-0.6 0.8q0 0.1 0.1 0.3 0.6 1.3 1.8 2.4 1 0.9 2.7 1.8 0.2 0.1 0.4 0.1 0.3 0 1-0.9t0.9-0.9zM14 26.9q2.3 0 4.3-0.9t3.6-2.4 2.4-3.6 0.9-4.3-0.9-4.3-2.4-3.6-3.6-2.4-4.3-0.9-4.3 0.9-3.6 2.4-2.4 3.6-0.9 4.3q0 3.6 2.1 6.6l-1.4 4.2 4.3-1.4q2.8 1.9 6.2 1.9zM14 2.2q2.7 0 5.2 1.1t4.3 2.9 2.9 4.3 1.1 5.2-1.1 5.2-2.9 4.3-4.3 2.9-5.2 1.1q-3.5 0-6.5-1.7l-7.4 2.4 2.4-7.2q-1.9-3.2-1.9-6.9 0-2.7 1.1-5.2t2.9-4.3 4.3-2.9 5.2-1.1z\"\/><\/svg><\/span><\/a><\/li><li class=\"shariff-button telegram shariff-nocustomcolor\" style=\"background-color:#4084A6\"><a href=\"https:\/\/telegram.me\/share\/url?url=https%3A%2F%2Fschnebele.de%2F%3Fp%3D2845&text=Verstorbene%20Mitsch%C3%BCler\" title=\"Bei Telegram teilen\" aria-label=\"Bei Telegram teilen\" role=\"button\" rel=\"noopener nofollow\" class=\"shariff-link\" style=\"; background-color:#0088cc; color:#fff\" target=\"_blank\"><span class=\"shariff-icon\" style=\"\"><svg width=\"32px\" height=\"20px\" xmlns=\"http:\/\/www.w3.org\/2000\/svg\" viewBox=\"0 0 32 32\"><path fill=\"#0088cc\" d=\"M30.8 6.5l-4.5 21.4c-.3 1.5-1.2 1.9-2.5 1.2L16.9 24l-3.3 3.2c-.4.4-.7.7-1.4.7l.5-7L25.5 9.2c.6-.5-.1-.8-.9-.3l-15.8 10L2 16.7c-1.5-.5-1.5-1.5.3-2.2L28.9 4.3c1.3-.5 2.3.3 1.9 2.2z\"\/><\/svg><\/span><\/a><\/li><li class=\"shariff-button threema shariff-nocustomcolor shariff-mobile\" style=\"background-color:#4fbc24\"><a href=\"threema:\/\/compose?text=Verstorbene%20Mitsch%C3%BCler%20https%3A%2F%2Fschnebele.de%2F%3Fp%3D2845\" title=\"Bei Threema teilen\" aria-label=\"Bei Threema teilen\" role=\"button\" rel=\"noopener nofollow\" class=\"shariff-link\" style=\"; background-color:#1f1f1f; color:#fff\" target=\"_blank\"><span class=\"shariff-icon\" style=\"\"><svg width=\"32px\" height=\"20px\" xmlns=\"http:\/\/www.w3.org\/2000\/svg\" viewBox=\"0 0 32 32\"><path fill=\"#1f1f1f\" d=\"M30.8 10.9c-0.3-1.4-0.9-2.6-1.8-3.8-2-2.6-5.5-4.5-9.4-5.2-1.3-0.2-1.9-0.3-3.5-0.3s-2.2 0-3.5 0.3c-4 0.7-7.4 2.6-9.4 5.2-0.9 1.2-1.5 2.4-1.8 3.8-0.1 0.5-0.2 1.2-0.2 1.6 0 0.4 0.1 1.1 0.2 1.6 0.4 1.9 1.3 3.4 2.9 5 0.8 0.8 0.8 0.8 0.7 1.3 0 0.6-0.5 1.6-1.7 3.6-0.3 0.5-0.5 0.9-0.5 0.9 0 0.1 0.1 0.1 0.5 0 0.8-0.2 2.3-0.6 5.6-1.6 1.1-0.3 1.3-0.4 2.3-0.4 0.8 0 1.1 0 2.3 0.2 1.5 0.2 3.5 0.2 4.9 0 5.1-0.6 9.3-2.9 11.4-6.3 0.5-0.9 0.9-1.8 1.1-2.8 0.1-0.5 0.2-1.1 0.2-1.6 0-0.7-0.1-1.1-0.2-1.6-0.3-1.4 0.1 0.5 0 0zM20.6 17.3c0 0.4-0.4 0.8-0.8 0.8h-7.7c-0.4 0-0.8-0.4-0.8-0.8v-4.6c0-0.4 0.4-0.8 0.8-0.8h0.2l0-1.6c0-0.9 0-1.8 0.1-2 0.1-0.6 0.6-1.2 1.1-1.7s1.1-0.7 1.9-0.8c1.8-0.3 3.7 0.7 4.2 2.2 0.1 0.3 0.1 0.7 0.1 2.1v0 1.7h0.1c0.4 0 0.8 0.4 0.8 0.8v4.6zM15.6 7.3c-0.5 0.1-0.8 0.3-1.2 0.6s-0.6 0.8-0.7 1.3c0 0.2 0 0.8 0 1.5l0 1.2h4.6v-1.3c0-1 0-1.4-0.1-1.6-0.3-1.1-1.5-1.9-2.6-1.7zM25.8 28.2c0 1.2-1 2.2-2.1 2.2s-2.1-1-2.1-2.1c0-1.2 1-2.1 2.2-2.1s2.2 1 2.2 2.2zM18.1 28.2c0 1.2-1 2.2-2.1 2.2s-2.1-1-2.1-2.1c0-1.2 1-2.1 2.2-2.1s2.2 1 2.2 2.2zM10.4 28.2c0 1.2-1 2.2-2.1 2.2s-2.1-1-2.1-2.1c0-1.2 1-2.1 2.2-2.1s2.2 1 2.2 2.2z\"\/><\/svg><\/span><\/a><\/li><li class=\"shariff-button mailto shariff-nocustomcolor\" style=\"background-color:#a8a8a8\"><a href=\"mailto:?body=https%3A%2F%2Fschnebele.de%2F%3Fp%3D2845&subject=Verstorbene%20Mitsch%C3%BCler\" title=\"Per E-Mail versenden\" aria-label=\"Per E-Mail versenden\" role=\"button\" rel=\"noopener nofollow\" class=\"shariff-link\" style=\"; background-color:#999; color:#fff\"><span class=\"shariff-icon\" style=\"\"><svg width=\"32px\" height=\"20px\" xmlns=\"http:\/\/www.w3.org\/2000\/svg\" viewBox=\"0 0 32 32\"><path fill=\"#999\" d=\"M32 12.7v14.2q0 1.2-0.8 2t-2 0.9h-26.3q-1.2 0-2-0.9t-0.8-2v-14.2q0.8 0.9 1.8 1.6 6.5 4.4 8.9 6.1 1 0.8 1.6 1.2t1.7 0.9 2 0.4h0.1q0.9 0 2-0.4t1.7-0.9 1.6-1.2q3-2.2 8.9-6.1 1-0.7 1.8-1.6zM32 7.4q0 1.4-0.9 2.7t-2.2 2.2q-6.7 4.7-8.4 5.8-0.2 0.1-0.7 0.5t-1 0.7-0.9 0.6-1.1 0.5-0.9 0.2h-0.1q-0.4 0-0.9-0.2t-1.1-0.5-0.9-0.6-1-0.7-0.7-0.5q-1.6-1.1-4.7-3.2t-3.6-2.6q-1.1-0.7-2.1-2t-1-2.5q0-1.4 0.7-2.3t2.1-0.9h26.3q1.2 0 2 0.8t0.9 2z\"\/><\/svg><\/span><\/a><\/li><li class=\"shariff-button info shariff-nocustomcolor\" style=\"background-color:#eee\"><a href=\"http:\/\/ct.de\/-2467514\" title=\"Weitere Informationen\" aria-label=\"Weitere Informationen\" role=\"button\" rel=\"noopener \" class=\"shariff-link\" style=\"; background-color:#fff; color:#fff\" target=\"_blank\"><span class=\"shariff-icon\" style=\"\"><svg width=\"32px\" height=\"20px\" xmlns=\"http:\/\/www.w3.org\/2000\/svg\" viewBox=\"0 0 11 32\"><path fill=\"#999\" d=\"M11.4 24v2.3q0 0.5-0.3 0.8t-0.8 0.4h-9.1q-0.5 0-0.8-0.4t-0.4-0.8v-2.3q0-0.5 0.4-0.8t0.8-0.4h1.1v-6.8h-1.1q-0.5 0-0.8-0.4t-0.4-0.8v-2.3q0-0.5 0.4-0.8t0.8-0.4h6.8q0.5 0 0.8 0.4t0.4 0.8v10.3h1.1q0.5 0 0.8 0.4t0.3 0.8zM9.2 3.4v3.4q0 0.5-0.4 0.8t-0.8 0.4h-4.6q-0.4 0-0.8-0.4t-0.4-0.8v-3.4q0-0.4 0.4-0.8t0.8-0.4h4.6q0.5 0 0.8 0.4t0.4 0.8z\"\/><\/svg><\/span><\/a><\/li><\/ul><\/div>","protected":false},"author":1,"featured_media":2856,"comment_status":"open","ping_status":"open","sticky":false,"template":"","format":"standard","meta":{"ngg_post_thumbnail":0,"_jetpack_newsletter_access":"","_jetpack_dont_email_post_to_subs":false,"_jetpack_newsletter_tier_id":0,"_jetpack_memberships_contains_paywalled_content":false,"_jetpack_memberships_contains_paid_content":false,"footnotes":""},"categories":[17],"tags":[46,49,47,23,126,48],"class_list":["post-2845","post","type-post","status-publish","format-standard","has-post-thumbnail","hentry","category-verstorbene-mitschueler","tag-abi78","tag-abitur","tag-hollenberg-gymnasium","tag-schnebele","tag-verstorbene-mitschueler","tag-waldbroel"],"jetpack_featured_media_url":"https:\/\/schnebele.de\/wp-content\/uploads\/2017\/05\/Verstorben-Header.jpg","jetpack_shortlink":"https:\/\/wp.me\/p8GLvb-JT","jetpack-related-posts":[],"jetpack_sharing_enabled":true,"_links":{"self":[{"href":"https:\/\/schnebele.de\/index.php?rest_route=\/wp\/v2\/posts\/2845","targetHints":{"allow":["GET"]}}],"collection":[{"href":"https:\/\/schnebele.de\/index.php?rest_route=\/wp\/v2\/posts"}],"about":[{"href":"https:\/\/schnebele.de\/index.php?rest_route=\/wp\/v2\/types\/post"}],"author":[{"embeddable":true,"href":"https:\/\/schnebele.de\/index.php?rest_route=\/wp\/v2\/users\/1"}],"replies":[{"embeddable":true,"href":"https:\/\/schnebele.de\/index.php?rest_route=%2Fwp%2Fv2%2Fcomments&post=2845"}],"version-history":[{"count":33,"href":"https:\/\/schnebele.de\/index.php?rest_route=\/wp\/v2\/posts\/2845\/revisions"}],"predecessor-version":[{"id":6396,"href":"https:\/\/schnebele.de\/index.php?rest_route=\/wp\/v2\/posts\/2845\/revisions\/6396"}],"wp:featuredmedia":[{"embeddable":true,"href":"https:\/\/schnebele.de\/index.php?rest_route=\/wp\/v2\/media\/2856"}],"wp:attachment":[{"href":"https:\/\/schnebele.de\/index.php?rest_route=%2Fwp%2Fv2%2Fmedia&parent=2845"}],"wp:term":[{"taxonomy":"category","embeddable":true,"href":"https:\/\/schnebele.de\/index.php?rest_route=%2Fwp%2Fv2%2Fcategories&post=2845"},{"taxonomy":"post_tag","embeddable":true,"href":"https:\/\/schnebele.de\/index.php?rest_route=%2Fwp%2Fv2%2Ftags&post=2845"}],"curies":[{"name":"wp","href":"https:\/\/api.w.org\/{rel}","templated":true}]}}