{"id":2827,"date":"2017-05-08T13:15:43","date_gmt":"2017-05-08T13:15:43","guid":{"rendered":"http:\/\/schnebele.de\/?p=2827"},"modified":"2026-01-16T07:27:10","modified_gmt":"2026-01-16T07:27:10","slug":"unsere-lehrer","status":"publish","type":"post","link":"https:\/\/schnebele.de\/?p=2827","title":{"rendered":"Unsere Lehrer"},"content":{"rendered":"<p><img loading=\"lazy\" decoding=\"async\" class=\"alignnone wp-image-2783 size-full\" src=\"http:\/\/schnebele.de\/wp-content\/uploads\/2017\/05\/Lehrer-Header.jpg\" alt=\"\" width=\"564\" height=\"399\" srcset=\"https:\/\/schnebele.de\/wp-content\/uploads\/2017\/05\/Lehrer-Header.jpg 564w, https:\/\/schnebele.de\/wp-content\/uploads\/2017\/05\/Lehrer-Header-300x212.jpg 300w, https:\/\/schnebele.de\/wp-content\/uploads\/2017\/05\/Lehrer-Header-212x150.jpg 212w, https:\/\/schnebele.de\/wp-content\/uploads\/2017\/05\/Lehrer-Header-150x106.jpg 150w\" sizes=\"auto, (max-width: 564px) 100vw, 564px\" \/><\/p>\n<p>Es steht die gro\u00dfe Frage im Raum, wer wen ge\u00e4rgert hat: wir die Lehrer oder die Lehrer uns?<\/p>\n<p>Ich denke, ein bisschen von jedem ergibt das richtige Mittelma\u00df. Sicher ist, dass nach all den Jahren die positiven Erinnerungen \u00fcberwiegen &#8211; und die Geschichten, die uns zu Schulzeiten ge\u00e4rgert haben, sind heute nette Stories, die man inzwischen gerne ohne Groll zum Besten gibt&#8230;<\/p>\n<p>Es kann sein, dass ich den einen oder anderen Lehrer vergessen habe; dann gebt mir bitte Bescheid&#8230; (nat\u00fcrlich auch, wenn Ihr die eine oder andere Adresse ausfindig machen k\u00f6nnt).<\/p>\n<p>Auch bei den Lehrern habe ich versucht, alte Fotos aufzutreiben. Und diejenigen, die uns auch auf unseren Treffen besucht haben, erscheinen mit ihrem gegenw\u00e4rtigen Konterfei&#8230;<\/p>\n<p>Auf Grund immer h\u00e4ufiger auftretender Spam- und Phishing Aktionen im Netz habe ich mich dazu entschlossen, Adressen, Telefonnummern und Mailadressen von dieser Seite zu entfernen. Wer Interesse an Kontaktinformationen hat, kann diese gerne bei mir erfragen.<\/p>\n<p>&nbsp;<\/p>\n<p><strong>Pfarrer Bender<\/strong> wurde mir von Edgar Sch\u00f6pe nachgerecht. Er hat in unserer 5er und 6er Schulzeit evangelischen Religionsunterricht gegeben.<em> &#8222;Er hatte aus dem Krieg ein Holzbein, auf dem er hin und wieder mit den Fingern trommelte, wenn eine Antwort nicht schnell genug kam.&#8220;<\/em> (Edgar Sch\u00f6pe)<br \/>\nevangelische Religion&nbsp;<\/p>\n<p><strong><img loading=\"lazy\" decoding=\"async\" class=\"alignleft\" title=\"\" src=\"http:\/\/schnebele.de\/wp-content\/uploads\/2017\/05\/Bleichert.jpg\" alt=\"Bleichert.jpg\" width=\"90\" height=\"90\"><br \/>\nHans-Peter Bleichert<\/strong> lernte uns erst richtig w\u00e4hrend unserer Abifeier kennen.<br \/>\nEr machte den Fehler, Tom Gr\u00f6nebaum mit seiner Kohle Bier kaufen zu schicken. Wir waren voll, seine Geldb\u00f6rse leer<br \/>\nEnglisch, Erdkunde<\/p>\n<p>&nbsp;<\/p>\n<p><img loading=\"lazy\" decoding=\"async\" class=\"wp-image-5811 alignleft\" src=\"https:\/\/schnebele.de\/wp-content\/uploads\/2017\/05\/Bohle-Final-150x150.jpg\" alt=\"\" width=\"90\" height=\"90\" srcset=\"https:\/\/schnebele.de\/wp-content\/uploads\/2017\/05\/Bohle-Final-150x150.jpg 150w, https:\/\/schnebele.de\/wp-content\/uploads\/2017\/05\/Bohle-Final-300x300.jpg 300w, https:\/\/schnebele.de\/wp-content\/uploads\/2017\/05\/Bohle-Final-151x150.jpg 151w, https:\/\/schnebele.de\/wp-content\/uploads\/2017\/05\/Bohle-Final.jpg 542w\" sizes=\"auto, (max-width: 90px) 100vw, 90px\" \/><\/p>\n<p><strong>Friedrich Wilhelm Bohle<\/strong> wurde von Edgar Sch\u00f6pe &#8222;entdeckt&#8220;. Kaum einer konnte sich an diesen Lehrer erinnern. Rainer H\u00f6ffgen allerdings hat zu ihm ein paar wenige Erinnerungen aus dem Hirn gekramt: <em>&#8222;Ich erinnere mich l\u00fcckenhaft an unsere Mittelstufe und das Wahlfach P\u00e4dagogik \/ Psychologie. Psychologie hatte Herr Henrich oder? Dann hatte Herr Bohle mal einen Halbjahr mit P\u00e4dagogik&#8230;&#8220; (Rainer H\u00f6ffgen)<br \/>\n<\/em>verstorben 13.06.2020<br \/>\nP\u00e4dagogik, Erziehungswissenschaften<\/p>\n<p>&nbsp;<\/p>\n<p><strong><img loading=\"lazy\" decoding=\"async\" class=\"alignleft\" title=\"\" src=\"http:\/\/schnebele.de\/wp-content\/uploads\/2017\/05\/Breidenbach.jpg\" alt=\"Breidenbach.jpg\" width=\"90\" height=\"90\">Gerhard Breidenbach<\/strong> keiner konnte Caesars \u201cBello Gallico\u201d so fantastisch in s\u00e4chsisch, hessisch, bayrisch oder schw\u00e4bisch lesen<br \/>\nverstorben am 25.07.2000<br \/>\nLatein, Religion<\/p>\n<p>&nbsp;<\/p>\n<p><strong>Davis M. Bryant<\/strong> , Referendar aus England, unterrichtete 1971\/72; Klassenlehrer der &#8222;a&#8220;. Hatte in Mainz studiert, was man seinem Deutsch auch anh\u00f6rte<br \/>\nEnglisch<\/p>\n<p>&nbsp;<\/p>\n<p><strong>Jean Bryant<\/strong>, Referendarin aus England, unterrichtete 1971\/72<br \/>\nEnglisch<\/p>\n<p>&nbsp;<\/p>\n<p><strong>Eric James Coulsen<\/strong> hatte genau wie Michael Lomax einen seltsamen Status an unserer Schule; er gab 1 bis 2 Stunden Unterricht pro Woche<br \/>\nEnglisch<\/p>\n<p>&nbsp;<\/p>\n<p><strong><img loading=\"lazy\" decoding=\"async\" class=\"alignleft\" title=\"\" src=\"http:\/\/schnebele.de\/wp-content\/uploads\/2017\/05\/Dotterweich3.jpg\" alt=\"Dotterweich3.jpg\" width=\"90\" height=\"96\"><img loading=\"lazy\" decoding=\"async\" class=\"alignleft\" title=\"\" src=\"http:\/\/schnebele.de\/wp-content\/uploads\/2017\/05\/Dotterweich-2.jpg\" alt=\"Dotterweich-2.jpg\" width=\"90\" height=\"94\">Hans Dotterweich<\/strong> signierte seine Bilder mit Don Juan.<br \/>\nDer Theatergruppe verhalf er zu gigantischen B\u00fchnenbildern &#8211; man denke an \u201cDer Sommernachtstraum\u201d oder \u201cBunbury\u201d<\/p>\n<p><span style=\"color: #3366ff;\"><em>&#8222;Als wir 1976 das Jugendzentrum renovierten, war es Hans Dotterweich, der uns liebenswerterweise dabei anleitete, wie wir die &#8222;tropfenden Uhren&#8220; von Dali, Gem\u00e4lde von Kandinsky und anderes als Wandbemalung zustande bringen konnten. Ohne seine Hilfe h\u00e4tten wir das nicht so gut hinbekommen. Wir waren ihm sehr dankbar!<\/em>&#8222;<\/span> (<span style=\"color: #3366ff;\">Dieter Carstensen<\/span>)<\/p>\n<p>verstorben 03.11.1988<br \/>\nKunst<\/p>\n<p>&nbsp;<\/p>\n<p><strong>Harvey Dike<\/strong>, Australier auf europ\u00e4ischen Pfaden. Hatte bei ihm Anfang der 70er Englisch; hat sich aber nach ein\/zwei Jahren wieder vom Acker gemacht. War ein netter Typ, sehr unkompliziert. Das \u00e4nderte allerdings nichts an meinen schlechten Englischleistungen \ud83d\ude41<br \/>\nEnglisch<\/p>\n<p>&nbsp;<\/p>\n<p><strong>Erich Fletemeyer<\/strong> war Mathelehrer, als ich aufs Hollenberg Gymnasium kam und schon aller \u00e4ltestes Semester. Ich h\u00f6rte immer ganz schreckliche Geschichten \u00fcber ihn aus den anderen Klassen und war froh, dass ich ihn nie als Mathelehrer ertragen musste. Fletemeier war mir komplett entfallen, und erst <strong>Prof. Dr. Christian G. Meyer <\/strong>hat mich durch einen Kommentar auf dieser Seite wieder an ihn erinnert<br \/>\nMathe<\/p>\n<p>&nbsp;<\/p>\n<p><strong><img loading=\"lazy\" decoding=\"async\" class=\"alignleft\" title=\"\" src=\"http:\/\/schnebele.de\/wp-content\/uploads\/2017\/05\/Fritzsche.jpg\" alt=\"Fritzsche.jpg\" width=\"90\" height=\"90\">Paul Fritzsche<\/strong> seine nasale Sprechweise macht ihn zum vielzitiertesten Lehrer.<br \/>\nIch denke, seine Experimente im Physikunterricht werden wir nie vergessen.<br \/>\nPaul Fritzsche w\u00e4re die optimale Besetzung in jedem Paukerfilm der Sechziger und Siebziger gewesen.<br \/>\nIm Unterricht, speziell Mathe, der Horror. Aber die Anekdoten einfach g\u00f6ttlich. Bei ihm habe ich \u00fcbrigens als erster die Mathe Nachpr\u00fcfung in der 8 geschafft und somit bei ihm einen bleibenden Eindruck hinterlassen.<br \/>\nUnd noch eine Anekdote von Edgar Sch\u00f6pe: <span style=\"color: #3366ff;\"><em>Unvergessen die Physikstunde, als die Abiturienten sich vor der Stunde zwischen uns quetschen. PF kommt aus dem Vorbereitungsraum und die Abis singen: Wir wollen unseren alten Paule Fritzsche wiederham. <\/em><\/span><br \/>\n<span style=\"color: #3366ff;\"><em> Ihn traf der Schlag, zumal er die Klasse nach eigener Aussage nie unterrichtet hatte. Er verschwand also und wartete einige Zeit nebenan bis alle wieder weg waren.<\/em><\/span><br \/>\nVerstorben im April 2018<br \/>\nMathe, Physik&nbsp;&nbsp;<\/p>\n<p>&nbsp;<\/p>\n<p><strong>Jutta Funk<\/strong> wer sie nicht mochte, hatte verloren<br \/>\nIch hatte mit Frau Funk noch vor unserem Treffen im letzten Jahr (2018)&nbsp;telefoniert und sie klang \u2013 abgesehen von k\u00f6rperlichen Gebrechen (AOK Shopper-Abh\u00e4ngigkeit) \u2013 total fit und erfreute sich noch ihrer literarischen T\u00e4tigkeiten<\/p>\n<p><span style=\"color: #3366ff;\"><em>&#8222;Jutta Funk war meine erste Englisch-Lehrerin \u00fcberhaupt. Nach Kl. 5L und 6L musste ich aufgrund des miserablen Zeugnisses von der Lateinklasse des Herrn Weigel zur Englisch-Klasse 6E1&nbsp;unter der Leitung des Mathe-Lehrer\u00b4s&nbsp; Dr. Heinemann (was f\u00fcr ein toller Pauker!!) wechseln.<\/em><\/span><br \/>\n<span style=\"color: #3366ff;\"><em>War anfangs ziemlich hart, aber die Alternative w\u00e4re f\u00fcr mich gewesen, auf die Realschule zu wechseln. War das ein Theater damals!&nbsp;<\/em><\/span><br \/>\n<span style=\"color: #3366ff;\"><em>&#8222;Frl. Funk&#8220;s&nbsp; Launen waren manchmal mit Vorsicht zu genie\u00dfen, aber als Lehrerin hat sie\u00b4s drauf gehabt.<\/em><\/span><br \/>\n<span style=\"color: #3366ff;\"><em>&nbsp;Sie hat sich mehrmals bem\u00fcht, mich wieder auf Kurs zu bringen, wenn ich drohte, ab zu sacken. Wir kamen eigentlich immer gut miteinander aus.&#8220;<\/em> (Hans Peter Michels)<\/span><\/p>\n<p><span style=\"color: #3366ff;\"><em>&#8222;An Frau Funk erinnere ich mich noch sehr gut, sie war meine erste Englisch-Lehrerin.<\/em><\/span><br \/>\n<span style=\"color: #3366ff;\"><em>In den ersten Monaten hat sie mir immer gesagt, ich w\u00fcrde K\u00f6lsch-Englisch sprechen, ich solle doch bitte richtig Englisch sprechen. Meine Mutter hat ihr dann beim ersten Elternsprechtag mitgeteilt, dass ich meine Englischkenntnisse aus meinen ersten Lebensjahren in London mitgebracht habe, danach bin ich dann mit Frau Funk prima ausgekommen.<\/em><\/span><br \/>\n<span style=\"color: #3366ff;\"><em>Frau Funk muss aber ein stattliches Alter erreicht haben, sie war ja schon nicht mehr ganz jung als wir Unterricht bei ihr hatten.&#8220;<\/em> (Peter Stommel)<\/span><\/p>\n<p><span style=\"color: #3366ff;\"><em>&#8222;Frau Funk ist mir als strenge und von Standesd\u00fcnkel behaftete Lehrerin in Erinnerung. In der Quinta brachte sie es fertig zu sagen: &#8222;M\u00fcller (Der Vater war Arbeiter), Carstensen (meine Mutter war Di\u00e4tassistentin im Krankenhaus), habt Ihr Eure Hausaufgaben gemacht? Vorzeigen bitte&#8220;. Zu Klassenkamerad Ralf R\u00f6ttgen, Zahnarztsohn, sagte sie: &#8222;Ralf, sage Deinem Vater bitte, ich brauche einen Termin&#8220; &#8211; nach seinen Hausaufgaben fragte sie nie.&nbsp;<\/em><\/span><br \/>\n<span style=\"color: #3366ff;\"><em>Komischerweise haben sich Frau Funk, unser Kunstlehrer Prof. Wilke und meine Mutter Jahre sp\u00e4ter \u00fcber Kunstreisen der Volkshochschule miteinander angefreundet. Meine Mutter und Frau Funk haben in S\u00fcdfrankreich sogar das Zimmer miteinander geteilt. Ich muss zugeben, mit allem h\u00e4tte ich gerechnet, aber damit nicht.&#8220;<\/em> <\/span>(<span style=\"color: #3366ff;\">Dieter Carstensen<\/span>)<\/p>\n<p>Verstorben am 26.02.2019<br \/>\nEnglisch, Franz\u00f6sisch<\/p>\n<p>&nbsp;<\/p>\n<p><strong><img loading=\"lazy\" decoding=\"async\" class=\"alignleft\" title=\"\" src=\"http:\/\/schnebele.de\/wp-content\/uploads\/2017\/05\/Geisler.jpg\" alt=\"Geisler.jpg\" width=\"90\" height=\"90\">Karl Geisler<\/strong> habe nen Aussetzer &#8211; vielleicht kann mir jemand nen Tip geben.<br \/>\nIch wei\u00df nur, dass er uns 1976 in der Skifreizeit begleitet hat; wenn ich mich recht erinnere mit Frau und kleiner Tochter<\/p>\n<p><span style=\"color: #3366ff;\"><em>&#8222;Zu Karl Geisler f\u00e4llt mir ein Satz ein, den er jedesmal zu Beginn des Sports als Einleitung zu den unverzichtbaren Aufw\u00e4rm-\u00dcbungen von sich gab: \u201cUnd nun eine KATEGORISCHE Leichtathletik-\u00dcbung!\u201c<\/em><\/span><br \/>\n<span style=\"color: #3366ff;\"><em>Hab mich lange gefragt, wie er das wohl meint\u2026 War ein angenehmer und fairer Sport-Lehrer. Gegen ihn war Hr. Hofmann nur ein wilder Hund, mit Verlaub.&#8220;<\/em> (Hans Peter Michels)<\/span><\/p>\n<p>Mathe, Sport<br \/>\nRuhestand 2003<\/p>\n<p>&nbsp;<\/p>\n<p>&nbsp;<\/p>\n<p><strong><img loading=\"lazy\" decoding=\"async\" class=\"alignleft\" title=\"\" src=\"http:\/\/schnebele.de\/wp-content\/uploads\/2017\/05\/Hagedorn.jpg\" alt=\"Hagedorn.jpg\" width=\"90\" height=\"90\">Dr. Martin Hagedorn<\/strong> wer erinnert sich nicht an seine Rede anl\u00e4sslich unseres Abschieds in der Aula: <em>\u201aHagedorn im Krankenhaus auf seinem Bett liegend in der Fahrstuhlt\u00fcr eingeklemmt\u2018<\/em>&#8230;.<br \/>\nMich hat er in der Quinta gefressen und mir vor versammelter Mannschaft bescheinigt, dass man so etwas wie mich an dieser Schule nicht gebrauchen k\u00f6nne.<br \/>\nSein Lieblingssatz war wohl: \u201eAch Kinners, lasset uns doch mal auf Deutsch sagen\u201d<br \/>\nverstorben Sommer 1996<br \/>\nEnglisch<\/p>\n<p>&nbsp;<\/p>\n<p><strong><img loading=\"lazy\" decoding=\"async\" class=\"alignleft\" title=\"\" src=\"http:\/\/schnebele.de\/wp-content\/uploads\/2017\/05\/Hamburger.jpg\" alt=\"Hamburger.jpg\" width=\"90\" height=\"90\"><img loading=\"lazy\" decoding=\"async\" class=\"alignleft\" src=\"http:\/\/schnebele.de\/wp-content\/uploads\/2017\/05\/Hamburger-neu.jpg\" width=\"90\" height=\"90\"><img loading=\"lazy\" decoding=\"async\" class=\"alignleft\" src=\"http:\/\/schnebele.de\/wp-content\/uploads\/2017\/05\/Hamburger-2008-2-1.jpg\" width=\"90\" height=\"90\">Kurt Hamburger,<\/strong>&nbsp; Verfechter des Mittelhochdeutschen; erste und zweite Lautverschiebung laufen mir noch heute hinterher &#8211; hat er aber durch seinen Musikgeschmack wieder wett gemacht&#8230;.<br \/>\nIm Nachhinein stellte sich heraus, dass er ein witziger Typ war\/ist, mit dem man viel Spa\u00df haben kann\/konnte. Ich erinnere nur an die \u201cBeinshow\u201d bei unserer Abifete.<br \/>\nverstorben am 07.01.2023 im Alter von 91 Jahren<br \/>\nDeutsch, Franz\u00f6sisch, Literatur<\/p>\n<p>&nbsp;<\/p>\n<p><strong>Hans Heimann<\/strong>, einer von der ganz alten Garde mit Mathe und Physik. Er war in Sexta und Quinta Klassenlehrer der A, ging dann nach langer Krankheit in Ruhestand.<br \/>\nEr trug im Physikunterricht immer einen wei\u00dfen Kittel. Lie\u00df gegen jede Vorschrift in der 5. Klasse am Wandertag die Sch\u00fcler in Kleingruppen durch K\u00f6ln laufen. Gr\u00f6\u00dftes Hobby von ihm: warf mit Schl\u00fcsselbund oder Kreide nach unaufmerksamen Sch\u00fclern. Und er sammelte die K\u00fcgelchen aus den Tintenpatronen<br \/>\nverstorben<br \/>\nMathe<\/p>\n<p>&nbsp;<\/p>\n<p><strong><img loading=\"lazy\" decoding=\"async\" class=\"alignleft\" src=\"http:\/\/schnebele.de\/wp-content\/uploads\/2017\/05\/Hein.jpg\" width=\"90\" height=\"90\"><img loading=\"lazy\" decoding=\"async\" class=\"alignleft\" src=\"http:\/\/schnebele.de\/wp-content\/uploads\/2017\/05\/Hein-2.jpg\" width=\"90\" height=\"90\">Ulrich E. Hein<\/strong>, damals Assistent von Dr. Henrich in der Theatergruppe, die er heute leitet.<br \/>\nHeute neben Herrn Mai alteingesessenes Mitglied des Kollegiums; haben wir nur so am Rande mitbekommen&#8230;.<br \/>\nDeutsch, Literatur<br \/>\nRuhestand 2013<\/p>\n<p>&nbsp;<\/p>\n<p>&nbsp;<\/p>\n<p><strong><img loading=\"lazy\" decoding=\"async\" class=\"alignleft\" src=\"http:\/\/schnebele.de\/wp-content\/uploads\/2017\/05\/Henrich-1987.jpg\" width=\"90\" height=\"90\"><img loading=\"lazy\" decoding=\"async\" class=\"alignleft\" src=\"http:\/\/schnebele.de\/wp-content\/uploads\/2017\/05\/Henrich-1a.jpg\" width=\"90\" height=\"90\"><img loading=\"lazy\" decoding=\"async\" class=\"alignleft\" src=\"http:\/\/schnebele.de\/wp-content\/uploads\/2017\/05\/Henrich-2003-2.jpg\" width=\"90\" height=\"90\"><img loading=\"lazy\" decoding=\"async\" class=\"alignleft\" src=\"http:\/\/schnebele.de\/wp-content\/uploads\/2017\/05\/Henrich-22.jpg\" width=\"90\" height=\"90\"><img loading=\"lazy\" decoding=\"async\" class=\"alignleft\" src=\"http:\/\/schnebele.de\/wp-content\/uploads\/2017\/05\/Henrich-2012.jpg\" width=\"90\" height=\"90\">Dr. Friedhelm Henrich<\/strong>, ohne ihn h\u00e4tte es die Theatergruppe nie gegeben, zumindest nicht so erfolgreich.<br \/>\nIch habe die Fahrten zum Landestheater geliebt, um Kost\u00fcme f\u00fcr unsere Auff\u00fchrungen auszuleihen. Mit dem, was wir mit ihm erlebt haben, k\u00f6nnte man B\u00fccher f\u00fcllen.<br \/>\nEr opferte sehr viel seiner Freizeit f\u00fcr seine Sch\u00fcler&#8230;<br \/>\nverstorben am 24. September 2015<br \/>\nDeutsch, Philosophie<\/p>\n<p>&nbsp;<\/p>\n<p><strong>Renate Herbrand<\/strong>, an das einzige, an das ich mich erinnern kann (ich hatte Frau Herbrand nie im Unterricht) waren ihre kurzen Haare&#8230;.<br \/>\nUnd Edgar Sch\u00f6pe kann sich an ihren blauen Jaguar F-Type Cabriolet erinnern&#8230;. Scheint \u2018n echter Renner gewesen zu sein<br \/>\nErdkunde, Geschichte<\/p>\n<p>&nbsp;<\/p>\n<p><strong><img loading=\"lazy\" decoding=\"async\" class=\"alignleft\" src=\"http:\/\/schnebele.de\/wp-content\/uploads\/2017\/05\/Heuser-1.jpg\" width=\"90\" height=\"90\">Friedhelm Heuser<\/strong>, ein H\u00e4rtetyp! W\u00e4hrend unserer einw\u00f6chigen Abifeier (S\u00e4ngerheim, Zelten an der Hitlermauer) galt er bei Familie und Schule einige Tage als verschollen&#8230;.&nbsp;&nbsp;&nbsp;<br \/>\n\u201eIhr wundert euch vielleicht, warum ich in der Mathestunde meine Sportbrille trage. Das kommt, weil ich sie in der Sportstunde nicht getragen habe&#8220;.&nbsp;&nbsp;<br \/>\nIm Skilager 1976 hatte er schon Stories drauf, die uns umhauten &#8211; ach ja, und dann ist er fast vom Bruder eines Mitsch\u00fclers, der seiner Freundin und unserer Klassenkameradin nachfuhr &#8211; umgehauen worden. Eskalationen, wie sie im Buche stehen. (Die Namen des Knaben und der Mitsch\u00fclerin nenne ich hier bewusst nicht &#8211; aber alle, die im Paznauntal dabei waren, wissen eh Bescheid)<br \/>\nverstorben 10.12.1998<br \/>\nMathe, Sport<\/p>\n<p>&nbsp;<\/p>\n<p><strong><img loading=\"lazy\" decoding=\"async\" class=\"alignleft\" src=\"http:\/\/schnebele.de\/wp-content\/uploads\/2017\/05\/Harry-1.jpg\" width=\"90\" height=\"90\"><img loading=\"lazy\" decoding=\"async\" class=\"alignleft\" src=\"http:\/\/schnebele.de\/wp-content\/uploads\/2017\/05\/Harry-2.jpg\" width=\"90\" height=\"90\">Harry Hofmann,<\/strong> sein s\u00e4chsisches \u201eOsch ossem Wossa\u201d beim Schwimmen hat uns alle das Grinsen ins Gesicht getrieben.<br \/>\nSpitzname: Hobbel.<br \/>\nDa ich Sport liebe, wie ein Loch im Kopf, und Harry das sehr schnell gemerkt hat, standen wir zwei immer auf Kriegsfu\u00df. Ich habe ihn gehasst; und diesen Hass konnten sich Harry und mein Vater teilen, als mich mein Erzeuger zum Skilager angemeldet hat&#8230;<br \/>\nverstorben 03.10.2007<br \/>\nSport<\/p>\n<p>&nbsp;<\/p>\n<p><strong><img loading=\"lazy\" decoding=\"async\" class=\"alignleft\" src=\"http:\/\/schnebele.de\/wp-content\/uploads\/2017\/05\/Holschbach-Henrich.jpg\" width=\"90\" height=\"90\">Paul Holschbach<\/strong>, am besten wird sich Hans-J\u00f6rg R\u00fcssing an Holschbach erinnern: \u201eDarf ich Papa sagen?\u201d war wohl die d\u00e4mlichste Frage, die Hans-J\u00f6rg in seinem Leben je gestellt hat.<br \/>\nEr ist ein paar Stunden nach dieser Frage auf allen Vieren \u00fcber die Bahngleise nach Hause gerobbt.<br \/>\nOh Mann, Holschbach war wirklich schr\u00e4g; aber er hatte halt ne spitzenm\u00e4\u00dfige Tochter &#8211; nur da kam einer wie ich gar nicht ran, obwohl sie mich mit einigen Freundinnen und Freunden eines Abends zu Hause besuchte.<br \/>\nverstorben<br \/>\nLatein, Franz\u00f6sisch<\/p>\n<p>&nbsp;<\/p>\n<p><strong><img loading=\"lazy\" decoding=\"async\" class=\"alignleft\" src=\"http:\/\/schnebele.de\/wp-content\/uploads\/2017\/05\/Horn.jpg\" width=\"90\" height=\"90\"><img loading=\"lazy\" decoding=\"async\" class=\"alignleft\" src=\"http:\/\/schnebele.de\/wp-content\/uploads\/2017\/05\/Horn-neu.jpg\" width=\"90\" height=\"90\">Dr. Hans \u201cLumpi\u201d Horn<\/strong>, ich hatte keinen Unterricht bei ihm.<br \/>\nMerkmal: seri\u00f6s und Pl\u00e4te<\/p>\n<p><span style=\"color: #3366ff;\"><em>&#8222;Bei ihm hatte ich im Geschichtsunterricht immer ein &#8222;sehr gut&#8220;, obwohl ihm meine politischen Ansichten in meinen abgelieferten Aufs\u00e4tzen bestimmt nicht gefielen, sie aber inhaltlich korrekt waren. Diese Fairness habe ich ihm nie vergessen. Wir mochten einander von Herzen gerne und so wurde er 1999 mein Taufpatenonkel und ich bin ihm sehr dankbar f\u00fcr die Ehre, die er mir damit erwies.<\/em>&#8222;<\/span> (<span style=\"color: #3366ff;\">Dieter Carstensen<\/span>)<\/p>\n<p>verstorben am 09. November 2008<br \/>\nLatein, Religion, Geschichte<\/p>\n<p>&nbsp;<\/p>\n<p><strong>Karl-Wilhelm Jacobs<\/strong> war ein\/zwei Jahre &#8211; ich will mal sagen &#8211; ein Testlauf auf dem Hollenberg Gymnasium.<br \/>\nTestlauf, nicht weil er vielleicht kein guter Lehrer war, denn Lehrer war er ganz gewiss nicht, sondern weil im Rahmen der differenzierten Oberstufe mal etwas Neues ausprobiert und gelehrt werden sollte.: n\u00e4mlich EDV!<br \/>\nH\u00e4? Was? EDV? Jepp, EDV bedeutete (und bedeutet heute nat\u00fcrlich auch noch) Elektronische Datenverarbeitung.<br \/>\nDiesen Kurs musste ich mir bei dem kettenrauchenden Rotschopf einfach antun. Ich wusste zwar nicht, was mich da erwartete, aber es h\u00f6rte sich schon abenteuerlich an.<br \/>\nUnd so lie\u00df ich mich denn ein Halbjahr von Karl-Wilhelm Jabobs \u00fcber die neuste technische Errungenschaft aufkl\u00e4ren, und dass das Universum eigentlich nur &#8222;1&#8220; und &#8222;0&#8220; kennt.<br \/>\nDamals wurde diese Computerkiste ausschlie\u00dflich \u00fcber Lochkarten gesteuert &#8211; kann sich heute niemand mehr vorstellen.<br \/>\nWir haben dann mal unsere ersten Versuche mit Sience Fiction gemacht und sind irgendwie ohne ein Ergebnis durch den Kurs geschlittert.<br \/>\nDass Jahre sp\u00e4ter diese ganze EDV Kiste unser aller Leben bestimmen w\u00fcrde, konnte sich damals nicht wirklich jemand von uns vorstellen.<br \/>\nJacobs gab sein Bestes, aber er war halt kein P\u00e4dagoge. Nach einem halben Jahr sah man ein, dass dieses Unterrichtsfach dann doch nichts f\u00fcr unser l\u00e4ndliches Gymnasium war.<br \/>\nIch glaube, Jacobs hat noch ein paar Jahre Mathe unterrichtet.<br \/>\nF\u00fcr mich pers\u00f6nlich war er der Hauptgewinn, denn er verhalf mir mit intensiven Nachhilfestunden, dass ich die Mathe Nachpr\u00fcfung bei Fritsche bestand.<br \/>\nVerstorben 31.01.2018<br \/>\nEDV, Mathe<\/p>\n<p>&nbsp;<\/p>\n<p><strong><img loading=\"lazy\" decoding=\"async\" class=\"alignleft\" title=\"\" src=\"http:\/\/schnebele.de\/wp-content\/uploads\/2017\/05\/Kn\u00f6rrlich.jpg\" alt=\"Kn\u00f6rrlich.jpg\" width=\"90\" height=\"90\"><img loading=\"lazy\" decoding=\"async\" class=\"alignleft\" title=\"\" src=\"http:\/\/schnebele.de\/wp-content\/uploads\/2017\/05\/Kn\u00f6rrlich-neu.jpg\" alt=\"Kn\u00f6rrlich-neu.jpg\" width=\"90\" height=\"90\">Dr. Wolfgang Kn\u00f6rrlich<\/strong> brachte mir Griechen und R\u00f6mer n\u00e4her; speziell das R\u00f6mische Reich verstand er faszinierend r\u00fcberzubringen.<br \/>\nDagegen hatte ich in der ersten Deutscharbeit bei ihm gleich ne sechs. Da hatte mich das wahre Leben bereits in der Sexta eingeholt&#8230;<br \/>\nVerstorben Juni 2022<br \/>\nDeutsch, Geschichte<\/p>\n<p>&nbsp;<\/p>\n<p>&nbsp;<\/p>\n<p><strong><img loading=\"lazy\" decoding=\"async\" class=\"alignleft\" src=\"http:\/\/schnebele.de\/wp-content\/uploads\/2017\/05\/Fickel.jpg\" width=\"90\" height=\"90\"><img loading=\"lazy\" decoding=\"async\" class=\"alignleft\" src=\"http:\/\/schnebele.de\/wp-content\/uploads\/2017\/05\/Knura-neu.jpg\" width=\"90\" height=\"90\">Liselotte Knura<\/strong><strong>, geb. Fickel<\/strong> war zu unserer Schulzeit Referendarin &#8211; ne nette Referendarin&#8230;.<br \/>\nDie M\u00e4dels haben sie verachtet, aber wohl nur, weil die meisten Jungs total auf sie abfuhren.<br \/>\nDeutsch, Geschichte, Latein, Poilitik<br \/>\nRuhestand 2015<\/p>\n<p>&nbsp;<\/p>\n<p>&nbsp;<\/p>\n<p><strong><img loading=\"lazy\" decoding=\"async\" class=\"alignleft\" src=\"http:\/\/schnebele.de\/wp-content\/uploads\/2017\/05\/Krafft.jpg\" width=\"90\" height=\"90\"><img loading=\"lazy\" decoding=\"async\" class=\"alignleft\" src=\"http:\/\/schnebele.de\/wp-content\/uploads\/2017\/05\/Krafft-Neu.jpg\" width=\"90\" height=\"90\">Ilka Krafft, <\/strong>&nbsp;\u201aAbi in der reformierten Oberstufe? Nee, dann lieber zwei Kinder\u2018&#8230;<br \/>\nBiologie<br \/>\nRuhestand 2009<\/p>\n<p>&nbsp;<\/p>\n<p>&nbsp;<\/p>\n<p>&nbsp;<\/p>\n<p><strong>Dr. Max Lauerbach,<\/strong> Arzt aus N\u00fcmbrecht. Dort Mitglied des Gemeinderats (CDU).<br \/>\nUnterrichtete Mitte der 70er, habe bei ihm mal ein Refrat \u00fcber das menschliche Auge gemacht; &nbsp;brachte mir ne satte 2<\/p>\n<p><span style=\"color: #3366ff;\"><em>&#8222;Ich wurde zum Thema \u201eDie Geburt\u201cabgefragt und sagte damals:<\/em><\/span><br \/>\n<span style=\"color: #3366ff;\"><em>\u201eKurz nach der Geburt des Kindes wird von der Frau die Nachgeburt ausgeschieden\u201c. Da hatte ich was gemacht!<\/em><\/span><br \/>\n<span style=\"color: #3366ff;\"><em>Dr. Lauerbach sah mich kurz grinsend an und meinte nur: \u201eB\u00fcrschel, ich wei\u00df nicht, wie\u00b4s bei dir war, aber man spricht eigentlich von der GEBURT der Nachgeburt.\u201c Weil meine Ausf\u00fchrungen im \u00fcbrigen wohl richtig gewesen waren, bekam ich eine 4- verpa\u00dft! Und war sehr entt\u00e4uscht.&#8220;<\/em> (Hans Peter Michels)<\/span><br \/>\nBiologie<\/p>\n<p><strong><img loading=\"lazy\" decoding=\"async\" class=\"alignleft wp-image-6328\" src=\"http:\/\/schnebele.de\/wp-content\/uploads\/2017\/05\/Leuchtmann-2.jpg\" alt=\"\" width=\"91\" height=\"94\">Dr. Gerd Theodor Leuchtmann;<\/strong> Leuchtmann hatte ich tats\u00e4chlich komplett aus meinem Ged\u00e4chtnis verbannt, lag aber vielleicht daran, dass ich ihn, bis auf eine Vertretungsstunde, nie hatte. Und in dieser Vertretung erschien er mir&nbsp; &#8211; um es nett auszudr\u00fccken &#8211; extrem spooky. Er kam da mit ein paar Stories um die Ecke, die extrem Voodoo lastig waren und mich extrem verst\u00f6rt haben. Erst, als mich Mails von Lothar Hauswirth und Edgar Sch\u00f6pe erreichten in denen sie mir mitteilten, dass er gestorben sei, kamen vage Erinnerungen an ihn wieder zur\u00fcck.<br \/>\n<span style=\"color: #3366ff;\"><em>&#8222;Er war sehr fromm und Mitglied in der Freien Gemeinde. (Zitat: Das hat Gott so gut eingerichtet.&nbsp; -&gt; im Biologieunterricht!)&#8220;<\/em> (Edgar Sch\u00f6pe)<br \/>\n<\/span>verstorben 17.09.2024<br \/>\nBiologie&nbsp;<\/p>\n<p>&nbsp;<\/p>\n<p><strong><img loading=\"lazy\" decoding=\"async\" class=\"alignleft\" src=\"http:\/\/schnebele.de\/wp-content\/uploads\/2017\/05\/Lipinski.jpg\" width=\"90\" height=\"90\">Erika Lipinski<\/strong>, Ich wei\u00df beim besten Willen nicht, was sie unterrichtet hat &#8211; Franz\u00f6sisch k\u00f6nnte sein. Hatte sie auch total vergessen, bis ich ein Bild von ihr auf der Abi 1976 Seite gefunden habe.<br \/>\nInfo von Edgar Sch\u00f6pe:&nbsp; \u201everlor \u00f6fter den Durchblick, frag hier G\u00fcni Marrenbach oder Arno Keesen. Zahlreiche Klassenarbeiten verschwanden bei ihr zuhause im Nirwana. Sie sorgte daf\u00fcr, dass mir Franz keinen Spa\u00df mehr machte. Besonderes Kennzeichen: Rotwei\u00dfe Ente.\u201c<br \/>\nverstorben am 31.10.2001<br \/>\nEnglisch, Franz\u00f6sisch<\/p>\n<p>&nbsp;<\/p>\n<p><strong>Michael Lomax<\/strong> hatte einen seltsamen Status an unserer Schule; er gab lediglich 1 oder 2 Stunde Unterricht in der Woche&#8230;<br \/>\nEnglisch<\/p>\n<p>&nbsp;<\/p>\n<p><strong><img loading=\"lazy\" decoding=\"async\" class=\"alignleft\" src=\"http:\/\/schnebele.de\/wp-content\/uploads\/2017\/05\/May.jpg\" width=\"90\" height=\"90\"><img loading=\"lazy\" decoding=\"async\" class=\"alignleft wp-image-5835\" src=\"https:\/\/schnebele.de\/wp-content\/uploads\/2017\/05\/Mai-kl-150x150.jpg\" alt=\"\" width=\"91\" height=\"91\" srcset=\"https:\/\/schnebele.de\/wp-content\/uploads\/2017\/05\/Mai-kl-150x150.jpg 150w, https:\/\/schnebele.de\/wp-content\/uploads\/2017\/05\/Mai-kl-300x300.jpg 300w, https:\/\/schnebele.de\/wp-content\/uploads\/2017\/05\/Mai-kl.jpg 376w\" sizes=\"auto, (max-width: 91px) 100vw, 91px\" \/>Kurt Mai,<\/strong> damals sch\u00fcchterner Neu-StR; danach eingesessenes Mitglied im Lehrerkollegium. Zum Thema &#8222;Sch\u00fcchternheit&#8220; \u00e4u\u00dfert sich Herr Mai: <span style=\"color: #3366ff;\"><em><span style=\"color: #3366ff;\">&#8222;Ich war zum Leidwesen von Breidenbach auch nie sch\u00fcchtern.&#8220;<\/span><br \/>\n<\/em><\/span>Nun denn; Das musste mal gesagt werden \ud83d\ude42<br \/>\nDeutsch, Geschichte, Politik<br \/>\nRuhestand 2012<\/p>\n<p>&nbsp;<\/p>\n<p>&nbsp;<\/p>\n<p><strong><img loading=\"lazy\" decoding=\"async\" class=\"alignleft\" src=\"http:\/\/schnebele.de\/wp-content\/uploads\/2017\/05\/Menke.jpg\" width=\"90\" height=\"90\">Uschi Menke<\/strong><strong> , verh. Klein<\/strong>, extrem beliebte Referendarin.<br \/>\nIch hatte das Gl\u00fcck bei Ihr, dass w\u00e4hrend wir Werther und Bahnw\u00e4rter Thiel durchgenommen haben, beides zur selben Zeit im Fernsehen lief. Und im Fernsehgucken war ich immer ein Ass<br \/>\nDeutsch<\/p>\n<p>&nbsp;<\/p>\n<p><strong><img loading=\"lazy\" decoding=\"async\" class=\"alignleft\" src=\"http:\/\/schnebele.de\/wp-content\/uploads\/2017\/05\/Militz.jpg\" width=\"90\" height=\"90\"><img loading=\"lazy\" decoding=\"async\" class=\"alignleft\" src=\"http:\/\/schnebele.de\/wp-content\/uploads\/2017\/05\/Militz-1.jpg\" width=\"90\" height=\"90\"><img loading=\"lazy\" decoding=\"async\" class=\"alignleft\" src=\"http:\/\/schnebele.de\/wp-content\/uploads\/2017\/05\/Militz-2003.jpg\" width=\"90\" height=\"90\">Ekkehard Militz<\/strong>, ich habe nie gewusst, wie ich ihn nehmen sollte.<br \/>\nErnst oder Ironie? Schwer zu beurteilen, besonders als Sch\u00fcler<br \/>\nverstorben im September 2018<br \/>\nErdkunde, Sport<\/p>\n<p>&nbsp;<\/p>\n<p>&nbsp;<\/p>\n<p><strong><img loading=\"lazy\" decoding=\"async\" class=\"alignleft\" src=\"http:\/\/schnebele.de\/wp-content\/uploads\/2017\/05\/Mitic.jpg\" width=\"90\" height=\"90\">Mirjana Mitic<\/strong> habe ich recht nett in Erinnerung.<br \/>\nDa ich aber Sprachen hasste, hatte ich selbst keine Ber\u00fchrungspunkte mit ihr<br \/>\nFranz\u00f6sisch, Russisch<br \/>\nRuhestand 2007<\/p>\n<p>&nbsp;<\/p>\n<p><strong><img loading=\"lazy\" decoding=\"async\" class=\"wp-image-5860 alignleft\" src=\"https:\/\/schnebele.de\/wp-content\/uploads\/2017\/05\/Heidi-Muche-1.png\" alt=\"\" width=\"95\" height=\"98\">Heidi Muche<\/strong>, Sportlehrerin, immer noch ganz sch\u00f6n scharf (Zitat Peter Wei\u00df).<br \/>\nSport<br \/>\nverstorben 05. August 2021<\/p>\n<p>&nbsp;<\/p>\n<p><strong><img loading=\"lazy\" decoding=\"async\" class=\"alignleft\" title=\"\" src=\"http:\/\/schnebele.de\/wp-content\/uploads\/2017\/05\/M\u00fcller1.jpg\" alt=\"M\u00fcller1.jpg\" width=\"90\" height=\"90\">Hartmut M\u00fcller<\/strong>,&nbsp;M\u00fcller 1 genannt!<br \/>\nIch wei\u00df \u00fcber ihn nur noch, dass er mal Karneval als Seer\u00e4uber gegangen ist und sich deshalb ein paar Wochen vorher nicht mehr rasiert hat<br \/>\nLatein, Deutsch<br \/>\nverstorben 30. M\u00e4rz 2025 im Alter von 91 Jahren<\/p>\n<p>&nbsp;<\/p>\n<p><strong><img loading=\"lazy\" decoding=\"async\" class=\"alignleft\" title=\"\" src=\"http:\/\/schnebele.de\/wp-content\/uploads\/2017\/05\/M\u00fcller2.jpg\" alt=\"M\u00fcller2.jpg\" width=\"90\" height=\"90\"><img loading=\"lazy\" decoding=\"async\" class=\"alignleft\" title=\"\" src=\"http:\/\/schnebele.de\/wp-content\/uploads\/2017\/05\/M\u00fcller-Ehrhard.jpg\" alt=\"M\u00fcller-Ehrhard.jpg\" width=\"90\" height=\"90\">Erhard M\u00fcller,<\/strong> wenn mich nicht alles t\u00e4uscht, war Erhard M\u00fcller <strong>M\u00fcller 2<\/strong><br \/>\nGeschichte, Deutsch, Englisch<br \/>\nRuhestand 2004<\/p>\n<p>&nbsp;<\/p>\n<p>&nbsp;<\/p>\n<p><strong><img loading=\"lazy\" decoding=\"async\" class=\"alignleft\" src=\"http:\/\/schnebele.de\/wp-content\/uploads\/2017\/05\/Noss.jpg\" width=\"90\" height=\"90\">Uli Noss<\/strong> hat wohl einen bleibenden Eindruck bei Elke Buttchereyt hinterlassen. Sie kann sich noch recht gut an seinen Geschichtsunterricht erinnern.<br \/>\nIst \u00fcbrigens jetzt Direktor am Hollenberg-Gymnasium<br \/>\nGeschichte, Latein<br \/>\nRuhestand 2016<\/p>\n<p>&nbsp;<\/p>\n<p><strong><img loading=\"lazy\" decoding=\"async\" class=\"alignleft\" title=\"\" src=\"http:\/\/schnebele.de\/wp-content\/uploads\/2017\/05\/Ohlem\u00fcller.jpg\" alt=\"Ohlem\u00fcller.jpg\" width=\"90\" height=\"90\"><img loading=\"lazy\" decoding=\"async\" class=\"alignleft\" title=\"\" src=\"http:\/\/schnebele.de\/wp-content\/uploads\/2017\/05\/Ohlem\u00fcller2003.jpg\" alt=\"Ohlem\u00fcller2003.jpg\" width=\"90\" height=\"93\">Ernst Ohlem\u00fcller<\/strong>, junger, dynamischer Kerl mit Cabriolet. Fanden wir schon recht witzig, als eines Tages ein starker Regenschauer sein Auto zum Pool machte&#8230;<br \/>\nLatein bei ihm war schei\u00dfe, Sport sogar f\u00fcr mich ganz ok &#8211; und das soll etwas hei\u00dfen<br \/>\nverstorben 26.08.2020<br \/>\nLatein, Sport<\/p>\n<p>&nbsp;<\/p>\n<p><strong>Alan Phillips<\/strong>, ich wei\u00df noch, dass wir bei ihm Englisch hatten; die ersten beiden Arbeiten f\u00fcnf; dann kam ne Nacherz\u00e4hlung, die ich mit zwei hinbekam. Optisch stach er aus der \u201cLehrermasse\u201d heraus, weil er ne nette schulterlange Matte hatte&#8230;<br \/>\nEnglisch<\/p>\n<p><strong><br \/>\nDorothee Phillips<\/strong> , Ehefrau von Alan und Begr\u00fcnderin des \u201cFolk-Clubs\u201d.<br \/>\nHei\u00dfe Frau, blond, nicht sehr einfach, aber da ich sie ja nicht im Unterricht hatte, war alles ok.<br \/>\nEdgar Sch\u00f6pe machte noch andere Erfahrungen mit ihr: \u201ewenn ich mich recht erinnere, feierten wir bei ihr eine Klassenfete mit Alkohol. Als sie das merkte war sie nicht sehr &#8218;amused&#8216;, besonders als ich sagte, dass sie eine der Taschen mit Cinzano ab Aldi getragen hatten. ;-)))))\u201d<br \/>\nEnglisch<\/p>\n<p>&nbsp;<\/p>\n<p><strong><img loading=\"lazy\" decoding=\"async\" class=\"alignleft\" src=\"http:\/\/schnebele.de\/wp-content\/uploads\/2017\/05\/Pielsticker.jpg\" width=\"90\" height=\"90\">August Pielsticker<\/strong>, Pilsticker &#8211; das Synonym f\u00fcr Englisch! Der Mann hat nicht englisch gesprochen, sondern gelebt.<br \/>\nIch glaube jeder Engl\u00e4nder w\u00e4re neben ihm blass geworden. Englisch war seine Religion<\/p>\n<p><span style=\"color: #3366ff;\"><em>&#8222;Ich habe diesen Lehrer sehr gerne gehabt und das beruhte auf Gegenseitigkeit.<\/em><\/span><br \/>\n<span style=\"color: #3366ff;\"><em>Dorothea und ich haben damals mal Plakate f\u00fcr das Jugendzentrum &#8222;Jailhouse&#8220; in Morsbach an den dortigen &#8222;Busbahnhof&#8220; gekleistert. Kam wie es kommen musste: Ein Polizeiwagen hielt neben uns, die Besatzung meinte &#8222;Sachbesch\u00e4digung&#8220; und wollte als Beweismittel ein frisches und neues Plakat von uns. &#8222;Nein&#8220; haben wir gesagt, &#8222;das letzte Plakat haben wir gerade angekleistert.&nbsp;Mehr haben wir nicht.&#8220; Nat\u00fcrlich waren sie dann erst recht sauer, weil sie das klebrige Plakat abnehmen mussten, als Beweismittel. Sie drohten dann mit Anzeige und so.<\/em><\/span><br \/>\n<span style=\"color: #3366ff;\"><em>Am n\u00e4chsten Morgen bin ich zu August Pielsticker gegangen. Der Vorsitzende der Jungsozialisten Waldbr\u00f6l bittet seinen Lehrer, CDU B\u00fcrgermeister in Morsbach um Hilfe!&nbsp;<\/em><\/span><br \/>\n<span style=\"color: #3366ff;\"><em>War aber \u00fcberhaupt kein Problem. Er sagte zu mir w\u00f6rtlich: &#8222;Dieter, ICH bin der B\u00fcrgermeister in Morsbach und erledige das!&#8220; Hat er auch gemacht f\u00fcr uns und das vergesse ich ihm, der bestimmt im Franz\u00f6sisch Unterricht sein schlechtester Sch\u00fcler war, nie.<\/em><\/span>&#8220; (<span style=\"color: #3366ff;\">Dieter Carstensen<\/span>)<\/p>\n<p>Englisch<br \/>\nverstorben am 15.04.2024 im Alter von 99 Jahren<\/p>\n<p>&nbsp;<\/p>\n<p>&nbsp;<\/p>\n<p><strong><img loading=\"lazy\" decoding=\"async\" class=\"alignleft\" src=\"http:\/\/schnebele.de\/wp-content\/uploads\/2017\/05\/Rexhause-1.jpg\" width=\"90\" height=\"90\">Gerhard Rexhausen<\/strong>, seine Eintragungen im Klassenbuch geh\u00f6rten zum Besten, was sich ein Lehrer aus dem Kopf dr\u00fccken konnte.<br \/>\nUnd auch seine Noten waren die Kr\u00f6nung (z.B. 1plus minus oder 2 minus minus).<br \/>\nIch habe ihn nie lachen sehen. Wenn ich mich recht erinnere, hat er ein\/zweimal geschmunzelt. Manchmal glaube ich, er hat uns nach Strich und Faden verarscht und sich innerlich \u00fcber uns kaputtgelacht.<br \/>\n\u00dcbrigens war Rexhausen Vegetarier&#8230; Damals total schr\u00e4g und weltfremd.<br \/>\nverstorben 04.07.1993<br \/>\nGeschichte, Latein<\/p>\n<p>&nbsp;<\/p>\n<p><strong>Wolfgang Riechert<\/strong>, genannt UTZ, half als Student im h\u00f6heren Semester den Mangel an Mathe-Lehrern zu mildern.<br \/>\nEr wurde als ehemaliger Sch\u00fcler im Kollegium nie akzeptiert; musste dort auch eine Granate gewesen sein. Sein Rekord stand nach eigener Aussage bei 5 Tadeln in einem Schuljahr.<br \/>\nMathe<\/p>\n<p>&nbsp;<\/p>\n<p><strong><img loading=\"lazy\" decoding=\"async\" class=\"alignleft\" title=\"\" src=\"http:\/\/schnebele.de\/wp-content\/uploads\/2017\/05\/R\u00f6ggener-1978.jpg\" alt=\"R\u00f6ggener-1978.jpg\" width=\"92\" height=\"90\"><img loading=\"lazy\" decoding=\"async\" class=\"alignleft\" title=\"\" src=\"http:\/\/schnebele.de\/wp-content\/uploads\/2017\/05\/R\u00f6ggener-2003.jpg\" alt=\"R\u00f6ggener-2003.jpg\" width=\"90\" height=\"90\"><img loading=\"lazy\" decoding=\"async\" class=\"alignleft\" title=\"\" src=\"http:\/\/schnebele.de\/wp-content\/uploads\/2017\/05\/R\u00f6ggener-2013.jpg\" alt=\"R\u00f6ggener-2013.jpg\" width=\"90\" height=\"90\">Peter R\u00f6ggener<\/strong> machte einen interessanten Unterricht.<br \/>\nIm Leistungskurs Erdkunde war ich zwar kein helles Licht, er vermittelte uns aber eine komplett andere Art des Lernens.<br \/>\nKonnte man ihm glauben, war er uns mit dem Unterrichtsstoff h\u00f6chstens zwei Stunden voraus<br \/>\nErdkunde, Englisch<br \/>\nRuhestand 2007<br \/>\nverstorben M\u00e4rz 2019<\/p>\n<p>&nbsp;<\/p>\n<p><strong><img loading=\"lazy\" decoding=\"async\" class=\"alignleft\" src=\"http:\/\/schnebele.de\/wp-content\/uploads\/2017\/05\/Rosendahl.jpg\" width=\"90\" height=\"90\">Walter Rosendahl<\/strong> habe ich nie gehabt; hat aber wohl in der \u201cC\u201d und laut Edgar Sch\u00f6pe auch in der &#8222;A&#8220; unterrichtet; vielleicht kann mir jemand ein paar Infos zukommen lassen&#8230;.<br \/>\nEr hatte wohl ein abstehendes Ohr und hat irgendwann mal eine Abiturientin geehelicht; ob beides miteinander zu tun hat, ist nicht \u00fcberliefert.<br \/>\nErdkunde, Englisch<\/p>\n<p>&nbsp;<\/p>\n<p><strong><img loading=\"lazy\" decoding=\"async\" class=\"alignleft\" src=\"http:\/\/schnebele.de\/wp-content\/uploads\/2017\/05\/Scheffels.jpg\" width=\"90\" height=\"90\">Rainer Scheffels,<\/strong> da ich Englisch gehasst habe, baute ich auch keinerlei Beziehung zu Scheffels auf&#8230;.<br \/>\nAber man soll sein Licht ja nicht unter den Scheffels stellen. Er fing damals gerade am Gymnasium an; ich glaube, er packte uns damals hart an, weil er noch keine Unterrichtsroutine hatte &#8211; wer wei\u00df<br \/>\nEnglisch, Sport<br \/>\nRuhestand 2012<\/p>\n<p>&nbsp;<\/p>\n<p><strong>Alfred Scheske<\/strong>, Diplom-Chemiker, ca. 1974\/75 Chemielehrer, trug gerne rosa Oberhemden, Sandalen und rosa Socken. War einige Jahre B\u00fcrgermeister in N\u00fcmbrecht<br \/>\nChemie<\/p>\n<p>&nbsp;<\/p>\n<p><strong><img loading=\"lazy\" decoding=\"async\" class=\"alignleft\" src=\"http:\/\/schnebele.de\/wp-content\/uploads\/2017\/05\/Scheute-1.jpg\" width=\"90\" height=\"90\">Dr. Karl Scheuten<\/strong>, Mann oh Mann, \u201cCharly\u201d war der Inbegriff der Autorit\u00e4t mit Hang zur Lautschrift&#8230;<br \/>\nKein Wunder, dass ich noch Jahre danach Englisch gehasst habe.<br \/>\nGeschichte war aber sein gro\u00dfes Hobby. Aus dieser Kombination heraus hie\u00df er nicht zuf\u00e4llig &#8222;Charlemagne&#8220;.<br \/>\nEr war der Gentleman unter den Lehrern; immer adrett gekleidet&#8230;<\/p>\n<p><span style=\"color: #3366ff;\"><em>&#8222;Als ich auf das Gymnasium kam, verteilte er pers\u00f6nlich die Religionsb\u00fccher f\u00fcr beide Konfessionen. Als ich dran war, sagte er nur: &#8222;Dieter, bei Dir wei\u00df ich nicht, Du bist ja keins von beiden&#8220;. Viele Jahre sp\u00e4ter, als ich wieder in Waldbr\u00f6l wohnte, haben wir uns angefreundet und prima verstanden. Ich war \u00f6fter bei ihm zu Besuch und als die Oberbergische Volkszeitung mit ihm zu seinem 93j\u00e4hrigen Geburtstag ein Interview machen wollte, war er dazu nur bereit, wenn ich ebenfalls an dem Termin teilnehme. So geschah es und wurde in dem Bericht auch erw\u00e4hnt<\/em>.&#8220;<\/span> (<span style=\"color: #3366ff;\">Dieter Carstensen<\/span>)<\/p>\n<p>verstorben 14. Mai 2008 (im Alter von 96 Jahren)<br \/>\nLatein, Englisch, Deutsch, Franz\u00f6sisch, Geschichte<\/p>\n<p>&nbsp;<\/p>\n<p><strong><img loading=\"lazy\" decoding=\"async\" class=\"alignleft\" src=\"http:\/\/schnebele.de\/wp-content\/uploads\/2017\/05\/Schichlein.jpg\" width=\"90\" height=\"90\"><img loading=\"lazy\" decoding=\"async\" class=\"alignleft\" src=\"http:\/\/schnebele.de\/wp-content\/uploads\/2017\/05\/schichlein-2.jpg\" width=\"90\" height=\"90\"><img loading=\"lazy\" decoding=\"async\" class=\"alignleft\" src=\"http:\/\/schnebele.de\/wp-content\/uploads\/2017\/05\/Schichlein-2012.jpg\" width=\"90\" height=\"90\">Walter Schichlein<\/strong> gab sich militant konservativ.<br \/>\nWie wir sp\u00e4ter herausfanden, war er aber eigentlich ganz locker.<br \/>\nTrotz allem war ich froh, ihn niemals in Mathe gehabt zu haben. Eine Vertretungsstunde bei ihm hat mir gereicht.<br \/>\nDer in den Siebzigern aufkommende Mode von langen Haaren bei M\u00e4nnern hat er aggressiv entgegengewirkt.<br \/>\nMathe, Physik<\/p>\n<p>&nbsp;<\/p>\n<p><strong>Harry Schiffl<\/strong> war zu unserer Oberstufenzeit Referendar und, wie der Blick nach unter zeigt, &#8222;intern&#8220; privat verbunden<br \/>\nMathe<\/p>\n<p>&nbsp;<\/p>\n<p><strong><img loading=\"lazy\" decoding=\"async\" class=\"alignleft\" src=\"http:\/\/schnebele.de\/wp-content\/uploads\/2017\/05\/Granz.jpg\" width=\"90\" height=\"90\"><\/strong><strong><img loading=\"lazy\" decoding=\"async\" class=\"alignleft wp-image-5840\" src=\"https:\/\/schnebele.de\/wp-content\/uploads\/2017\/05\/Hildegard-Schiffl-1.jpg\" alt=\"\" width=\"85\" height=\"92\" srcset=\"https:\/\/schnebele.de\/wp-content\/uploads\/2017\/05\/Hildegard-Schiffl-1.jpg 144w, https:\/\/schnebele.de\/wp-content\/uploads\/2017\/05\/Hildegard-Schiffl-1-138x150.jpg 138w\" sizes=\"auto, (max-width: 85px) 100vw, 85px\" \/>Hildegard Schiffl<\/strong>, <strong>geb. Granz<\/strong> &#8211; Hilde oh Hilde! Diese Referendarin haben einige von uns ganz sch\u00f6n angehimmelt.<br \/>\nSie hat die \u201eb\u201c auch mal bei einer Klassenfahrt nach Mosbach begleitet; g\u00f6ttlich!<br \/>\nMathe<\/p>\n<p>&nbsp;<\/p>\n<p>&nbsp;<\/p>\n<p><strong><img loading=\"lazy\" decoding=\"async\" class=\"alignleft\" src=\"http:\/\/schnebele.de\/wp-content\/uploads\/2017\/05\/Schmidt.jpg\" width=\"90\" height=\"90\">Dietrich Schmidt<\/strong>, Musik Schmidt hatte eine unnachahmliche Art, am Fl\u00fcgel zu stehen: Hohlkreuz, Bauch raus und den Kopf nach hinten.<br \/>\nIhm wurde mal zu Weihnachten eine AC\/DC Platte im Heino Cover geschenkt &#8211; ich denke, seit dieser Zeit wusste er, was er sein Leben lang verpasst hat<\/p>\n<p><span style=\"color: #3366ff;\"><em>&#8222;Der Unterricht bei &#8222;Musik-Schmidt&#8220; ist mir in bester Erinnerung geblieben, weil das f\u00fcr mich eher Unterhaltung als Unterricht war.&nbsp;Hatte bis zum Abi den Leistungskurs bei ihm. Er hat meine Begeisterung und das Verst\u00e4ndnis f\u00fcr klassische Musik geweckt , obwohl ich Rock- und Popfan bin.&#8220;<\/em> (Hans Peter Michels)<br \/>\n<\/span><br \/>\nMusik<br \/>\nverstorben am 15.02.2019 im Alter von 88 Jahren<\/p>\n<p>&nbsp;<\/p>\n<p><strong><img loading=\"lazy\" decoding=\"async\" class=\"alignleft\" src=\"http:\/\/schnebele.de\/wp-content\/uploads\/2017\/05\/Bulli-1.jpg\" width=\"90\" height=\"90\">Friedrich Schmidt<\/strong>, mit ihm kam eigentlich jeder klar.<br \/>\nDen Spitznamen \u201cBulli\u201d erhielt er, bevor wir aufs Gymnasium kamen. Bei einer Abifeier soll er beim Oldie <em>Whollie Bulli<\/em> tierisch abgegangen sein.<\/p>\n<p><span style=\"color: #3366ff;\"><em>Mit Friedrich Schmidt verbinde ich viele meiner besten Erinnerungen an unsere Lehrerschaft. Wir mochten einander von ganzem Herzen. Er war der einzige Lehrer (au\u00dfer wesentlich sp\u00e4ter Dr. Horn und Dr. Scheuten), den wir in seinem Privathaus besucht haben. Wir, das waren Dorothea Wirtz, Peter Wei\u00df und ich. Es war ein wirklich sch\u00f6ner Abend.<\/em><\/span><br \/>\n<span style=\"color: #3366ff;\"><em>Noch heute ist mir peinlich, dass ich einmal, v\u00f6llig unvorbereitet, das Jugendzentrum war mir wichtiger als der dicke H\u00f6lderlin Schinken von Peter H\u00e4rtling, ein Referat \u00fcber dieses Buch gehalten habe, einfach in dem ich den Buchumschlag als Grundlage benutze und wahllos irgendwelche Seiten aufschlug und daraus zitierte. Friedrich Schmidt lie\u00df es ohne Unterbrechung geschehen, die Klasse bemerkte den Schwindel nicht, er nat\u00fcrlich schon.<\/em><\/span><br \/>\n<span style=\"color: #3366ff;\"><em>Nach der Stunde meinte er zu mir im pers\u00f6nlichen Gespr\u00e4ch: &#8222;Dieter, Deine schauspielerische Leistung verdient ein sehr gut&#8220;. Ich h\u00e4tte Dir das von daher durchgehen lassen, wenn Du am Ende nicht gesagt h\u00e4ttest: &#8222;Und ich kann jedem nur empfehlen, dieses Buch zu lesen. Das ging zu weit! H\u00e4ttest Du mir vorher gesagt, dass Du wegen des Jugendzentrums nicht zum Lesen gekommen bist, h\u00e4tte ich ein Auge zugedr\u00fcckt. Aber der Klasse am Ende zu sagen &#8222;Ich kann jedem nur empfehlen, dieses Buch zu lesen&#8220; &#8211; das ging zu weit. Daher gibt es nur ein &#8222;ausreichend&#8220;.<\/em>&#8222;<\/span> (<span style=\"color: #3366ff;\">Dieder Carstensen<\/span>)<\/p>\n<p>verstorben 16.10.1995<br \/>\nDeutsch, Religion<\/p>\n<p>&nbsp;<\/p>\n<p><strong>Dr. Schneyer<\/strong>, richtig; Uli Stahl sei Dank!! An ihn erinnere ich mich auf Grund von Ulis Tipp wieder.&nbsp; Habe ihn sogar vor meinem inneren Auge. Schneyer hatte ich in Mathe nie. Er war auch bei unserem Einstieg im Gymnasium&nbsp;kurz vor der Rente. Graue wellige Haare, wenn ich mich nicht irre. So ne Art &#8222;zerstreuter&#8220; Professor.<br \/>\nMathe, Chemie&nbsp;<\/p>\n<p>&nbsp;<\/p>\n<p><strong>Max Sch\u00f6ler<\/strong>, ihn hatte ich gar nicht mehr auf dem Radar. Wenn Uli Stahl mir zu ihm keine Infos h\u00e4tte zukommen lassen, w\u00e4re Sch\u00f6ler untergegangen.<br \/>\nEnglisch<\/p>\n<p>&nbsp;<\/p>\n<p><strong><img loading=\"lazy\" decoding=\"async\" class=\"alignleft\" src=\"http:\/\/schnebele.de\/wp-content\/uploads\/2017\/05\/Schoppmann.jpg\" width=\"90\" height=\"90\">Dr. Friedrich Wilhelm Schoppmann,<\/strong> mein Klassenlehrer in der Unterstufe.<br \/>\nBei ihm f\u00e4llt mir sein gr\u00fcnes Notenbuch ein &#8211; alle Lehrer hatten rote, nur Schoppi ein gr\u00fcnes.<br \/>\nLieblingsspruch bei unruhiger Klasse: \u201eOch Kinners\u201d\u2026<br \/>\nBevor er in den Musiksaal ging, dr\u00fcckte er die Zigarette auf der Falle des T\u00fcrschlosses aus und warf sie in das Loch im T\u00fcrblatt.<br \/>\nBei uns war er schon recht gem\u00e4\u00dfigt; \u00e4ltere Semester bekamen noch die vier Finger seiner Hand argumentationsunterst\u00fctzend zu sp\u00fcren.<br \/>\nverstorben 28.01.1996<br \/>\nEnglisch, Musik, Erdkunde<\/p>\n<p>&nbsp;<\/p>\n<p><strong><img loading=\"lazy\" decoding=\"async\" class=\"alignleft\" src=\"http:\/\/schnebele.de\/wp-content\/uploads\/2017\/05\/schuetze.jpg\" width=\"90\" height=\"90\"><img loading=\"lazy\" decoding=\"async\" class=\"alignleft\" src=\"http:\/\/schnebele.de\/wp-content\/uploads\/2017\/05\/Schutze-neu.jpg\" width=\"90\" height=\"90\">Wolfgang Sch\u00fctze<\/strong>, hat Mathe unterrichtet und war sehr beliebt bei uns.<br \/>\nIch erinnere mich, dass ich auch in seinen Mathekurs wechseln wollte, das Ganze aber nicht mit meinem Stundenplan hinbekam.<br \/>\nMathe, Physik<br \/>\nRuhestand 2014<\/p>\n<p>&nbsp;<\/p>\n<p>&nbsp;<\/p>\n<p><strong><img loading=\"lazy\" decoding=\"async\" class=\"alignleft\" src=\"http:\/\/schnebele.de\/wp-content\/uploads\/2017\/05\/Seipp-1.jpg\" width=\"90\" height=\"90\"><img loading=\"lazy\" decoding=\"async\" class=\"alignleft\" src=\"http:\/\/schnebele.de\/wp-content\/uploads\/2017\/05\/Seip-2008-2.jpg\" width=\"90\" height=\"90\"><img loading=\"lazy\" decoding=\"async\" class=\"alignleft wp-image-5575\" src=\"http:\/\/schnebele.de\/wp-content\/uploads\/2018\/06\/Seipp-150x150.jpg\" alt=\"\" width=\"90\" height=\"93\" srcset=\"https:\/\/schnebele.de\/wp-content\/uploads\/2018\/06\/Seipp-291x300.jpg 291w, https:\/\/schnebele.de\/wp-content\/uploads\/2018\/06\/Seipp-768x792.jpg 768w, https:\/\/schnebele.de\/wp-content\/uploads\/2018\/06\/Seipp-993x1024.jpg 993w, https:\/\/schnebele.de\/wp-content\/uploads\/2018\/06\/Seipp-145x150.jpg 145w, https:\/\/schnebele.de\/wp-content\/uploads\/2018\/06\/Seipp.jpg 1061w\" sizes=\"auto, (max-width: 90px) 100vw, 90px\" \/> <img loading=\"lazy\" decoding=\"async\" class=\"wp-image-6252 alignleft\" src=\"http:\/\/schnebele.de\/wp-content\/uploads\/2017\/05\/Seipp-02-300x291.jpg\" alt=\"\" width=\"93\" height=\"90\" srcset=\"https:\/\/schnebele.de\/wp-content\/uploads\/2017\/05\/Seipp-02-300x291.jpg 300w, https:\/\/schnebele.de\/wp-content\/uploads\/2017\/05\/Seipp-02-1024x994.jpg 1024w, https:\/\/schnebele.de\/wp-content\/uploads\/2017\/05\/Seipp-02-768x745.jpg 768w, https:\/\/schnebele.de\/wp-content\/uploads\/2017\/05\/Seipp-02-155x150.jpg 155w, https:\/\/schnebele.de\/wp-content\/uploads\/2017\/05\/Seipp-02-150x146.jpg 150w, https:\/\/schnebele.de\/wp-content\/uploads\/2017\/05\/Seipp-02.jpg 1346w\" sizes=\"auto, (max-width: 93px) 100vw, 93px\" \/>Wolfram Seipp<\/strong> Gut, Englisch war auch bei ihm keine Freude, aber die Klassenfahrt nach Budapest bleibt unvergessen.<br \/>\nIch glaube, unsere Tour war von allen die geilste.&nbsp;<br \/>\nEnglisch, Franz\u00f6sisch<br \/>\nRuhestand 2004<\/p>\n<p>&nbsp;<\/p>\n<p><strong>Dr. Udo Stinnes<\/strong>, seine Fehlersammlung habe ich noch mehr gehasst, als Englisch, Latein und Sport zusammen<br \/>\nAber ich muss zugeben, dass diese Methode der Korrektur wirklich etwas gebracht hat.<br \/>\nSteif und streng, so gab er sich in der Klasse. Wenn er dann mal gelacht hatte &#8211; sein Lachen war eher ein luftholendes Zischen durch die geschlossenen Zahnreihen &#8211; erkannte man, dass sein \u00e4u\u00dferes Gehabe gar nicht so furchteinfl\u00f6\u00dfend war&#8230;.<br \/>\nverstorben 07. Juli 2016<br \/>\nDeutsch<\/p>\n<p>&nbsp;<\/p>\n<p><strong>Rainer Taufenbach<\/strong> hat in der &#8222;Morsbacher Klasse&#8220; in der Mittel- und Oberstufe Mathe unterrichtet.<br \/>\nEr verstarb tragischer weise als wir in der 11 waren bei einem Autounfall.<br \/>\nTaufenbach galt als DER Mathelehrer; war sehr beliebt und hatte anscheinend ein H\u00e4ndchen daf\u00fcr, auch weniger Mathe-Begabten den Stoff n\u00e4herzubringen<br \/>\nMathematik<\/p>\n<p>&nbsp;<\/p>\n<p><strong><img loading=\"lazy\" decoding=\"async\" class=\"alignleft\" src=\"http:\/\/schnebele.de\/wp-content\/uploads\/2017\/05\/Temmert-1975.jpg\" width=\"90\" height=\"90\"><img loading=\"lazy\" decoding=\"async\" class=\"alignleft\" src=\"http:\/\/schnebele.de\/wp-content\/uploads\/2017\/05\/Temmert-2008.jpg\" width=\"90\" height=\"90\">Gertraude Temmert<\/strong>, man musste schon verdammt fr\u00fch aufstehen, wenn man sich verbal bei ihr durchsetzen wollte.<br \/>\nSie hatte Haare auf den Z\u00e4hnen.<br \/>\nHabe bei ihr Volleyball gehabt und ich muss sagen, dass es echt Spa\u00df gemacht hat.<br \/>\nSport, Kunst<\/p>\n<p>&nbsp;<\/p>\n<p>&nbsp;<\/p>\n<p><strong><img loading=\"lazy\" decoding=\"async\" class=\"size-full wp-image-5599 alignleft\" src=\"http:\/\/schnebele.de\/wp-content\/uploads\/2017\/05\/Weigel.jpg\" alt=\"\" width=\"88\" height=\"87\">Reinhard Weigel<\/strong>, Mensch, hatte ich fast vergessen &#8211; Dank Peter Wei\u00df ist er nun endlich hier aufgef\u00fchrt<br \/>\nverstorben 16.06.1989<br \/>\nGeschichte und Latein<\/p>\n<p>&nbsp;<\/p>\n<p>&nbsp;<\/p>\n<p><strong><img loading=\"lazy\" decoding=\"async\" class=\"alignleft\" src=\"http:\/\/schnebele.de\/wp-content\/uploads\/2017\/05\/Wellershaus1.jpg\" alt=\"\" width=\"90\" height=\"90\"><img loading=\"lazy\" decoding=\"async\" class=\"alignleft\" src=\"http:\/\/schnebele.de\/wp-content\/uploads\/2017\/05\/Welklershaus-1.jpg\" width=\"90\" height=\"90\"><img loading=\"lazy\" decoding=\"async\" class=\"alignleft\" src=\"http:\/\/schnebele.de\/wp-content\/uploads\/2017\/05\/Wellershaus.jpg\" width=\"90\" height=\"90\"><\/strong><strong>&nbsp;&nbsp;&nbsp;&nbsp; <\/strong><img loading=\"lazy\" decoding=\"async\" class=\"alignleft wp-image-5124\" src=\"http:\/\/schnebele.de\/wp-content\/uploads\/2017\/05\/wel1-291x300.jpg\" alt=\"\" width=\"87\" height=\"90\" srcset=\"https:\/\/schnebele.de\/wp-content\/uploads\/2017\/05\/wel1-291x300.jpg 291w, https:\/\/schnebele.de\/wp-content\/uploads\/2017\/05\/wel1-146x150.jpg 146w, https:\/\/schnebele.de\/wp-content\/uploads\/2017\/05\/wel1.jpg 532w\" sizes=\"auto, (max-width: 87px) 100vw, 87px\" \/><\/p>\n<p><strong>Dr. Gerhard Wellershaus<\/strong>, mein Lieblingslehrer!<br \/>\nSeine Arbeitskreise in der Oberstufe haben uns f\u00fcrs Abi fit gemacht, und seine Exkursionen sind unvergessen &#8211; auch die zur Bahnhofskneipe.<br \/>\nIch habe f\u00fcr Chemie oder Biologie so gut wir gar nicht lernen brauchen und wei\u00df auch heute noch ne Menge \u00fcber die mendelschen Gesetze, das Splanchnochranium und Knallgasversuche.<br \/>\nSein Unterricht war so fesselnd, dass alles sofort h\u00e4ngen blieb.<br \/>\nHabe auch nach dem Abi den Kontakt zu ihm gehalten; auf meinem Polterabend hat er noch einmal brilliert, als er (nicht ganz n\u00fcchtern) auf die herbeigerufenen Polizisten losgegangen ist, die f\u00fcr Ruhe sorgen sollte \u2013 ja, so war er!!<\/p>\n<p><span style=\"color: #3366ff;\"><em>&#8222;Ohne seine Hilfe h\u00e4tte ich mein Abitur nicht geschafft. Er wusste ganz genau, dass ich durch die Bio Abi Pr\u00fcfung gerasselt w\u00e4re,&nbsp; wenn er mir nicht helfen w\u00fcrde. Er, genau wie auch Friedrich Schmidt und Dr. Horn wussten ganz genau, dass bei mir das Jugendzentrum und nicht die Schule an erster Stelle stand. Und sie haben mich dabei unterst\u00fctzt, wo sie nur konnten. Also wurde ich in der Bio Pr\u00fcfung gefragt, ob ich etwas zu den Pflanzen auf der Fensterbank etwas sagen k\u00f6nne? Konnte ich. Die Kaktee hatte keinen Sand, sondern Erde im Topf, die eine Pflanze hatte zu wenig, die andere zu viel Wasser. So bestand ich die Biopr\u00fcfung und werde Dr. Wellershaus f\u00fcr seine Hilfe immer dankbar sein.&#8220;<\/em><\/span> (<span style=\"color: #3366ff;\">Dieter Carstensen<\/span>)<\/p>\n<p>verstorben 12.10.1994<br \/>\nBiologie, Chemie, Erdkunde<\/p>\n<p>&nbsp;<\/p>\n<p><strong>Hans Wiesel<\/strong> war mein Firmpate; und ich glaube, er war auch Vertrauenslehrer.<br \/>\nHatte SoWi bei ihm, weil es neu war im Angebot &#8211; keine Ahnung, was einen da erwartete&#8230;<br \/>\nHab\u2018s dann auch gleich wieder abgew\u00e4hlt \ud83d\ude41<br \/>\nverstorben<br \/>\nDeutsch, Religion, SoWi<\/p>\n<p>&nbsp;<\/p>\n<p><strong>Heinz Wilke<\/strong>, Kunstlehrer vom alten Schlag.<br \/>\nAls wir sp\u00e4ter mit der Theatergruppe B\u00fchnenbilder zimmerten, entdeckte wir seinen Schnapsvorrat. Ich h\u00e4tte gerne sein Gesicht gesehen, als er an der Schnapsflasche genuckelt hat, die dummerweise statt des etikettierten Korns nur noch Wasser enthielt.<br \/>\nWilke war J\u00e4ger mit dazu passenden Anz\u00fcgen. Wenn es zu laut wurde, kam ein: AUS!!<br \/>\nverstorben 03.12.1992<br \/>\nKunst<\/p>\n<p>&nbsp;<\/p>\n<p><strong><img loading=\"lazy\" decoding=\"async\" class=\"alignleft\" src=\"http:\/\/schnebele.de\/wp-content\/uploads\/2017\/05\/Wimmer-1.jpg\" width=\"90\" height=\"90\"><img loading=\"lazy\" decoding=\"async\" class=\"alignleft\" src=\"http:\/\/schnebele.de\/wp-content\/uploads\/2017\/05\/Wimmer-neu.jpg\" width=\"90\" height=\"90\">Rainer Wimmer<\/strong> kannte ich nicht vom Unterricht.<br \/>\nEr war aber sehr beliebt und nicht nur bei den M\u00e4dels. Hat wohl einen klasse Unterricht hingelegt.<br \/>\nVerstorben 05.01.2026<br \/>\nDeutsch, Erdkunde, Kunst<br \/>\nRuhestand 2005<\/p>\n<p>&nbsp;<\/p>\n<p><strong>Frau Dr. W\u00f6lke<\/strong> &#8211; Kommentar von Birgit Giesen (Klein): <span style=\"color: #3366ff;\"><em>&#8222;Wir hatten sie in der 5 E3 in Englisch, ich glaube sogar bis zur 7. Sie trug immer ein Kost\u00fcm (ma\u00dfgeschneidert und meistens Tweed) mit Anstecknadel und eine Handtasche mit 2 Henkeln ohne Umh\u00e4ngegurt, reich gef\u00fcllt, so dass der Rei\u00dfverschluss nicht zu ging. In dieser Tasche hatte sie immer eine Ritter-Sport Schokolade- f\u00fcr ihre Nerven. St\u00e4ndig schrie sie P.-H. Schuhmacher und Torsten Sehnert an \u201c Be quiet!\u201c und tadelte \u201eCornelia, don\u2019t bite your nails!\u201c w\u00e4hrend Steffi f\u00fcr ihre Locken gelobt wurde \u201c curly, curly !\u201c.<\/em><\/span><br \/>\nEnglisch<\/p>\n<p>&nbsp;<\/p>\n<p><strong>Emmerich Wolter<\/strong>, Pastor in Waldbr\u00f6l.<br \/>\nUnterrichtete bis Mitte der 70er kath. Religion. Habe bei ihm auch Reli gehabt und bin bei ihm auch zur Kommunion gegangen.<br \/>\nEr konnte mich immer ganz gut leiden. Fragte mich bei jeder Gelegenheit: \u201eNa J\u00f6rgel, biste auch sch\u00f6n brav? Ja ja, wenn Du schl\u00e4fst, he?\u201d<br \/>\nHat sich im Unterricht immer zur\u00fcckgelehnt, aus der Bibel lesen lassen, die Ohren mit nem Streichholz sauber gemacht &#8211; und dann ist er meistens am Pult eingeschlafen&#8230;<\/p>\n<p>Erschreckend und bedauerlich zugleich ist die Meldung vom 23.10.2024 im K\u00f6lner Stadt Anzeiger \u00fcber Emmerich Wolter, der sich mutma\u00dflich an Jugendlichen vergriffen hat <a href=\"https:\/\/www.ksta.de\/region\/oberberg\/waldbroel\/erzbistum-bestaetigt-strasse-in-waldbroel-traegt-namen-eines-taeters-884942\" target=\"_blank\" rel=\"noopener\">Hier geht&#8217;s zum Online Artikel<\/a><br \/>\nEiner der Betroffenen hat sein Martyrium nach vielen Jahren und Jahrzehnten endlich \u00f6ffentlich gemacht. Weitere Betroffene haben sich danach ebenfalls gemeldet.<br \/>\nWie ich oben geschrieben habe, hatte ich selbst keinerlei negative und vor allen Dingen \u00fcbergriffige Erfahrungen mit ihm machen m\u00fcssen. Entt\u00e4uscht und entsetzt bin ich deshalb aber um so heftiger.<br \/>\nReligion<\/p>\n","protected":false},"excerpt":{"rendered":"<p>Es steht die gro\u00dfe Frage im Raum, wer wen ge\u00e4rgert hat: wir die Lehrer oder die Lehrer uns? Ich denke, ein bisschen von jedem ergibt das richtige Mittelma\u00df. Sicher ist, dass nach all den Jahren die positiven Erinnerungen \u00fcberwiegen &#8211; und die Geschichten, die uns zu Schulzeiten ge\u00e4rgert haben, sind <a class=\"continue-reading-link\" href=\"https:\/\/schnebele.de\/?p=2827\">Weiterlesen!<\/a><\/p>\n<div class=\"shariff shariff-align-left shariff-widget-align-left\"><ul class=\"shariff-buttons theme-round orientation-horizontal buttonsize-medium\"><li class=\"shariff-button facebook shariff-nocustomcolor\" style=\"background-color:#4273c8\"><a href=\"https:\/\/www.facebook.com\/sharer\/sharer.php?u=https%3A%2F%2Fschnebele.de%2F%3Fp%3D2827\" title=\"Bei Facebook teilen\" aria-label=\"Bei Facebook teilen\" role=\"button\" rel=\"nofollow\" class=\"shariff-link\" style=\"; background-color:#3b5998; color:#fff\" target=\"_blank\"><span class=\"shariff-icon\" style=\"\"><svg width=\"32px\" height=\"20px\" xmlns=\"http:\/\/www.w3.org\/2000\/svg\" viewBox=\"0 0 18 32\"><path fill=\"#3b5998\" d=\"M17.1 0.2v4.7h-2.8q-1.5 0-2.1 0.6t-0.5 1.9v3.4h5.2l-0.7 5.3h-4.5v13.6h-5.5v-13.6h-4.5v-5.3h4.5v-3.9q0-3.3 1.9-5.2t5-1.8q2.6 0 4.1 0.2z\"\/><\/svg><\/span><\/a><\/li><li class=\"shariff-button twitter shariff-nocustomcolor\" style=\"background-color:#595959\"><a href=\"https:\/\/twitter.com\/share?url=https%3A%2F%2Fschnebele.de%2F%3Fp%3D2827&text=Unsere%20Lehrer\" title=\"Bei X teilen\" aria-label=\"Bei X teilen\" role=\"button\" rel=\"noopener nofollow\" class=\"shariff-link\" style=\"; background-color:#000; color:#fff\" target=\"_blank\"><span class=\"shariff-icon\" style=\"\"><svg width=\"32px\" height=\"20px\" xmlns=\"http:\/\/www.w3.org\/2000\/svg\" viewBox=\"0 0 24 24\"><path fill=\"#000\" d=\"M14.258 10.152L23.176 0h-2.113l-7.747 8.813L7.133 0H0l9.352 13.328L0 23.973h2.113l8.176-9.309 6.531 9.309h7.133zm-2.895 3.293l-.949-1.328L2.875 1.56h3.246l6.086 8.523.945 1.328 7.91 11.078h-3.246zm0 0\"\/><\/svg><\/span><\/a><\/li><li class=\"shariff-button whatsapp shariff-nocustomcolor\" style=\"background-color:#5cbe4a\"><a href=\"https:\/\/api.whatsapp.com\/send?text=https%3A%2F%2Fschnebele.de%2F%3Fp%3D2827%20Unsere%20Lehrer\" title=\"Bei Whatsapp teilen\" aria-label=\"Bei Whatsapp teilen\" role=\"button\" rel=\"noopener nofollow\" class=\"shariff-link\" style=\"; background-color:#34af23; color:#fff\" target=\"_blank\"><span class=\"shariff-icon\" style=\"\"><svg width=\"32px\" height=\"20px\" xmlns=\"http:\/\/www.w3.org\/2000\/svg\" viewBox=\"0 0 32 32\"><path fill=\"#34af23\" d=\"M17.6 17.4q0.2 0 1.7 0.8t1.6 0.9q0 0.1 0 0.3 0 0.6-0.3 1.4-0.3 0.7-1.3 1.2t-1.8 0.5q-1 0-3.4-1.1-1.7-0.8-3-2.1t-2.6-3.3q-1.3-1.9-1.3-3.5v-0.1q0.1-1.6 1.3-2.8 0.4-0.4 0.9-0.4 0.1 0 0.3 0t0.3 0q0.3 0 0.5 0.1t0.3 0.5q0.1 0.4 0.6 1.6t0.4 1.3q0 0.4-0.6 1t-0.6 0.8q0 0.1 0.1 0.3 0.6 1.3 1.8 2.4 1 0.9 2.7 1.8 0.2 0.1 0.4 0.1 0.3 0 1-0.9t0.9-0.9zM14 26.9q2.3 0 4.3-0.9t3.6-2.4 2.4-3.6 0.9-4.3-0.9-4.3-2.4-3.6-3.6-2.4-4.3-0.9-4.3 0.9-3.6 2.4-2.4 3.6-0.9 4.3q0 3.6 2.1 6.6l-1.4 4.2 4.3-1.4q2.8 1.9 6.2 1.9zM14 2.2q2.7 0 5.2 1.1t4.3 2.9 2.9 4.3 1.1 5.2-1.1 5.2-2.9 4.3-4.3 2.9-5.2 1.1q-3.5 0-6.5-1.7l-7.4 2.4 2.4-7.2q-1.9-3.2-1.9-6.9 0-2.7 1.1-5.2t2.9-4.3 4.3-2.9 5.2-1.1z\"\/><\/svg><\/span><\/a><\/li><li class=\"shariff-button telegram shariff-nocustomcolor\" style=\"background-color:#4084A6\"><a href=\"https:\/\/telegram.me\/share\/url?url=https%3A%2F%2Fschnebele.de%2F%3Fp%3D2827&text=Unsere%20Lehrer\" title=\"Bei Telegram teilen\" aria-label=\"Bei Telegram teilen\" role=\"button\" rel=\"noopener nofollow\" class=\"shariff-link\" style=\"; background-color:#0088cc; color:#fff\" target=\"_blank\"><span class=\"shariff-icon\" style=\"\"><svg width=\"32px\" height=\"20px\" xmlns=\"http:\/\/www.w3.org\/2000\/svg\" viewBox=\"0 0 32 32\"><path fill=\"#0088cc\" d=\"M30.8 6.5l-4.5 21.4c-.3 1.5-1.2 1.9-2.5 1.2L16.9 24l-3.3 3.2c-.4.4-.7.7-1.4.7l.5-7L25.5 9.2c.6-.5-.1-.8-.9-.3l-15.8 10L2 16.7c-1.5-.5-1.5-1.5.3-2.2L28.9 4.3c1.3-.5 2.3.3 1.9 2.2z\"\/><\/svg><\/span><\/a><\/li><li class=\"shariff-button threema shariff-nocustomcolor shariff-mobile\" style=\"background-color:#4fbc24\"><a href=\"threema:\/\/compose?text=Unsere%20Lehrer%20https%3A%2F%2Fschnebele.de%2F%3Fp%3D2827\" title=\"Bei Threema teilen\" aria-label=\"Bei Threema teilen\" role=\"button\" rel=\"noopener nofollow\" class=\"shariff-link\" style=\"; background-color:#1f1f1f; color:#fff\" target=\"_blank\"><span class=\"shariff-icon\" style=\"\"><svg width=\"32px\" height=\"20px\" xmlns=\"http:\/\/www.w3.org\/2000\/svg\" viewBox=\"0 0 32 32\"><path fill=\"#1f1f1f\" d=\"M30.8 10.9c-0.3-1.4-0.9-2.6-1.8-3.8-2-2.6-5.5-4.5-9.4-5.2-1.3-0.2-1.9-0.3-3.5-0.3s-2.2 0-3.5 0.3c-4 0.7-7.4 2.6-9.4 5.2-0.9 1.2-1.5 2.4-1.8 3.8-0.1 0.5-0.2 1.2-0.2 1.6 0 0.4 0.1 1.1 0.2 1.6 0.4 1.9 1.3 3.4 2.9 5 0.8 0.8 0.8 0.8 0.7 1.3 0 0.6-0.5 1.6-1.7 3.6-0.3 0.5-0.5 0.9-0.5 0.9 0 0.1 0.1 0.1 0.5 0 0.8-0.2 2.3-0.6 5.6-1.6 1.1-0.3 1.3-0.4 2.3-0.4 0.8 0 1.1 0 2.3 0.2 1.5 0.2 3.5 0.2 4.9 0 5.1-0.6 9.3-2.9 11.4-6.3 0.5-0.9 0.9-1.8 1.1-2.8 0.1-0.5 0.2-1.1 0.2-1.6 0-0.7-0.1-1.1-0.2-1.6-0.3-1.4 0.1 0.5 0 0zM20.6 17.3c0 0.4-0.4 0.8-0.8 0.8h-7.7c-0.4 0-0.8-0.4-0.8-0.8v-4.6c0-0.4 0.4-0.8 0.8-0.8h0.2l0-1.6c0-0.9 0-1.8 0.1-2 0.1-0.6 0.6-1.2 1.1-1.7s1.1-0.7 1.9-0.8c1.8-0.3 3.7 0.7 4.2 2.2 0.1 0.3 0.1 0.7 0.1 2.1v0 1.7h0.1c0.4 0 0.8 0.4 0.8 0.8v4.6zM15.6 7.3c-0.5 0.1-0.8 0.3-1.2 0.6s-0.6 0.8-0.7 1.3c0 0.2 0 0.8 0 1.5l0 1.2h4.6v-1.3c0-1 0-1.4-0.1-1.6-0.3-1.1-1.5-1.9-2.6-1.7zM25.8 28.2c0 1.2-1 2.2-2.1 2.2s-2.1-1-2.1-2.1c0-1.2 1-2.1 2.2-2.1s2.2 1 2.2 2.2zM18.1 28.2c0 1.2-1 2.2-2.1 2.2s-2.1-1-2.1-2.1c0-1.2 1-2.1 2.2-2.1s2.2 1 2.2 2.2zM10.4 28.2c0 1.2-1 2.2-2.1 2.2s-2.1-1-2.1-2.1c0-1.2 1-2.1 2.2-2.1s2.2 1 2.2 2.2z\"\/><\/svg><\/span><\/a><\/li><li class=\"shariff-button mailto shariff-nocustomcolor\" style=\"background-color:#a8a8a8\"><a href=\"mailto:?body=https%3A%2F%2Fschnebele.de%2F%3Fp%3D2827&subject=Unsere%20Lehrer\" title=\"Per E-Mail versenden\" aria-label=\"Per E-Mail versenden\" role=\"button\" rel=\"noopener nofollow\" class=\"shariff-link\" style=\"; background-color:#999; color:#fff\"><span class=\"shariff-icon\" style=\"\"><svg width=\"32px\" height=\"20px\" xmlns=\"http:\/\/www.w3.org\/2000\/svg\" viewBox=\"0 0 32 32\"><path fill=\"#999\" d=\"M32 12.7v14.2q0 1.2-0.8 2t-2 0.9h-26.3q-1.2 0-2-0.9t-0.8-2v-14.2q0.8 0.9 1.8 1.6 6.5 4.4 8.9 6.1 1 0.8 1.6 1.2t1.7 0.9 2 0.4h0.1q0.9 0 2-0.4t1.7-0.9 1.6-1.2q3-2.2 8.9-6.1 1-0.7 1.8-1.6zM32 7.4q0 1.4-0.9 2.7t-2.2 2.2q-6.7 4.7-8.4 5.8-0.2 0.1-0.7 0.5t-1 0.7-0.9 0.6-1.1 0.5-0.9 0.2h-0.1q-0.4 0-0.9-0.2t-1.1-0.5-0.9-0.6-1-0.7-0.7-0.5q-1.6-1.1-4.7-3.2t-3.6-2.6q-1.1-0.7-2.1-2t-1-2.5q0-1.4 0.7-2.3t2.1-0.9h26.3q1.2 0 2 0.8t0.9 2z\"\/><\/svg><\/span><\/a><\/li><li class=\"shariff-button info shariff-nocustomcolor\" style=\"background-color:#eee\"><a href=\"http:\/\/ct.de\/-2467514\" title=\"Weitere Informationen\" aria-label=\"Weitere Informationen\" role=\"button\" rel=\"noopener \" class=\"shariff-link\" style=\"; background-color:#fff; color:#fff\" target=\"_blank\"><span class=\"shariff-icon\" style=\"\"><svg width=\"32px\" height=\"20px\" xmlns=\"http:\/\/www.w3.org\/2000\/svg\" viewBox=\"0 0 11 32\"><path fill=\"#999\" d=\"M11.4 24v2.3q0 0.5-0.3 0.8t-0.8 0.4h-9.1q-0.5 0-0.8-0.4t-0.4-0.8v-2.3q0-0.5 0.4-0.8t0.8-0.4h1.1v-6.8h-1.1q-0.5 0-0.8-0.4t-0.4-0.8v-2.3q0-0.5 0.4-0.8t0.8-0.4h6.8q0.5 0 0.8 0.4t0.4 0.8v10.3h1.1q0.5 0 0.8 0.4t0.3 0.8zM9.2 3.4v3.4q0 0.5-0.4 0.8t-0.8 0.4h-4.6q-0.4 0-0.8-0.4t-0.4-0.8v-3.4q0-0.4 0.4-0.8t0.8-0.4h4.6q0.5 0 0.8 0.4t0.4 0.8z\"\/><\/svg><\/span><\/a><\/li><\/ul><\/div>","protected":false},"author":1,"featured_media":2783,"comment_status":"open","ping_status":"open","sticky":false,"template":"","format":"standard","meta":{"ngg_post_thumbnail":0,"_jetpack_newsletter_access":"","_jetpack_dont_email_post_to_subs":false,"_jetpack_newsletter_tier_id":0,"_jetpack_memberships_contains_paywalled_content":false,"_jetpack_memberships_contains_paid_content":false,"footnotes":""},"categories":[10],"tags":[46,108,49,47,121,23,48],"class_list":["post-2827","post","type-post","status-publish","format-standard","has-post-thumbnail","hentry","category-lehrer","tag-abi78","tag-abifeier","tag-abitur","tag-hollenberg-gymnasium","tag-lehrer","tag-schnebele","tag-waldbroel"],"jetpack_featured_media_url":"https:\/\/schnebele.de\/wp-content\/uploads\/2017\/05\/Lehrer-Header.jpg","jetpack_shortlink":"https:\/\/wp.me\/p8GLvb-JB","jetpack-related-posts":[],"jetpack_sharing_enabled":true,"_links":{"self":[{"href":"https:\/\/schnebele.de\/index.php?rest_route=\/wp\/v2\/posts\/2827","targetHints":{"allow":["GET"]}}],"collection":[{"href":"https:\/\/schnebele.de\/index.php?rest_route=\/wp\/v2\/posts"}],"about":[{"href":"https:\/\/schnebele.de\/index.php?rest_route=\/wp\/v2\/types\/post"}],"author":[{"embeddable":true,"href":"https:\/\/schnebele.de\/index.php?rest_route=\/wp\/v2\/users\/1"}],"replies":[{"embeddable":true,"href":"https:\/\/schnebele.de\/index.php?rest_route=%2Fwp%2Fv2%2Fcomments&post=2827"}],"version-history":[{"count":67,"href":"https:\/\/schnebele.de\/index.php?rest_route=\/wp\/v2\/posts\/2827\/revisions"}],"predecessor-version":[{"id":6419,"href":"https:\/\/schnebele.de\/index.php?rest_route=\/wp\/v2\/posts\/2827\/revisions\/6419"}],"wp:featuredmedia":[{"embeddable":true,"href":"https:\/\/schnebele.de\/index.php?rest_route=\/wp\/v2\/media\/2783"}],"wp:attachment":[{"href":"https:\/\/schnebele.de\/index.php?rest_route=%2Fwp%2Fv2%2Fmedia&parent=2827"}],"wp:term":[{"taxonomy":"category","embeddable":true,"href":"https:\/\/schnebele.de\/index.php?rest_route=%2Fwp%2Fv2%2Fcategories&post=2827"},{"taxonomy":"post_tag","embeddable":true,"href":"https:\/\/schnebele.de\/index.php?rest_route=%2Fwp%2Fv2%2Ftags&post=2827"}],"curies":[{"name":"wp","href":"https:\/\/api.w.org\/{rel}","templated":true}]}}