{"id":108,"date":"2017-05-04T10:21:12","date_gmt":"2017-05-04T10:21:12","guid":{"rendered":"http:\/\/schnebele.de\/?p=108"},"modified":"2026-01-16T07:32:30","modified_gmt":"2026-01-16T07:32:30","slug":"abi78-news-der-live-ticker","status":"publish","type":"post","link":"https:\/\/schnebele.de\/?p=108","title":{"rendered":"Abi78 News &#8211; Der &#8222;Live Ticker&#8220;"},"content":{"rendered":"<p><img loading=\"lazy\" decoding=\"async\" title=\"\" src=\"http:\/\/schnebele.de\/wp-content\/uploads\/2017\/05\/News-Header.jpg\" alt=\"News-Header.jpg\" width=\"564\" height=\"399\"><\/p>\n<p><strong>16. Januar 2026<\/strong><\/p>\n<p>Leider musste ich mich zum Anfang des Jahres mit einer neuen traurigen Info bei unseren Leuten melden. Heike Pippert und Uli Domke haben mich \u00fcber den Tod unseres Lehrers Rainer Wimmer informiert, der am 05.01. gestorben ist.<\/p>\n<p><img loading=\"lazy\" decoding=\"async\" class=\"alignnone wp-image-6420 size-medium\" src=\"http:\/\/schnebele.de\/wp-content\/uploads\/2017\/05\/Wimmer-scaled-e1768548728208-300x270.jpg\" alt=\"\" width=\"300\" height=\"270\" srcset=\"https:\/\/schnebele.de\/wp-content\/uploads\/2017\/05\/Wimmer-scaled-e1768548728208-300x270.jpg 300w, https:\/\/schnebele.de\/wp-content\/uploads\/2017\/05\/Wimmer-scaled-e1768548728208-1024x922.jpg 1024w, https:\/\/schnebele.de\/wp-content\/uploads\/2017\/05\/Wimmer-scaled-e1768548728208-768x691.jpg 768w, https:\/\/schnebele.de\/wp-content\/uploads\/2017\/05\/Wimmer-scaled-e1768548728208-1536x1382.jpg 1536w, https:\/\/schnebele.de\/wp-content\/uploads\/2017\/05\/Wimmer-scaled-e1768548728208-2048x1843.jpg 2048w, https:\/\/schnebele.de\/wp-content\/uploads\/2017\/05\/Wimmer-scaled-e1768548728208-167x150.jpg 167w, https:\/\/schnebele.de\/wp-content\/uploads\/2017\/05\/Wimmer-scaled-e1768548728208-150x135.jpg 150w\" sizes=\"auto, (max-width: 300px) 100vw, 300px\" \/><\/p>\n<p>Wimmer hat Deutsch, Erdkunde, Kunst unterrichtet; ich selbst hatte nie Unterricht bei ihm, allerdings die eine oder andere Vertretungsstunde.<br \/>\nR.I.P.<\/p>\n<p><strong>05. August 2025<\/strong><\/p>\n<p style=\"font-weight: 400;\">Es haut mich gerade voll aus den Socken.<br \/>\nSoeben bekomme ich von Dietmar Schmidt die Nachricht, dass Ulrike (Klein) nach schwerer Krankheit verstorben ist. Ulrike war in \u201eunserer\u201c Budapest Clique und wir waren damals auch privat viel zusammen.<br \/>\nIch kanns nicht fassen\u2026.<br \/>\nR.I.P. Ulrike<\/p>\n<p><strong>01. August 2025<\/strong><\/p>\n<p>Hallo zusammen,<\/p>\n<p>w\u00e4hrend ich in Wacken weilte, erreichte mich folgende traurige Nachricht von Hans-G\u00fcnter Marrenbach:<\/p>\n<p><strong><em>Hallo J\u00f6rg,&nbsp;<br \/>\n<\/em><\/strong><strong><em>heute rief mich mein Bruder an und berichtete, dass Stefan Mortsiefer verstorben ist. Er war heute Morgen wohl im Handyladen meines Neffen in Waldbr\u00f6l und hatte dort sein Handy zur Reparatur gebracht. Er wollte es in einer halben Stunde wieder abholen, kam aber nicht.<br \/>\n<\/em><\/strong><strong><em>Dann sah mein Neffe Blaulicht auf der Kaiserstrasse und erfuhr, dass sein Kunde Stefan Mortsiefer gerade auf der Stra\u00dfe zusammengebrochen ist und sofort tot war.&nbsp;<br \/>\n<\/em><\/strong><strong><em>Ich dachte mir, dass dich das interessiert.&nbsp;<br \/>\n<\/em><\/strong><strong><em>Ich selbst hatte keinen Kontakt mehr mit Stefan, wei\u00df nur, dass er die Tankstelle in Winterborn schon vor einigen Jahren aufgegeben hat.&nbsp;<br \/>\n<\/em><\/strong><strong><em>So dezimiert sich die Zahl der Abiturienten und Abiturientinen unseres Jahrgangs stetig.<br \/>\n<\/em><\/strong><strong><em>Ich hoffe ,dir und deiner Familie geht es gut und ihr seid alle wohlauf.&nbsp;<br \/>\n<\/em><\/strong><strong><em>LG Hans-G\u00fcnter&nbsp;<\/em><\/strong><\/p>\n<p>Das Tragische dar\u00fcber hinaus war noch, dass der Mitarbeiter des Handy Ladens den Zusammenbruch (01.08.) miterlebt hat und nach dem Anruf beim Notarzt \u00fcber das Handy versucht hat, Verwandte ausfindig zu machen. Er hat dann beim Durchst\u00f6bern der Kontakte meine Nummer gefunden und auf unserem Festnetz meine Frau erreicht. Sie war, obwohl sie Stefan nicht kannte, total aufgel\u00f6st und hat mit dann ne WhatsApp geschickt und gefragt, ob ich Stefan kennen w\u00fcrde\u2026<br \/>\nSehr sehr tragisch &#x2639;<br \/>\nR.I.P. Stefan<\/p>\n<p><strong>09. Juli 2025<\/strong><\/p>\n<p>Gestern hat mich Claudia Menn darauf aufmerksam gemacht, dass die \u201eKlus\u201c zum Verkauf steht.<br \/>\nGuido Hartmann und sein Team waren f\u00fcr uns immer fantastische Gastgeber und die Klus ein idealer Treffpunkt.<br \/>\nNun, ich habe mir nat\u00fcrlich seit unserem letzten Treffen auch schon hier und da Gedanken gemacht, ob Guido 2028 die Klus noch betreiben wird, habe mich aber ehrlich gesagt nicht getraut, nachzufragen.<\/p>\n<p>Ich habe Guido nun angeschrieben und auch umgehend eine R\u00fcckmeldung bekommen, die ich Euch hier mal weiterleiten m\u00f6chte:<\/p>\n<p><strong><em>Moin J\u00f6rg, <\/em><\/strong><\/p>\n<p><strong><em>ich denke nicht, dass es schnell gehen wird mit dem Verkauf, wer kauft sich heutzutage noch Arbeit. Aber die Voraussetzungen sind eigentlich ideal f\u00fcr einen neuen Betreiber. Ich habe noch keine Resonanz die eine schnelle \u00c4nderung anzeigt. Denke, das dauert und habe ja auch bis Dezember noch viele Reservierungen.<br \/>\n<\/em><\/strong><strong><em>Ich mache das ja auch immer noch sehr gerne hier, aber die Personalproblematik ist alles andere als befriedigend. Ich hoffe auf einen Nachfolger, der das hier in \u00e4hnlichem Stil so weitermacht.<br \/>\n<\/em><\/strong><strong><em>Ich muss auch auf meine Gesundheit achtgeben, im Alter kommen doch die Zipperlein. <\/em><\/strong><\/p>\n<p><strong><em>LG Guido&nbsp;<\/em><\/strong><\/p>\n<p>Bis zu unserem n\u00e4chsten Treffen sind es ja noch fast drei Jahre. Eine lange Zeit, in der die Klus mit Sicherheit den Besitzer gewechselt haben wird.<br \/>\nIch hoffe, dass der K\u00e4ufer die Klus im selben Stil weiterbetreibt und wir weiterhin unsere Treffen dort durchf\u00fchren k\u00f6nnen.<br \/>\nFalls die Klus nicht mehr zur Verf\u00fcgung stehen wird, muss ich mich nach neuen M\u00f6glichkeiten umschauen. Vielleicht hat ja der eine oder andere eine Idee, auf welche Location wir ausweichen k\u00f6nnten\u2026.<\/p>\n<p><strong>06. April 2025<\/strong><\/p>\n<p>Mich erreichte gerade von Klaus Birnstengel und Stefan Wurm die traurige Nachricht, dass Hartmut M\u00fcller (M\u00fcller 1) am 30. M\u00e4rz 2025 verstorben ist.<br \/>\nEr war Klassenlehrer der \u201e5c\u201c.<br \/>\nBeide schrieben mir, dass er auch \u201eFliegenm\u00fcller\u201c genannt wurde. War mir neu; kannte ihn unter diesem Spitznamen nicht. Vielleicht kann mich ja mal der eine oder andere aufkl\u00e4ren, wie er zu diesem Namen kam.<br \/>\n<img loading=\"lazy\" decoding=\"async\" class=\"alignnone wp-image-6358 size-medium\" src=\"http:\/\/schnebele.de\/wp-content\/uploads\/2017\/05\/Mueller-1-a-scaled-e1744027609894-300x225.jpg\" alt=\"\" width=\"300\" height=\"225\" srcset=\"https:\/\/schnebele.de\/wp-content\/uploads\/2017\/05\/Mueller-1-a-scaled-e1744027609894-300x225.jpg 300w, https:\/\/schnebele.de\/wp-content\/uploads\/2017\/05\/Mueller-1-a-scaled-e1744027609894-1024x768.jpg 1024w, https:\/\/schnebele.de\/wp-content\/uploads\/2017\/05\/Mueller-1-a-scaled-e1744027609894-768x576.jpg 768w, https:\/\/schnebele.de\/wp-content\/uploads\/2017\/05\/Mueller-1-a-scaled-e1744027609894-1536x1152.jpg 1536w, https:\/\/schnebele.de\/wp-content\/uploads\/2017\/05\/Mueller-1-a-scaled-e1744027609894-2048x1536.jpg 2048w, https:\/\/schnebele.de\/wp-content\/uploads\/2017\/05\/Mueller-1-a-scaled-e1744027609894-200x150.jpg 200w, https:\/\/schnebele.de\/wp-content\/uploads\/2017\/05\/Mueller-1-a-scaled-e1744027609894-150x113.jpg 150w\" sizes=\"auto, (max-width: 300px) 100vw, 300px\" \/><\/p>\n<p><strong>28. November 2024<\/strong><br \/>\nErst heute erreicht mich die Nachricht vom Tod unserer Mitsch\u00fclerin Helma Lipschitz. Sie hat wohl in (der N\u00e4he von) K\u00f6ln gelebt und ist dort bereits am 04. Juni 2024 gestorben.&nbsp;<\/p>\n<p><strong>25. Oktober 2024<\/strong><br \/>\nErschreckend und bedauerlich zugleich erreicht mich die Meldung vom 23.10.2024 im K\u00f6lner Stadt Anzeiger \u00fcber Dechant Emmerich Wolter, der sich mutma\u00dflich an Jugendlichen vergriffen hat <a href=\"https:\/\/www.ksta.de\/region\/oberberg\/waldbroel\/erzbistum-bestaetigt-strasse-in-waldbroel-traegt-namen-eines-taeters-884942\" target=\"_blank\" rel=\"noopener\">Hier geht&#8217;s zum Online Artikel<\/a><br \/>\nEiner der Betroffenen hat sein Martyrium nach vielen Jahren und Jahrzehnten endlich \u00f6ffentlich gemacht. Weitere Betroffene haben sich danach ebenfalls gemeldet.<br \/>\nIch selbst hatte keinerlei negative und vor allen Dingen \u00fcbergriffige Erfahrungen mit ihm machen m\u00fcssen. Entt\u00e4uscht und entsetzt bin ich deshalb aber um so heftiger.<\/p>\n<p><strong>08. Oktober 2024<\/strong><br \/>\nHeute erreicht mich die traurige Nachricht von Klaus Birnstengel, dass Ulrich Wahl gestern (07.10.) verstorben ist. Die Einschl\u00e4ge kommen in k\u00fcrzeren Abst\u00e4nden&#8230;<\/p>\n<p><strong>28. September 2024<\/strong><br \/>\nFast zeitgleich erreichen mich Mails von Lothar Hauswirth und Edgar Sch\u00f6pe, die mich \u00fcber den Tod unseres Lehrers Gerd Theodor Leuchtmann (17.09.2024) informieren.<\/p>\n<p><strong>14. Juli 2024<\/strong><br \/>\nIn den letzten Tagen habe ich ein paar Anekdoten von Dieter Carstensen zu einigen Lehrern erhalten, die nun auf der Lehrerseite eingepflegt sind: (<a href=\"https:\/\/schnebele.de\/?p=2827\" target=\"_blank\" rel=\"noopener\">https:\/\/schnebele.de\/?p=2827<\/a>)<br \/>\nViel Spa\u00df beim Lesen&#8230;.<\/p>\n<p><strong>28. Juni 2024<\/strong><br \/>\nHeute erreicht mich die traurige Nachricht von Wolfgang Schmidt, dass Klaus Rogge im Juni verstorben ist. Leider war Klaus nie bei einem Jahrgangsstufentreffen.<\/p>\n<p><strong>19.05.2024<\/strong><br \/>\nErneut eine traurige Nachricht, die mich heute erreichte. Friedhelm Braasch, mit uns zusammen am Gymnasium eingeschult aber vor dem Abi abgegangen, ist am 15.05.2024 gestorben.<br \/>\nEinige von uns waren mit ihm zusammen in der Theatergruppe und haben die &#8222;legend\u00e4re&#8220; Kulisse f\u00fcr Bunburry aus Styropor gezaubert.<\/p>\n<p><strong>22. April 2024<\/strong><br \/>\n<img loading=\"lazy\" decoding=\"async\" class=\"alignnone size-medium wp-image-6309\" src=\"http:\/\/schnebele.de\/wp-content\/uploads\/2017\/05\/August_Pielsticker_Todesanzeige-298x300.jpg\" alt=\"\" width=\"298\" height=\"300\" srcset=\"https:\/\/schnebele.de\/wp-content\/uploads\/2017\/05\/August_Pielsticker_Todesanzeige-298x300.jpg 298w, https:\/\/schnebele.de\/wp-content\/uploads\/2017\/05\/August_Pielsticker_Todesanzeige-150x150.jpg 150w, https:\/\/schnebele.de\/wp-content\/uploads\/2017\/05\/August_Pielsticker_Todesanzeige-149x150.jpg 149w, https:\/\/schnebele.de\/wp-content\/uploads\/2017\/05\/August_Pielsticker_Todesanzeige.jpg 663w\" sizes=\"auto, (max-width: 298px) 100vw, 298px\" \/><br \/>\nIch habe die Info von Hans-Joachim H\u00fcbbe erhalten, dass unser Lehrer August Pielsticker am 15.04.2024 im stolzen Alter von 99 Jahren verstorben ist.<br \/>\nDer Name Pilsticker \u2013 das Synonym f\u00fcr Englisch! Der Mann hat nicht englisch gesprochen, sondern gelebt. Und mich hat er als Sprachen Abstinenzler zum Verzweifeln gebracht.<br \/>\nR.I.P.<\/p>\n<p><strong>05. Juni 2023<\/strong><br \/>\nEin toller Abend mit Euch zusammen in der Klus liegt hinter uns. Euch allen vielen Dank, dass Ihr da wart. Wir waren 49 Sch\u00fcler\/Sch\u00fclerinnen und dazu kam unser Lehrer, Herr Seipp.<br \/>\nKaum zu glauben: erst fiebert man jahrelang auf das n\u00e4chste Jahrgangsstufentreffen hin, und schon ist es wieder vorbei.<br \/>\nAbermals waren wir bei Guido Hartmann in der \u201eZur Klus\u201c und wurden wie gewohnt, bestens von ihm uns seinem Team umsorgt.<br \/>\nDieses Mal waren wir 49 Sch\u00fclerinnen und Sch\u00fcler und f\u00fcr die Lehrer hat Herr Seipp die Fahne hochgehalten. Das Wetter spielte auch mit und so konnten wir den kompletten Abend im Biergarten verbringen.<br \/>\nIch glaube, ich spreche f\u00fcr alle Anwesenden, wenn ich sage, dass wir einen tollen Abend hatten und froh waren, einander wieder pers\u00f6nlich gesehen zu haben.<br \/>\nIn alphabetischer Reihenfolge die Teilnehmerinnen und Teilnehmer (Verheiratete mit urspr\u00fcnglichen Familiennamen):<br \/>\nFriedhelm Bals, Petra Becker, Klaus Birnstengel, Christiane Brandt, Birgit Br\u00fcck, Gabriele Bublies, Ulrich Demmer, Ulrike Duscha, Christian Ehnert, Hans-Dietmar Engelberth, Monika Fischbach, Anke Freischl\u00e4ger, Evi Grommes, Harald Gudemann, Jochen G\u00fcnther, Bettina Heckmann, Gabriele Hippel, Hans-Joachim H\u00fcbbe, Manfred J\u00e4ger, Heiko Jungjohann, Arno Keesen, Anette Klein, Birgit Klein, Ludwig Knipping, Hans-G\u00fcnter Marrenbach, Claudia Menn, Klaus Menzel, Uwe Meyer, Heike Pippert, Heidrun Rottmann, Marion Sauer, Elke Schmidt, J\u00f6rg Schnebele, Edgar Sch\u00f6pe, Frank Schramm, Marion Schuh, Paul-Herrmann Schumacher, Torsten Sehnert, Ursula Solbach, Gabi Spitzlei, Ulrich Stahl, Ulrike Stausberg, Peter Stommel, J\u00fcrgen Voigt, Gerd Weidenbr\u00fccher, Mario Winter, Dorle Wirtz und Stefan Wurm.<\/p>\n<p>Und nach dem Treffen ist vor dem Treffen und so schauen wir nach vorne ins Jahr 2028, wenn wir unser 50j\u00e4hriges Jubil\u00e4um feiern werden.<br \/>\nVon einigen wurde ich f\u00f6rmlich gedr\u00e4ngt, die Abst\u00e4nde zwischen den Treffen zu verk\u00fcrzen\u2026 Hm, schau\u2019n wir mal; aber bis zu n\u00e4chsten Treffen greifen noch einmal die f\u00fcnf Jahre; dann schauen wir weiter.<\/p>\n<p>Au\u00dferdem kam die Anregung, ob wir nicht das n\u00e4chste mal J\u00fcrgen Pfeil vom \u201eEiscafe-Bistro\u201c einladen sollten; schlie\u00dflich haben sehr viele von und einen gro\u00dfem Teil der Oberstufenzeit in seiner Eisdiele verbracht. Nat\u00fcrlich NUR in Freistunden&nbsp;<br \/>\nIch habe schon mit J\u00fcrgen gesprochen, und ihn seelisch auf die zu erwartende Einladung vorbereitet\u2026<\/p>\n<p><strong>23. Mai 2023<br \/>\n<\/strong>Ich habe vor einigen Wochen auch unsere Lehrer eingeladen, sofern ich eine Mailadresse oder Postadresse hatte. Einige unserer Lehrer haben sich bei mir zur\u00fcckgemeldet.<br \/>\nZugesagt hat Herr Seipp; da seine Frau damals die weibliche Begleitung bei unserer Studienfahrt nach Budapest war, habe ich ihm gesagt, dass er sie doch mitbringen soll; mal sehen, ob Frau Seipp dabei sein wird.<br \/>\nAbgesagt haben folgende Lehrer: Ehepaar Granz\/Schiffl, die leider an diesem Wochenende in Urlaub sind. Ich soll aber alle, die sich noch an sie erinnern k\u00f6nnen, herzlich gr\u00fc\u00dfen. Hildegard Granz hat damals die weibliche Begleitung bei unserer (Klasse b) Klassenfahrt nach Mosbach gemacht und h\u00e4tte nach eigenen Angaben jede Menge Anekdoten beizusteuern gehabt. Das m\u00fcssen wir nun um f\u00fcnf Jahre verschieben.<br \/>\nVon Renate Herbrand erreichte mich heute Morgen ein Brief. Sie ist inzwischen von N\u00fcmbrecht nach K\u00f6ln gezogen. Da an ihr \u201edie letzten 45 Jahre auch nicht spurlos\u201c vorbeigegangen seien, sei ihr der Weg nach Waldbr\u00f6l\/Br\u00f6l zu beschwerlich; l\u00e4sst Euch aber ebenfalls sch\u00f6n gr\u00fc\u00dfen.<br \/>\nAu\u00dferdem erreichten mich Mails von Frau Mitic und Herrn Sch\u00fctze, die ebenfalls aus urlaubstechnischen Gr\u00fcnden nicht dabei sein k\u00f6nnen. Und auch hier von beiden herzliche Gr\u00fc\u00dfe an Euch.<br \/>\nWeitere 12 Lehrerinnen und Lehrer konnte ich wohl mit meinen Einladungen erreichen, von denen ich aber (bis dato) keine R\u00fcckmeldung erhalten habe.<br \/>\nSeien wir mal gespannt, ob\/wer uns noch beehrt.<\/p>\n<p><strong>07. Mai 2023<br \/>\n<\/strong>Letzte Woche habe ich Einladungen f\u00fcr unser Treffen an unsere Lehrer verschickt, deren Adressen ich noch habe. Daraufhin rief mich gestern Frau Kn\u00f6rrlich an, um mir zu berichten, dass ihr Mann bereits im Juni 2022 verstorben sei.<br \/>\nDr. Kn\u00f6rrlich war mein Deutschlehrer in der Sexta und bescherte mir meine erste Sechs.<br \/>\nR.I.P.<\/p>\n<p><strong>04. Mai 2023<br \/>\n<\/strong>Es ist kaum zu glauben; \u00fcber Facebook habe ich Bettina Heckmann gefunden, die damals zwar nicht in unserer Jahrgangsstufe war, aber 1975 mit einigen von uns das Skilager mit Harry Hofmann mitgemacht hat und viel Kontakt zu ei9nigen unserer Leute hatte.<br \/>\nSie hat mit glatt den Kontakt zu Heinz Oehler herstellen k\u00f6nnen, mit dem ich heute telefoniert habe. Und dann kam auch gerde noch die (hoffentlich) aktuelle Adresse von Gerd Weidenbr\u00fccher von ihr.&nbsp;<br \/>\nIch bin sprachlos (was nicht oft der Fall ist)<\/p>\n<p><strong>21. April 2023<\/strong><br \/>\nEine sehr traurige und schockierende Nachricht erreichte mich eben von Claudia Kappenstein (Gro\u00dfnick). Berti ist gestern gestorben&#8230;. Unfassbar, ich hatte mich so auf ein Wiedersehen mit den beiden im Juni gefreut \ud83d\ude41<\/p>\n<p><strong>02. M\u00e4rz<\/strong><br \/>\nDie L\u00fccken werden kleiner. Hatte ich anf\u00e4nglich um die 70 verifizierte Kontakte, liege ich jetzt, Stand heute 14:30 Uhr, bei 108.<br \/>\nIch habe heute die Leute, die ich noch nicht verifizieren konnte, pers\u00f6nlich per Mail angeschrieben; und siehe da, das funktioniert ganz gut. Dar\u00fcber hinaus startete ich heute die erste Telefonaktion bei den Leuten, von denen ich keine g\u00fcltige oder gar keine Mailadresse hatte. Dabei kamen erfreuliche Gespr\u00e4che mit Claudia Menn, Uwe Meyer und Hartmut &#8222;Happy&#8220; Schmidt zustande.<br \/>\nUnd es wird in den n\u00e4chsten Tagen weitergehen.&nbsp;<\/p>\n<p><strong>04. Januar 2023<\/strong><br \/>\nHeute habe ich folgende Mail an die 78er geschickt:<\/p>\n<p><em>ich hoffe, Ihr seid alle gesund und munter ins neue Jahr gekommen.<br \/>\n<\/em><em>Ob man\u2019s glaubt oder nicht, in 6 Monaten steht unser n\u00e4chstes Treffen an.<br \/>\n<\/em><em>Ich habe inzwischen von 77 von Euch eine R\u00fcckmeldung auf meine Mails erhalten, wei\u00df diese Mitsch\u00fcler:innen also zu erreichen.<br \/>\n<\/em><em>62 Leute haben nicht geantwortet, so dass ich bef\u00fcrchten muss, dass die mir bekannten Mailadressen nicht mehr aktuell sind.<br \/>\n<\/em><em>4 der vermeintlich Verschollenen sind (soviel ich wei\u00df) auf Facebook. Diese habe ich schon \u00fcber FB angeschrieben.<\/em><\/p>\n<p><em>Hier noch einmal die Bitte an alle unten aufgef\u00fchrten, sofern Ihr meine Mails erhaltet. Gebt mir bitte eine kurze R\u00fcckmeldung. Solltet Ihr Kontakt zu einem\/einer der Verschollenen haben, w\u00e4re ich f\u00fcr eine Info dankbar.<br \/>\n<\/em><em>Die anderen werde ich dann versuchen, telefonisch zu erreichen, was nat\u00fcrlich sehr zeitaufwendig ist\u2026.<\/em><\/p>\n<p><em>Schon mal vielen Dank f\u00fcr Eure Unterst\u00fctzung<\/em><\/p>\n<p><strong>28. September 2022<br \/>\n<\/strong>Kaum zu glauben, aber in acht Monaten steht unser n\u00e4chstes <strong>Jahrgangsstufentreffen<\/strong> in der \u201e<strong>Zur Klus\u201c<\/strong> in Br\u00f6l an. F\u00fcnf Jahre seit dem letzten Treffen sind dann wieder rum. Ich habe mich, nachdem ich Euch zwei m\u00f6gliche Termine genannt habe, schlie\u00dflich auf den <strong>03. Juni<\/strong> festgelegt. W\u00e4re toll, wenn Ihr Euch den Termin blockt und kommt.<br \/>\nIch hoffe mal, dass wir uns wegen Corona Beschr\u00e4nkungen keine Gedanken machen brauchen und hoffe, dass auch sonst nichts passiert, was das Treffen beeinflussen k\u00f6nnte.<br \/>\nIch hatte Euch damals gebeten, mir kurz eine R\u00fcckmeldung (per Mail, WhatsApp ist auch m\u00f6glich) zu geben, damit ich Eure Mailadressen verifizieren kann und sicher bin, dass ich Euch alle erreiche.<br \/>\nEs kann ja durchaus sein, dass der eine oder andere seine Mail Adresse ge\u00e4ndert hat und die alte aber immer noch aktiv ist. Dann bekomme ich keine Meldung, dass die Addi nicht mehr aktuell ist.<br \/>\nFalls Ihr Euch bei mir gemeldet hattet und das Bed\u00fcrfnis habt, dies wieder zu tun: gerne, doppelt gemoppelt h\u00e4lt besser&nbsp;<br \/>\nDie Leute, von denen ich keine R\u00fcckmeldung bekomme, m\u00fcsste ich dann versuchen, telefonisch und\/oder per Brief zu erreichen, was nat\u00fcrlich sehr zeitaufwendig ist.<br \/>\nViele Gr\u00fc\u00dfe und bleibt\/werdet gesund. Ich freue mich wahnsinnig auf ein Wiedersehen mit jedem einzelnen von Euch!!!<\/p>\n<p><strong>30. April 2022<\/strong><br \/>\nGerade informiert mich Hans-J\u00f6rg R\u00fcssing, dass unser Mitsch\u00fcler Wolfgang Heinemann an den Folgen eines Herzinfarktes verstorben ist.<br \/>\nR.I.P. Wolfgang<\/p>\n<p><strong>05. Januar 2022<\/strong><br \/>\nNach und nach trudeln Eure R\u00fcckmeldungen ein&#8230;<br \/>\nHeute habe ich mal die alte und mir bekannte Telefonnummer von <strong>Manfred J\u00e4ger<\/strong> rausgekramt und einen Versuch gestartet&#8230; TREFFER!!! Manfred erreicht und neue Mailadresse bekommen&#8230;<br \/>\nSo kann&#8217;s weitergehen<\/p>\n<p><strong>03. Januar 2022<\/strong><br \/>\nDie ersten R\u00fcckmeldungen trudeln ein und auch Guido Hartmann von der Klus hat meine Terminvorschl\u00e4ge eingetragen&#8230;.<br \/>\nEs l\u00e4uft!!<\/p>\n<p><strong>03. Januar 2022<br \/>\n<\/strong>Wow, ich sehe gerade, dass ich im Jahr 2020 und 2021 gar nichts gepostet habe&#8230;<br \/>\nNun denn, hier die Mail, die ich heute an die Ehemaligen und unsere Lehrer verschickt habe:<br \/>\n&#8222;nachdem ich mich vor Weihnachten nur sehr knapp bei Euch gemeldet habe, m\u00f6chte ich Euch zu Beginn des neuen und hoffentlich entspannteren Jahres 2022 noch ein paar Zeilen schreiben.<br \/>\nDie Vorweihnachtszeit war (ich denke mal nicht nur bei mir) recht stressig. Die ganzen Corona Einschr\u00e4nkungen machen einen m\u00fcrbe, bekloppt, paranoid\u2026 Darauf kann man echt verzichten.<br \/>\nNeben dem \u201enormalen\u201c Weihnachtsstress hatte ich selber noch ein paar zus\u00e4tzliche private H\u00fcrden hinter mich zu bringen.<br \/>\nZum Ende des Jahres haben meine Frau und ich meine Mutter zu einer Wohnung in betreutem Wohnen \u00fcberzeugen k\u00f6nnen, was neben der normalen Arbeit jede Menge Zeit und Kraft gekostet hat. Teilumzug in die neue Wohnung, die ihr Gott sei Dank gef\u00e4llt, einen Restumzug der restlichen M\u00f6bel zu uns, und all der Kram, der bei einem normalen Umzug auch noch hinzukommt. Aber, alles super gelaufen.<br \/>\nDann hat mich am 06. Dezember noch der Corona Virus erwischt. Da ich geimpft und geboostert war, ist das Ganze ohne jegliche Symptome bei mir abgelaufen. Meine Frau hat sich von mir nicht anstecken lassen, was wir beide gar nicht so \u00fcbel fanden.<br \/>\nNun befinden wir uns im Jahr 2022, was bedeutet, dass turnusm\u00e4\u00dfig im kommenden Jahr unser n\u00e4chstes Treffen, anl\u00e4sslich unseres <strong>45j\u00e4hrigen Abi Jubil\u00e4ums<\/strong>, ansteht.<br \/>\nDa wir uns alle bei den letzten Treffen so derma\u00dfen wohl bei Guido Hartmann und seiner Mannschaft in der Klus gef\u00fchlt haben, ist f\u00fcr mich die Frage nach dem Austragungsort jetzt schon beantwortet. Vorausgesetzt Guido will uns wieder bei sich haben.<br \/>\nIch m\u00f6chte auch schon gerne das Datum eingrenzen. Nach dem Check der Feiertage im kommenden Jahr, schwebt mir der <strong>03. oder 10. Juni<\/strong> vor. Dann ist Ostern und Pfingsten vorbei. Mit den Schulferien w\u00e4ren wir auch noch nicht im Klinsch, was vielleicht nicht mehr Euch als Eltern, sondern eher als Gro\u00dfeltern interessieren d\u00fcrfte (Schei\u00dfe, wie die Zeit vergeht).<br \/>\nUnd da ich ein sehr optimistischer Pessimist bin, hoffe ich, dass wir Corona dann weniger zum Thema haben werden. Zum einen auf Grund Herdenimmunit\u00e4t, ggfs auch bei neuen Mutationen, zum anderen, weil die Fr\u00fchlings- und Sommermonate eh dem Corona \u2013 Mistst\u00fcck nicht so gefallen.<br \/>\nIch habe die letzten Wochen einige Zuschriften von Euch bekommen, die mir zeigen, dass auch Ihr Euch auf das n\u00e4chste Treffen freut. Also lassen wir es gef\u00e4lligst angehen!!!<br \/>\nF\u00fcr mich beginnt mit dieser Mail die Vorbereitung. Keine Angst, es macht mir Spa\u00df, und als Arbeit oder Belastung sehe ich das absolut nicht.<br \/>\nDa ich schon im Laufe des letzten Jahres \/ der letzten Jahre festgestellt habe, dass mir einige von uns \u201eabhanden\u201c gekommen sind, beginnt nun der Check auf G\u00fcltigkeit der mir bekannten (Mail)Adressen.<br \/>\nAktuell habe ich folgende Leute auf dem Schirm, deren Kontaktdaten mir verlorengegangen sind:<\/p>\n<p><strong>J\u00e4ger, Manfred<\/strong><br \/>\n<strong>Hein, Harold<\/strong><br \/>\n<strong>Henscheid, Heinz Dieter<\/strong><br \/>\n<strong>Klein, Beate<\/strong><br \/>\n<strong>Lippschitz, Helma<\/strong><br \/>\n<strong>Oehler, Heinz<\/strong><br \/>\n<strong>Prinz, Gabriele<\/strong><br \/>\n<strong>Rogge, Klaus<\/strong><\/p>\n<p>Falls Ihr mit einem\/einer dieser Leute Kontakt habt, lasst es mich bitte wissen. Gem\u00e4\u00df meiner Erfahrung werde weitere in den n\u00e4chsten Tagen\/Wochen dazukommen.<br \/>\nDamit ich wei\u00df, wen ich von Euch ich mit dieser Mail wirklich erreicht habe, bitte ich Euch, mir eine kurze R\u00fcckantwort zu geben.<\/p>\n<p><strong>05.M\u00e4rz 2019<\/strong><br \/>\ninnerhalb weniger Tage sind zwei unserer Lehrer verstorben: am 15.02. Dietrich Schmidt (Musik-Schmidt) und am 26.02. Jutta Funk.<br \/>\nDietrich Schmidt wurde 88 Jahre, Jutta Funk 92&#8230; Ein stolzes Alter<\/p>\n<p><strong>13. Mai 2018<br \/>\n<\/strong>Noch drei Wochen bis zum Treffen<br \/>\nInzwischen habe ich die Einladungen der Lehrer verschickt.<br \/>\nHerr R\u00f6ggener und Herr Ohlem\u00fcller haben per Mail leider abgesagt.<\/p>\n<p>Jutta Funk hat mich angerufen und leider auch absagen m\u00fcssen: \u201aIhr Hirn arbeite mit 92 ja noch super, aber beim Gehen sei sie auf einen AOK Shopper angewiesen; das Laufen mache ihr Probleme, so dass sie auch nicht teilnehmen k\u00f6nne. Auf alle F\u00e4lle soll ich aber an alle, die bei ihr Unterricht hatten, sch\u00f6ne Gr\u00fc\u00dfe ausrichten und uns allen viel Spa\u00df am 02. Juni\u2018.<\/p>\n<p>Die Einladungen an Dr. Kn\u00f6rrlich und Herrn Pielsticker kamen als unzustellbar zur\u00fcck.<br \/>\nConnie hat mit inzwischen mitgeteilt, dass ihre Eltern in Dresden wohnen.<\/p>\n<p>Was mit Herrn Pielsticker ist, kann ich nicht sagen; bl\u00f6derweise ist bei mir mit Doro Pielstickers Mailadresse ein Durcheinander entstanden, so dass ich sie nicht per Mail \u00fcber ihren Vater ausfragen kann. Gott sei Dank ist sie aber in Facebook und ich hoffe, dass sie noch rechtzeitig meine Nachricht liest.<\/p>\n<p>Dankenswerterweise habe ich von Elke Buttchereyt erfahren, dass Uli Duscha inzwischen wieder in Deutschland lebt und habe von ihr auch Ulis Mailadresse bekommen. Ich hoffe, sie stimmt noch.<\/p>\n<p>Bis heute haben sich 41 Leute gemeldet, die vorhaben, am 02. Juni mit dabei zu sein; nach meinen Erfahrungen ein recht guter Schnitt; dann kommt ja noch eine \u201eDunkelziffer\u201c dazu.<\/p>\n<p><strong>01.Mai 2018<br \/>\n<\/strong>Erfreulicherweise habe ich noch einige von Euch ausfindig gemacht: Ute Sch\u00f6pping, Thomas Gr\u00f6nebaum und Walter Dick habe ich telefonisch erreichen k\u00f6nnen.<\/p>\n<p>F\u00fcr den Abend habe ich noch einmal alle Bilder aus Schulzeiten, die ich habe, auf meinen Laptopp gepackt. Guido von der KLus hat immer noch einen gro\u00dfen Fernseher in der Gastst\u00e4tte h\u00e4ngen, \u00fcber den wir eine Slideshow \u00fcber den ganzen Abend laufen lassen k\u00f6nnen.<\/p>\n<p>Bis jetzt haben sich 27 Leute bei mir gemeldet, die die Absicht haben, am 02. Juni dabei zu sein.<br \/>\nIch hoffe, dass da noch einige mehr dazukommen; bin sehr optimistisch.<\/p>\n<p>Bin gerade dabei, die Einladungen an die Lehrer zu schreiben; diese werden dan die n\u00e4chsten ein\/zwei Tage auf die Reise gehen.<\/p>\n<p>Auf der offiziellen Hollenberg Gymnasium Page habe ich \u00fcbrigens eine Rubrik entdeckt, in der verzeichnet ist, welcher Lehrer wann in den Ruhestand gegangen ist. Da sind doch glatt selbsdt die Referendare dabei\u2026.(Kopfsch\u00fctteln)<br \/>\nUnser Pauker Hamburger fragte mich dann auch gleich mal, ob ich wisse, welcher Lehtrer wie lang am HGW unterrichtet hat.<br \/>\nKann ich nat\u00fcrlich nicht6 sagen, habe aber diese Aufgabe direkt mal an den aktuellen Schulleiter Frank Bohlscheid weitergegeben, der mir versprochen hat, mal die Archive des HGWs zu durchforsten.<\/p>\n<p>Es bleibt spannend \ud83d\ude42<\/p>\n<p>\u00dcbrigens hat Herr Bohlscheid auch die Einladung einer F\u00fchrung durch das Gymnasdium angeboten. Wenn also Interesse auf Eurer Seite besteht, lasst es mich wissen.<br \/>\nAnbieten w\u00fcrde sich dann der Samstag Nachmittag\u2026<br \/>\nBei Interesse bitte eine Mail mit dem Betreff \u201eF\u00fchrung HGW\u201c an mich. Werde es dann bei gen\u00fcgend Interesse weiterleiten und organisieren<\/p>\n<p><strong>17. April 2018<\/strong><br \/>\n<img loading=\"lazy\" decoding=\"async\" class=\"size-full wp-image-2755 alignleft\" src=\"http:\/\/schnebele.de\/wp-content\/uploads\/2017\/05\/Fritzsche.jpg\" alt=\"\" width=\"90\" height=\"90\">Heute erreicht mich die Nachricht, dass am Wochenende die Todesanzeige von unserem Mathelehrer <span style=\"color: #800000;\"><strong>Paul Fritzsche<\/strong><\/span> in der Zeitung gestanden hat. Fritzsche ist 96 Jahre alt geworden&#8230;.<br \/>\nSeltsam, gestern hab eich mir die Adressen der Lehrer herausgesucht, um sie f\u00fcr unser Treffen am 02.06. einzuladen. Dabei habe ich l\u00e4nger dar\u00fcber gegr\u00fcbelt, ob Paul noch lebt&#8230; \ud83d\ude41<\/p>\n<p><strong>17. Februar 2018<\/strong><br \/>\nEben erfahre ich, dass <strong>Karl-Wilhelm Jacobs<\/strong> am 31.01.2018 verstorben ist. Jacobs wird den Wenigsten von Euch etwas sagen, da er in der 11 mal ein halbes Jahr EDV gelehrt hat. Mehr Infos zu ihm auf der &#8222;Lehrer&#8220; Seite<\/p>\n<p><strong>04. Januar 2018<\/strong><br \/>\nIch habe die letzten Tage begonnen, fehlende oder verlorengegangene Kontaktdaten auf den neusten Stand zu bringen und habe von einigen von Euch eine Menge Hilfe, Tipps, Telefonnummern und Mailadressen bekommen.<br \/>\nDas hat dazu gef\u00fchrt, dass ich einige Mitsch\u00fcler, die mir &#8222;verlorengegangen&#8220; sind, wiedergefunden habe.<\/p>\n<p>Dar\u00fcber hinaus hatte ich auf diesem Weg auch die M\u00f6glichkeit, mit dem einen oder anderen von Euch zu telefonieren, was eine Menge alter Erinnerungen bei mir wachger\u00fcttelt hat.<br \/>\nGesprochen habe ich unter anderem mit Hans-G\u00fcnter Marrenbach, Peter &#8222;Super P W Beatleton Charly&#8220; Weinand, Uli Wahl, Uwe Meyer, Stefan Mortsiefer&#8230;.<\/p>\n<p>Aktuell habe ich 98 Kontakte verifizieren k\u00f6nnen; ich denke, dass&nbsp;in den kommenden Tagen weitere Best\u00e4tigungen eintrudeln werden.<\/p>\n<p>Eine gro\u00dfe Hilfe dabei auch Facebook; f\u00fcr mich &#8211; wie bei einigen meiner Kontakte geschehen &#8211;&nbsp;ein guter Ansatzpunkt, einige von Euch zu kontakten.<br \/>\nIch bin gespannt, was die n\u00e4chsten Tage und Wochen bringen werden.&nbsp;<\/p>\n<p><strong>19. November 2017<\/strong><br \/>\nheute habe ich erneut eine Mail rausgeschickt, in der Hoffnung, dass sich weitere ehemalige Mitsch\u00fcler bei mir melden, von denen ich auf meine Mail vom 25. September noch keine R\u00fcckmeldung bekommen habe.<br \/>\nErfreulich war inzwischen, dass &#8222;Happy&#8220; Schmidt auf der Homepage war, weil er n\u00e4chstes Jahr ein weiteres Treffen vermutete und hat gelesen, dass er als verschollen galt.<\/p>\n<p><img loading=\"lazy\" decoding=\"async\" class=\"size-full wp-image-4792 alignleft\" src=\"http:\/\/schnebele.de\/wp-content\/uploads\/2017\/05\/Hertel-Liane-alt-1.jpg\" alt=\"\" width=\"90\" height=\"90\">Sehr traurig indessen ist die Nachricht, die ich soeben von <strong><span style=\"color: #800000;\">Liane Hertels<\/span> <\/strong>Mann bekam: Lilly ist am 11.11.2017 verstorben.<br \/>\nBei aller Trauer bin ich aber sehr froh, dass ich Liane kurz vor unserem Treffen 2013 wiedergefunden habe und sie auch in der Klus mit dabei war. R.I.P. Lilly<\/p>\n<p><strong>25. September 2017<\/strong><br \/>\nFolgende Mail ging heute an die Ehemaligen:<\/p>\n<div id=\"id_59c8dfa61ac848553377615\" class=\"text_exposed_root text_exposed\">\n<p><em>Hallo zusammen,<\/em><\/p>\n<p><em>nachdem nun der Termin f\u00fcr das n\u00e4chste Jahrgangsstufentreffen steht (02. Juni 2018), bin ich nun dabei, die Aktualit\u00e4t Eurer Email Adressen zu checken.<br \/>\n<\/em><em>Einige von Euch haben mir dieses Jahr schon mal eine Mail geschickt, so dass ich dar\u00fcber die Best\u00e4tigung erhalten habe, dass die Adresse ok ist.<span class=\"text_exposed_hide\">&#8230;<\/span><span class=\"text_exposed_show\"><br \/>\nEbenso \u00fcber Abwesenheitsassistenten.<br \/>\n<\/span><\/em><em>Einige Mails waren nicht mehr zustellbar, so dass ich dort nun wieder auf die Suche gehen muss.<\/em><br \/>\n<em> Folgende Leute waren nicht (mehr) erreichbar; vielleicht hat der Eine oder Andere von Euch aber Kontakt zu diesen Leuten und kann mich hier wieder auf den aktuellen Stand bringen:<\/em><br \/>\n<em> Dick, Walter<\/em><br \/>\n<em> Haypeter, Marion<\/em><br \/>\n<em> Hein, Harold<\/em><br \/>\n<em> Leuwer, J\u00fcrgen<\/em><br \/>\n<em> Schacht, Jochen<\/em><br \/>\n<em> Schmidt, \u201eHappy\u201c Hartmut<\/em><br \/>\n<em> Stommel, Peter<\/em><br \/>\n<em> Weinand, \u201eSuper P W Beatleton Charly\u201d Peter<\/em><br \/>\n<em> Wirtz, \u201cDorle\u201d Dorothea<\/em><\/p>\n<div class=\"text_exposed_show\">\n<p><em>Grunds\u00e4tzlich m\u00f6chte ich Euch bitten, mir eine kurze R\u00fcckmail zu schicken, damit ich die Best\u00e4tigung habe, Euch erreicht zu haben; Ihr braucht gar nicht gro\u00df etwas zu schreiben..<\/em><br \/>\n<em> Daf\u00fcr schon mal vielen Dank.<br \/>\n<\/em><em>Na dann schauen wir mal, wie komplett ich unsere Liste wieder hinbekomme.<\/em><br \/>\n<em> Viele Gr\u00fc\u00dfe<\/em><\/p>\n<p><em>J\u00f6rg<\/em><\/p>\n<\/div>\n<\/div>\n<p><strong>23. August 2017<br \/>\n<\/strong>ich habe heute den Termin f\u00fcr unser Jahrgangsstufentreffen 2018 mit Guido von der \u201eKlus\u201c in Br\u00f6l klargemacht und mich bem\u00fcht, ihn so zu legen, dass uns keine Feiertage und Ferien in die Quere kommen.<br \/>\nEs ist der <strong><span style=\"color: #993300;\">02. Juni 2018<\/span><br \/>\n<\/strong>Ich hoffe, dass es zu unserem 40j\u00e4hrigen Jubil\u00e4um viele von Euch einrichten k\u00f6nnen\/wollen, und dabei sein k\u00f6nnen.<br \/>\nBitte notiert Euch den Termin.<\/p>\n<p><strong>16. Mai 2017<\/strong><br \/>\nMich erreicht eine Mail von Uli Stahl mit folgendem Inhalt: &#8220;<\/p>\n<p><em>Einige, die 1969 wie ich der &nbsp;5 E4 (5. Klasse, Englisch4) angeh\u00f6rten (Lateineingangsklassen gab es 1969 meines Wissens nicht), k\u00f6nnen sich vielleicht noch an die Lehrer <strong>Max Sch\u00f6ler<\/strong> (Englisch) und <strong>Dr. ??? Schneyer<\/strong> (Mathe) erinnern. Sie waren schon \u201e\u00e4ltere Semester\u201c und hatten es nach meiner Erinnerung nicht mehr weit bis zur Pensionierung. Beide waren \u201evom alten Schlag\u201c und legten viel Wert auf Disziplin.<br \/>\n<\/em><em>Was den Tag meiner Einschulung 1969 angeht, sa\u00df ich damals mit &nbsp;weiteren 167 \u201eNeulingen\u201c und unseren Eltern in der Aula und wartete gespannt auf die Aufteilung auf die 4 Eingangsklassen. 44 von uns fanden sich dann in der 5 E4 wieder. Diese Klasse war u. a. Sammelbecken f\u00fcr die &nbsp;Sch\u00fclerinnen und Sch\u00fcler aus der \u201eRepublik\u201c &nbsp;Morsbach. Mit Dr. Wellershaus als Klassenlehrer hatten wir m. E. nicht das schlechteste Los gezogen.<\/em><\/p>\n<p>Echt jetzt? Wir waren anfangs 5 Klassen? Hatte ich ja mal \u00fcberhaupt nicht auf dem Schirm&#8230;. Vielen Dank an Uli!!<br \/>\nMehr von solchen Erg\u00e4nzungen!!!<\/p>\n<p><strong>12. Mai 2017<\/strong><br \/>\nIch habe soeben die Sch\u00fclerseite wieder online gestellt. Jetzt fehlen mir noch die Klassenfahrten und die AD HOC Geschichte, und dann ist die Abi78 Seite wieder komplett.<br \/>\nDie Planung f\u00fcr das n\u00e4chste Treffen kann so langsam aber sicher beginnen.<\/p>\n<p><strong>07. Mai 2017<\/strong><br \/>\nDas F\u00fcllen der Abi78 Page l\u00e4uft ganz gut; Pressesplitter, Abitreffen, Abifeier (z.Tl.)&nbsp;und Theatergruppe sind wieder online. Ich hoffe, dass ich den Rest innerhalb ein\/zwei Wochen komplett habe<br \/>\nAlles wir auch auf die geschlossene <strong>Facebook<\/strong> Gruppe <strong>Abi78 Hollenberh Gymnasium Waldbr\u00f6l<\/strong> geteilt. Einblick in diese Gruppe haben <strong>nur<\/strong> Leute, die ich als Administrator freigegeben habe. Es handelt sich dabei um uns Sch\u00fcler, als auch um unsere Lehrer, sofern in Facebook vertreten.<\/p>\n<p><strong>04. Mai 2017<\/strong><br \/>\nDie ersten Beitr\u00e4ge der Abi78 Page sind auf meiner neuen Homepage online gegangen; ich hoffe, dass ich bis zum Sommer alles wieder auf den alten Stand gebracht habe, damit ich mich ab der zweiten Jahresh\u00e4lfte&nbsp;auf das n\u00e4chste Treffen 2018 konzentrieren kann.<\/p>\n<p><strong>28. September 2015<br \/>\n<img loading=\"lazy\" decoding=\"async\" class=\"alignleft\" title=\"\" src=\"http:\/\/schnebele.de\/wp-content\/uploads\/2017\/05\/Hartmann-Suing.jpg\" alt=\"Hartmann-Suing.jpg\" width=\"95\" height=\"90\"><\/strong><img loading=\"lazy\" decoding=\"async\" class=\"alignleft\" title=\"\" src=\"http:\/\/schnebele.de\/wp-content\/uploads\/2017\/05\/Henrich-neu.jpg\" alt=\"Henrich-neu.jpg\" width=\"90\" height=\"90\">Der 28. September; genau zwei Jahre nach meinem letzten Posting. Mich schauderts&#8230;. Diesen Monat sind wieder zwei Leute verstorben: am 14. September Sabine Suing (geb. Hartmann) und am 24. September Dr. Henrich<\/p>\n<p><strong><br \/>\n28. September 2013<br \/>\n<img loading=\"lazy\" decoding=\"async\" class=\"alignleft\" title=\"\" src=\"http:\/\/schnebele.de\/wp-content\/uploads\/2017\/05\/Freischlaeger-Ute-2008.jpg\" alt=\"Freischlaeger-Ute-2008.jpg\" width=\"90\" height=\"90\">&nbsp;<\/strong>Ich habe die traurige Mitteilung erhalten, dass Ute \u201cOlli\u201d Freischl\u00e4ger verstorben ist&#8230;<\/p>\n<p>&nbsp;<\/p>\n<p>&nbsp;<\/p>\n<p><strong>19.April 2013<br \/>\n<\/strong>Noch einmal schlafen\u2026.<br \/>\nBis zum letzten Tag habe ich erfreulicherweise noch Updates von Euch bekommen, die es mir in Zukunft noch einfacher machen, Euch zu erreichen.<br \/>\nIch muss sagen, dass ich mich m\u00e4chtig auf morgen freue!!<br \/>\nIn meiner Freude scheine ich vergessen zu haben Euch zu sagen, um wie viel Uhr es eigentlich losgeht:<br \/>\nAlso: wir starten ab 19 Uhr; allerdings solltet Ihr Euch keine Gedanken machen, wenn Ihr erst sp\u00e4ter auftauchen k\u00f6nnt.<br \/>\nSchlie\u00dflich ist der einzige Programmpunkt, den wir auf dem Plan haben, einen netten Abend zu genie\u00dfen. Also, selbst wenn Ihr es erst gegen Mitternacht schafft, kein Problem<br \/>\nSo, dann reist alle vorsichtig an!!<\/p>\n<p><strong>24.M\u00e4rz 2013 <\/strong><\/p>\n<p>Der absolute Hammer!!! Nach \u201c ich wei\u00df nicht mehr wie vielen Jahren\u201d bekomme ich eine Mail von Marita Jegust?!?! Kaum zu glauben; sie ist wieder aufgetaucht!!!<\/p>\n<p><strong>22. M\u00e4rz 2013<br \/>\n<\/strong>Habe gestern mal alle \u201coffenen\u201d R\u00fcckmeldungen versucht, abzutelefonieren. Konnte noch einige Leute (oder Anrufbeantworter) erreichen.<br \/>\n15 Leute muss ich nun noch per Post und Brief kontaktieren; dann sollte eigentlich jeder die Info \u00fcber das Treffen haben.<br \/>\nDer aktuelle Stand ist heute folgender: 57 Zusagen, 23 Absagen. Dann noch 14 Unentschlossene; die Erfahrung der letzten Treffen besagt, dass von den Unentschlossenen etwa die H\u00e4lfte komen werden.<br \/>\nIch denke, das ist ein guter Schnitt und l\u00e4uft auf die Teilnehmerzahlen der letzten Teffen raus.<\/p>\n<p><strong>10. M\u00e4rz 2013<br \/>\n<\/strong>Dank Telefonierens habe ich Happy Schmidt erreicht; auch die R\u00fcckmeldungen kommen kontinuierlich rein.<br \/>\nAllerdings musste ich feststellen, dass mir einige Leute in den letzten Jahren \u201cdurch die Lappen gegangen sind\u201d, ohne dass ich das bemerkt habe: Hans G\u00fcnter Marrenbach kann ich nicht erreichen; genausowenig Jochen Schacht und Uwe Meyer. Kann jemand weiterhelfen?<br \/>\nBis jetzt haben sich 77 Leute zur\u00fcckgemeldet: 53 haben zugesagt, 8 kommen unter Vorbehalt und 16 haben abgesagt.<br \/>\nHabe auch festgestellt, dass die Kommunikation unter Euch wohl ganz gut funktioniert; super!!<\/p>\n<p><strong>07. M\u00e4rz 2013<br \/>\n<\/strong>Der gestrige Aufruf hat Bewegung in die Sache gebracht; inzwischen habe ich den R\u00fccklauf von \u00fcber 60 Leuten; 43, die zugesagt haben, zu kommen und dann noch diverse, die sich kurzfristig entscheide werden.<br \/>\nHabe auch schon ein paar Leute versucht, telefonisch zu erreichen und nette Gespr\u00e4che mit Ehemaligen, ihren Partnern oder Anrufbeantwortern gehabt.<br \/>\nUnd FREUDE: habe auch Liane Hertel erreicht und mit ihr gesprochen. Sie war damals in der \u201cb\u201d, ist allerdings vor dem Abi abgegangen. Auch sie hat vor, zu kommen \ud83d\ude42<\/p>\n<p><strong>06. M\u00e4rz 2013<br \/>\n<\/strong>Der Countdown l\u00e4uft; \u00fcber vierzig Ehemalige haben sich gemeldet; 37 (aktueller Stand heute) haben ihr Kommen zugesagt. Ich hoffe, dass noch einige Leute mehr erscheinen, auch wenn sie sich nicht gemeldet haben.<br \/>\nLeider hat sich nach f\u00fcnf Jahren die ein oder andere Emailadresse verabschiedet. \u201cHartmut \u201cHappy\u201d Schmidt z.B. scheint seine Mailaddy ge\u00e4ndert zu haben. Die, die ich habe, ist nicht mehr g\u00fcltig.<br \/>\nDeshalb auch hier noch einmal ein Aufruf an Euch alle: bitte nehmt Kontakt mit allen Ehemaligen auf, von denen Ihr noch die Kontaktdaten habt. W\u00e4re schade, wenn das Treffen an einigen vorbeilaufen w\u00fcrde.<\/p>\n<p><strong>15. Oktober 2012<br \/>\n<\/strong>Der Termin f\u00fcr das n\u00e4chste Treffe steht: 20. April 2013!! Ich hoffe, viele Leute werden auch dieses Mal wieder mit dabei sein<\/p>\n<p><strong>13. Oktober 2012<br \/>\n<\/strong>Die Theatergruppe des HGW wird 50 Jahre. Zu diesem Anlass riefen Herr Hein und Dr. Henrich zum Treffen aller Aktiven und Ehemaligen in die Aula<\/p>\n<p><strong>&nbsp;02.April 2012<br \/>\n<\/strong>Ich fasse es nicht! Nachdem ich \u00fcber meine eigene News Seite gestolpert bin f\u00e4llt mir (mal wieder auf, dass ich \u00fcber ein Jahr nichts hier rein gepostet habe.<br \/>\nAber es geht wieder los!!! Die erste Mail an Euch ist raus, mit der Ank\u00fcndigung, dass unser n\u00e4chstes Treffen im 2. Quartal 2013 sein wird. Guido von der \u201cKlus\u201d hat signalisiert, dass er sich auf uns freut! Dann kann\u2019s ja losgehen. Habe schon ne Menge Mails von Euch zur\u00fcckbekommen, die mir sagen, dass viele Mailadressen weiterhin aktiv sind.<\/p>\n<p><strong>23. Januar 2011<br \/>\n<\/strong>Nachtrag: habe eben die Mailadresse von Hans Peter Michels von Joachim H\u00fcbbe bekommen, danke!!<br \/>\nNachtrag 2: habe eben eine Gruppe Ab78 Hollenberg Gymnasium Waldbr\u00f6l in Facebook er\u00f6ffnet. Added mich einfach in Facebook und tretet dieser Gruppe bei.<\/p>\n<p><strong>23. Januar 2011<br \/>\n<\/strong>Au Weia, wieder ein Jahr rum&#8230;.<br \/>\n\u00dcbern\u00e4chstes Jahr gibt\u2019s unser n\u00e4chstes Treffen&#8230;. Wenn ich so lese, was ich hier so in der Vergangenheit reingeschrieben habe, bekomme ich ein schlechtes Gewissen, weil ich die alten AD HOC Geschichten immer noch nicht im Netz habe. Zwischendurch lief es mit meiner verf\u00fcgbaren Webspace mal gen ACHTUNG &#8211; BALD VOLL, was aber keine Entschuldigung sein soll, dass manche Dinge immer noch nicht erledigt sind. Inzwischen habe ich das Speichervolumen angehoben, so dass wieder Luft nach oben ist.<br \/>\nDie Idee, AD HOC ONLINE weiterzumachen, scheint durch den pl\u00f6tzlichen Tod von Peter Weiss weit in den Hintergrund gerutscht zu sein; Eva Schneider hat die Idee ja \u201cmitverschuldet\u201d, aber leider ist da bisher nichts gekommen&#8230;.<br \/>\nWas mich gefreut hat ist, dass ich inzwischen auch von Klaus Birnstengel eine Mailadresse habe. Die anderen Mailadressen scheinen immer noch zu stimmen, denn ich habe auf meine Weihnachtsgr\u00fc\u00dfe keine Unzustellbarkeit diverser Mails gehabt.<br \/>\nUnd hier und da bekomme ich von Euch Infos, dass sich Adressen, Telefonnummern etc ge\u00e4ndert haben &#8211; super!!<br \/>\nD\u00e4mlicher weise habe ich aber \u00fcbersehen, dass ich von Hans Peter Michels noch keine Mail Adresse hatte. Irgendwann hat er mich angemailt und mir mitgeteilt, dass sich seine Adresse ge\u00e4ndert habe; das Ding mit der Mailadresse habe ich \u00fcbersehen&#8230;. Mail versch\u00fctt und immer noch keine Mailaddy von ihm im Netz. Na, hoffentlich bemerkt er es und meldet sich wieder bei mir.<br \/>\nBei WkW <em>(Wer kennt Wen<\/em> <a href=\"http:\/\/www.wer-kennt-wen.de\/\">www.wer-kennt-wen.de<\/a> ) gibt es \u00fcbrigens auch eine Seite unseres Abiturjahrgangs (<a href=\"http:\/\/www.wer-kennt-wen.de\/club\/gx0n8fdy\"> http:\/\/www.wer-kennt-wen.de\/club\/gx0n8fdy<\/a>). WkW ist kostenlos und ein einfaches Forum, was immer mehr genutzt wird. Im Vergleich zu Facebook usw meiner Meinung nach bedeutend Anwenderfreundlicher; vielleicht trifft man sich dort ja mal.<br \/>\nBleibt mir an dieser Stelle zu hoffen, dass Ihr alle bei bester Gesundheit seid und dass es Euch auch grunds\u00e4tzlich gut geht&#8230;..<\/p>\n<p><strong>31. Januar 2010<br \/>\n<img loading=\"lazy\" decoding=\"async\" class=\"alignleft\" title=\"\" src=\"http:\/\/schnebele.de\/wp-content\/uploads\/2017\/05\/Weiss-Peter-2008.jpg\" alt=\"Weiss-Peter-2008.jpg\" width=\"90\" height=\"90\">&nbsp;<\/strong>Wie ich erschrocken festgestellt habe, habe ich das gesamte Jahr 2009 keine Eintragung gemacht. Und 2010 startet mit einer schlechten Meldung. Dorle Wirtz hat mir geschrieben, dass Peter Weiss pl\u00f6tzlich im November 2009 verstorben ist. Ruhe in Frieden Peter&#8230;<\/p>\n<p><strong> 05.Dezember 2008<br \/>\n<\/strong>Das Jahr neigt sich dem Ende zu; es ist viel passiert; wir haben unser 30j\u00e4hriges Abi gefeiert und hatten wieder ne Menge Spa\u00df. Nun &#8211; so in der besinnlichen Vorweihnachtszeit kehrt bei mir so langsam Ruhe ein; na ja, sagen wir mal so: die Ruhe kann ich schon fast sehen und riechen :-))<br \/>\nDa sind noch einige Dinge liegengeblieben, die ich mir vornehme, im Dezember nachzuholen: Conny Feldmann wartet bestimmt auf Ihre Bilder, die sie mir f\u00fcr die Page geschickt hat. Und auch Uli Stahl h\u00e4tte seine Ad Hoc wohl langsam gerne wieder zur\u00fcck. Auch die Unterlagen von Ute Waffenschmidt liegen hier noch rum. Mal sehen, ob ich wirklich die Zeit finde, bevor wir den Schritt ins Jahr 2009 machen. Und wisst Ihr, was 2009 ist? Nur noch vier Jahre bis zum n\u00e4chsten Treffen!!!!!<\/p>\n<p><strong>09. November 2008<br \/>\n<img loading=\"lazy\" decoding=\"async\" class=\"alignleft\" title=\"\" src=\"http:\/\/schnebele.de\/wp-content\/uploads\/2017\/05\/Horn-2008.jpg\" alt=\"Horn-2008.jpg\" width=\"90\" height=\"90\">&nbsp;<\/strong>Dr. Hans \u201cLumpi\u201d Horn ist gestorben; im Nachhinein freue ich mich ganz besonders, dass er an unserem letzten Treffen noch einmal teilgenommen hat.<\/p>\n<p><strong>20. Juni 2008<br \/>\n<\/strong>Die Reaktion auf das Online AD HOC ist mehr als bescheiden; gleich null&#8230;. Vielleicht muss erst einmal jemand anfangen, und einen Bericht einstellen&#8230;. Mal sehen, wie sich das Ganze entwickelt.<br \/>\nHeute habe ich Bilder von der <a href=\"http:\/\/www.schnebele.de\/Abi78\/Klasse_C\/klasse_c.html\">\u201cC\u201d<\/a> Online gestellt; ist ganz interessant, welche Bilddokumente noch irgendwo rumliegen &#8211; in diesem Fall bei Conny Feldmann. Ich hoffe, dass noch mehr Leute in ihren Archiven st\u00f6bern und wir noch die einen oder anderen tollen Bilder zu Gesicht bekommen.<br \/>\nAu\u00dferdem habe ich heute die Seite \u201ePressesplitter\u201c er\u00f6ffnet. Presseberichte, die uns oder unsere Lehrer irgendwie betreffen\/betrafen. Auch hier hoffe ich, dass noch ne Menge Material eintrudelt&#8230;<\/p>\n<p><strong>04. Juni 2008<br \/>\n<\/strong>Ich habe gestern und heute Morgen etwas Zeit gefunden (hatte ich doch glatt liegenlassen und vergessen) und die Sch\u00fcler- und Lehrerseite upgedatet. In den n\u00e4chsten Tagen soll dann auch endlich die AD HOC ins Netz und dar\u00fcber hinaus gilt es, weiteres Bildmaterial, welches ich von Conny Feldmann und Ute Waffenschmidt bekommen habe, auf der Page unterzubringen&#8230;.<\/p>\n<p><strong>20. Mai 2008<br \/>\n<\/strong>Das Treffen liegt hinter uns&#8230;. Es war super! Die Bilder, die ich gemacht habe sind Online. Sobald ich etwas Luft habe (nicht vor n\u00e4chster Woche), werde ich mal sehen, wie ich die AD HOC eingebaut bekomme. Au\u00dferdem m\u00f6chte ich weitere Bilder der Leute, die beim Treffen waren, auf der Sch\u00fcler-Adressenliste einstellen.<\/p>\n<p><strong>17. Mai 2008<br \/>\n<\/strong>Heute ist es soweit! Bevor ich jetzt die Fahrt nach Waldbr\u00f6l antrete, noch einmal einen kurzen Blick in meine Mails. Kurt Hamburger hat gemailt; er hat war heute noch eine ganzt\u00e4gige Verpflichtung, versucht aber, dennoch vorbeizukommen. Hoffentlich klappt es, w\u00fcrde mich freuen, einen der M\u00e4nner mit den sch\u00f6nsten Beinen von 1978 wiederzusehen \ud83d\ude42<br \/>\nSo, und nun ins Auto; wir haben 09:08 Uhr; in nicht ganz 10 Stunden werden wir uns wiedersehen &#8211; geil!!<\/p>\n<p><strong>16. Mai 2008<br \/>\n<\/strong>DER KNALLER \u00dcBERHAUPT!!!! Gestern Abend erreicht mich eine Mail von Birgit Br\u00fccks kleiner Schwester Antje, die mir berichtet, dass sie die verschollene Steffi Klein in Waldbr\u00f6l, Sudermann Strasse 13 vermutet. Also heute, nachdem ich Frau und Tochter ins Mittelalter gebracht habe um 21:00 Uhr zum Telefon gegriffen, Auskunft angerufen und Nummer erfragt. Und was soll ich Euch sagen! Sie ist es!!!! Und sie wird auch &#8211; wenn auch etwas sp\u00e4ter, da noch andere Verpflichtungen &#8211; kommen. Antje sei Dank!!!<\/p>\n<p><strong>16. Mai 2008<br \/>\n<img loading=\"lazy\" decoding=\"async\" class=\"alignleft\" title=\"\" src=\"http:\/\/schnebele.de\/wp-content\/uploads\/2017\/05\/Scheuten-1.jpg\" alt=\"Scheuten-1.jpg\" width=\"90\" height=\"90\">&nbsp;<\/strong>Gerade erfahre ich, dass Dr. Scheuten vorgestern im Alter von 96 Jahren verstorben ist.<\/p>\n<p><strong>13. Mai 2008<br \/>\n<\/strong>Frau Ohlem\u00fcller hat gerade angerufen und ihren Mann entschuldigt; Ernst Ohlem\u00fcller hatte einen schweren Unfall mit einem Trecker, lag 5 Wochen im Krankenhaus und ist nun in der Reha&#8230; Gute Besserung von hier aus!!!<br \/>\nDr. Kn\u00f6rrlich hat sich gemeldet und sein Kommen best\u00e4tigt, super, freut mich sehr, denn er war 1995 das erste und letzte Mal auf unserem Treffen.<br \/>\nIch habe Heribert H\u00e4nscheid gefunden &#8211; Google sei Dank!!!<br \/>\nPeter Weiss musste ich leider entt\u00e4uschen &#8211; er h\u00e4tte es gerne gesehen, wenn die AD HOC bereits zum Treffen im Netz gestanden h\u00e4tte; aber das bekomme ich zeitlich beim besten Willen nicht hin&#8230;.<\/p>\n<p><strong>06. Mai 2008<br \/>\n<\/strong>Es gibt Sachen, die gibt\u2019s einfach nicht! Ich habe eben bei der \u201cOberbergischen Volkszeitung\u201d in Waldbr\u00f6l angerufen und auf unser Treffen aufmerksam gemacht; mit der Bitte, vielleicht ein paar Zeilen zu schreiben. Da musste ich mir doch glatt von der Redakteurin (Namen habe ich leider vergessen) anh\u00f6ren, dass 30 Jahre Abi ja noch lange kein Anlass sei, in der Volkszeitung dar\u00fcber zu schreiben. Wenn wir 50j\u00e4hriges h\u00e4tten, dann k\u00f6nne ich mich noch einmal melden?!?! Dann kam ihr in den Sinn, dass sie jetzt selber 40jhriges Dienstjubil\u00e4um habe und nahm das zu Anlass, mir zu gestatten, mich anl\u00e4sslich unseres 40j\u00e4hrigen Abijubil\u00e4ums wieder zu melden&#8230; Boa ey, habe ja schon viel mit Presse erlebt; so etwas aber noch nie.<br \/>\nAnders ging es beim Lokalanzeiger: sie haben zwar am 17. ihren einzigen freien Mitarbeiter schon auf dem Stadtfest, werden aber drucken, was ich ihnen schicke &#8211; na also, geht doch!!<br \/>\nUte Rexhausen hat mich darauf aufmerksam gemacht, dass ich D\u00e4mel gar keine Uhrzeit angegeben habe&#8230;. Oh Mann, ich werde wirklich alt. Also, wir beginnen um 19:00 Uhr!!!!<\/p>\n<p><strong>05. Mai 2008<br \/>\n<\/strong>Ulrich Hein, der uns zu unserer Abizeit als Referendar begl\u00fcckte, hat auf meine Einladung geantwortet. Leider kann er nicht zum Treffen kommen&#8230;. \u00dcbrigens hat Herr Hein die Theatergruppe \u00fcbernommen&#8230;<\/p>\n<p><strong>04. Mai 2008<br \/>\n<\/strong>Ich h\u00e4nge jetzt ein paar Tage mit den eingetroffenen News hinterher&#8230;. Meine Mittelaltersaison hat begonnen und ich tanze z.Zt. auf mehreren Hochzeiten.<br \/>\nNichts desto trotz m\u00f6chte ich Euch nicht vorenthalten, dass sich einige der eingeladenen Lehrer gemeldet haben:<br \/>\nDr. Henrich hat mir gemailt und zugesagt, zu kommen.<br \/>\nEkkehard Militz ist in der Zeit des Treffens leider nicht in Waldbr\u00f6l und kann nicht kommen.<br \/>\nPaul Fritzsche war erstaunt, dass man sich seiner erinnert (wundert mich bei DEM Unterhaltungswert &#8211; war aber sicher nur aus unserer Sicht so), hat aber abgesagt, da er im stolzen Alter von 87 Jahren nicht mehr ganz so flexibel und mobil sei.<br \/>\nPeter R\u00f6ggener hat mir geschrieben, dass er nicht genau wei\u00df, ob er nun kommen kann oder nicht. Seltsamerweise erinnert er sich noch sehr gut an uns. Er hat mir sogar noch Ausz\u00fcge aus dem Sitzplan unseres Erdkunde Leistungskurses sowie eine Kopie der Referat Arbeiten geschickt &#8211; wow, ich denke, sooo schlimm waren wir gar nicht \ud83d\ude42<\/p>\n<p><strong>02. Mai 2008<br \/>\n<\/strong>Von Eva Schneider und Peter Wei\u00df habe ich das versprochene AD HOC erhalten und soweit schon als PDF File bearbeitet. Auch das Editorial ist eingetroffen. Wann ich aber die AD HOC Seite einpflegen werde, steht noch ein wenig in den Sternen, da ich z.Zt. extrem im Stress bin. Ich denke allerdings, dass ich damit noch bis nach dem Treffen warte, damit wir auch mit einigen von Euch \u00fcber das Online AD HOC ein wenig sprechen k\u00f6nnen und Ideen und Tipps sammeln. Den beiden bitte ich, mir das verz\u00f6gerte Einpflegen auf die Page nachzusehen&#8230;<\/p>\n<p><strong>29. April 2008<br \/>\n<\/strong>Soeben hat mir mein Internetprovider weitere 600 MB Platz zur Verf\u00fcgung gestellt, die ich gleich mal mit 372 MB belastet habe. Das Video vom 1995er Treffen kann nun von der Abipage runtergeladen werden. Es kann allerdings sein, dass ich fr\u00fcher oder sp\u00e4ter das Teil (aus Platzgr\u00fcnden) wieder runternehme&#8230;<\/p>\n<p><strong>25. April 2008<br \/>\n<\/strong>Es ist immer wieder erstaunlich, was das Internet so hergibt&#8230;. Ich habe so durchgeschaut, wer als vermisst gilt und habe einfach mal bei Google Karl-Heinz Imh\u00e4user eingegeben. Und siehe da: kein Thema, gefunden: <em>\u201cDr. Karl-Heinz Imh\u00e4user studierte P\u00e4dagogik an der Universit\u00e4t K\u00f6ln, wo er sp\u00e4ter &#8211; wie auch an der TU Berlin &#8211; einen Lehrauftrag bekam. &#8230;\u201d Jetzt wei\u00df<\/em> ich, dass er von Berlin wieder in Richtung seiner alten Heimat gezogen ist. Jetzt brauche ich nur noch seine Telefonnummer und Mailadresse, dann sollte ich ihn haben&#8230;.<br \/>\nDa sich sein Bruder Rainer auch nicht gemeldet hat, habe ich auch nach ihm gegoogled. Voller Treffer; dieses Mal sogar mit Mailadresse; und er hat schon geantwortet&#8230;<\/p>\n<p><strong>22. April 2008<br \/>\n<\/strong>Wie gut es ist, wenn man der Post nicht vertraut belegt der Anruf, den ich gestern Abend von Uli Wahl bekam. Er fragte mich doch glatt, ob es denn irgendwann in der n\u00e4chsten Zeit wieder in Jahrgangsstufentreffen g\u00e4be?!?! Da hat der faule Postbote doch glatt den Brief, den ich am 31. M\u00e4rz u.a. an ihn geschickt habe, nicht ausgeliefert.<\/p>\n<p><strong>21. April 2008<br \/>\n<\/strong>Ich habe heute die Einladungen an die Lehrer verschickt; hatte ich erst n\u00e4chste Woche vor, aber da die Post angek\u00fcndigt hat, ab n\u00e4chste Woche zu streiken, habe ich die Briefe besser schon diese Woche auf die Reise geschickt. Folgende Lehrer habe ich eingeladen: Paul Fritzsche, Jutta Funk, Karl Geisler, Kurt Hamburger, Ulrich E. Hein, Dr. Friedhelm Henrich, Renate Herbrand, Dr. Hans Horn, Dr. Wolfgang Kn\u00f6rrlich, Liselotte Knura, Ilka Krafft, Kurt Mai, Ekkehard Militz, Mirjana Mitic, Erhard M\u00fcller, Uli Noss, Ernst Ohlem\u00fcller, August Pielsticker, Peter R\u00f6ggener, Rainer Scheffels, Dr. Karl Scheuten, Walter Schichlein, Hildegard Schiffel, Dietrich Schmidt, Wolfgang Sch\u00fctze, Wolfram Seipp, Dr. Udo Stinnes, Gertraude Temmert, Rainer Wimmer<\/p>\n<p><strong>20. April 2008<br \/>\n<\/strong>Mir kam die Tage in den Sinn, dass ich beim ersten Treffen, welches ich 1995 organisiert habe, keine Fotos gemacht habe, sondern ca 10 Minuten gefilmt habe. Da in nem guten Haushalt nix wegkommt, habe ich das Video auch gefunden und gleich mal digitalisiert.<br \/>\nAlso, sobald Ende April mein Servervolumen erh\u00f6ht werden wird und ich genug Platz habe, werde ich die rund 350 MB auf die Page stellen, so dass sie sich jeder herunterladen kann.<br \/>\nDie Qualit\u00e4t ist auf Grund von wenig Licht nicht allzu toll, aber folgende Leute habe ich gemeint, erkannt zu haben:<br \/>\nFriedhelm Bals, Petra Becker, Klaus Birnstengel, Christiane Brandt, Birgit Brensing, Elke Buttchereyt, Uli Demmer, Ulrike Duscha, Hans-Dietmar Engelberth, Conny Feldmann, Anke Freischl\u00e4ger, Ute Freischl\u00e4ger, Ulrike Sybille Frink, J\u00fcrgen Funke, Wolf Geuer, Claudia Grossnick, Jochen G\u00fcnther, Udo Hammer, Wolfgang Heinemann, Regina Hering, Gabriele Hippel, Monika Gr\u00e4f, Evi Grommes,Tom Gr\u00f6nebaum,Hans Joachim H\u00fcbbe,,Uli Jacob, Manfred J\u00e4ger, Birgit Jaspers, Marita Jegust, Berthold Kappenstein, Arno Keesen, Conny Kn\u00f6rrlich, Kalle Kolb, Frank K\u00f6lzer, Ulrike Klein, Steffi Lillich, Hans-G\u00fcnther Marrenbach, Klaus Menzel, Uwe Meyer, Holger Militz, Heinz Oehler, Heike Pippert, Verena Reinzhagen, Bodo Rosner, Marita Rossenbach, Heidrun Rottmann, Klaus Sachs, Marion Sauer, Jochen Schacht, Hartmut Schmidt, Wolfgang Schmidt, J\u00f6rg Schnebele (nur mein Gelaber, da ich aj gefilmt habe), Paul Hermann Schumacher, Torsten Sehnert, Ralf Siegel, Uli Stahl, Ulrike Stausberg, Thomas Vieten, J\u00fcrgen Voigt, Uli Wahl, Stefan Wurm.<br \/>\n&#8230;. und Leher&#8230;. Dr. Karl Scheuten, Wolfram Seipp, Dr. Friedhelm Henrich, Dr. Wolfgang Kn\u00f6rrlich&#8230;<br \/>\nWenn ich micht recht erinnere, waren damals auch Peter R\u00f6ggener und&nbsp; Dr. Udo Stinnes da, aber die konnte ich auf dem Video nicht entdecken.<\/p>\n<p><strong>19. April 2008<br \/>\n<\/strong>Nur noch vier Wochen bis zum Treffen!!!<br \/>\nIch bekomme inzwischen regelm\u00e4\u00dfig Albtr\u00e4ume; letzte Nacht habe ich getr\u00e4umt, dass ich (mal wieder) kaum jemanden erkannt habe, dass viele Leute dabei waren, die ich total vergessen hatte und die auch nicht auf der Homepage sind und last not least funktionierte Mein Fotoapparat nicht und ich habe keine Bilder machen k\u00f6nnen &#8211; oh Mann oh Mann. Nach so&#8217;nem Traum kann alles nur noch besser kommen \ud83d\ude42<br \/>\nIch habe letztens mit Guido Hartmann von der &#8222;Klus&#8220; gesprochen: er hat einen Computer mit gro\u00dfem Monitor in der Klus, so das ich eine DVD mit alten Fotos von uns brennen werde, die den ganzen Abend durchlaufen soll; also Bilder von der Schulzeit, Abifeier, Theatergruppe, Klassenfahrten und nat\u00fcrlich auch von den Treffen 1998 und 2003.<br \/>\nNa und dann l\u00e4uft nat\u00fcrlich nur Musik aus den Siebzigern: 10 CDs mit Songs von Supertramp, Abba, Cat Stevens, Sweet, Slade, Fleetwood Mac, Barley James Harvest; Beatles, Deep Purple; Grand Funk Railroad usw usw sind im Kasten und werden dem einen oder anderen alte Erinnerungen zur\u00fcckbringen.<br \/>\nNa und schlie\u00dflich werde ich die Abi Homepage ausdrucken, damit auch die Leute, die kein Internet haben, in alten Erinnerungen bl\u00e4ttern k\u00f6nnen&#8230;<\/p>\n<p><strong>15. April 2008<br \/>\n<\/strong>Conny Hay (Kn\u00f6rrlich) wurde von Klaus Sachs darauf aufmerksam gemacht, dass sie bezgl. Treffen weder zu-, noch abgesagt hat. Ja, so sollte die Kommunikation untereinander funktionieren! Die Zusage hat Conny nun reingereicht; mit dem Vermerk, dass wir wieder das obligatorische Foto von Ihr und Ulrike Stausberg machen \ud83d\ude42 Klar, man wird mal wieder kaum einen Unterschied zu den Bildern von 2003, 1998 und 1978 sehen, aber es geh\u00f6rt halt einfach dazu!!!<\/p>\n<p><strong>10. April 2008<br \/>\n<\/strong>Ich dachte schon, mit drei Briefen, die als unzustellbar zur\u00fcckkommen, w\u00e4re die Sache gelaufen; Pustekuchen. Heute kam das Schreiben an Michael Hentschel zur\u00fcck. Wie auch Kalle Imh\u00e4user hat er lange in Berlin gelebt. Nun ist er weder unter seiner Privatadresse, noch \u00fcber die Firma, in der er gearbeitet hat, zu erreichen. Mist, wieder einer mehr, der mir \u201centglitten\u201d ist&#8230;<\/p>\n<p><strong>07. April 2008<br \/>\n<\/strong>Gestern Abend erreichte mich eine Nachricht von Bodo Rosner, dass er mit der Frau von Kalle Imh\u00e4user zusammenarbeitet; wer h\u00e4tte das gedacht. Hatte jetzt eher damit gerechnet, dass Rainer mich bez\u00fcglich seines Bruders kontaktet&#8230;. Aber von Rainer habe ich ja auch ewig nichts mehr geh\u00f6rt. Vielleicht funktioniert es jetzt auf dem umgekehrten Weg \ud83d\ude42<\/p>\n<p><strong>06. April 2008<br \/>\n<\/strong>Es ist kaum zu glauben, wie leicht man im Grunde verschollene Leute \u00fcbers Internet wiederfinden kann: eine Freundin von Sigrid Krebs, die nicht mit uns zusammen auf der Schule war, hat mir die Internetadresse von Sabine Kaufmann geschickt; ganz simpel: <u>www.sabinekaufmann.de<\/u> &#8230;. wirklich kaum zu glauben<\/p>\n<p><strong>05. April 2008<br \/>\n<\/strong>Die Einladung an Sabine Kaufmann kam als unzustellbar zur\u00fcck. Ich habe zwar ne Mailadresse von Sabine (die scheinbar funktioniert) aber ich habe Jahre keine R\u00fcckmeldung mehr erhalten&#8230;.<br \/>\nAnschreiben, R\u00fcckmeldungen etc sind inzwischen f\u00fcr mich zu einer Herausforderung geworden, der ich mich nun t\u00e4glich stelle, die ich aber im Grunde nicht wirklich beeinflussen kann. Jede \u201cnicht zustellbar\u201d Briefsendung nehme ich inzwischen pers\u00f6nlich \ud83d\ude42 Ich bin im Grunde ein Kontrollfreak, jemand, der alles 100%ig im Reinen haben will; und jede L\u00fccke im System macht mich wahnsinnig&#8230;. Na ja, Ihr werdet sagen: wenn der sonst keine Probleme hat?!? Und Ihr habt damit wahrscheinlich sogar recht \ud83d\ude41<\/p>\n<p><strong>04. April 2008<br \/>\n<\/strong>Mist, heute kamen Briefe an Klaus Wardenbach, Kalle Imh\u00e4user und Steffi Klein zur\u00fcck&#8230;. \u201cUnbekannt verzogen\u201d Sch&#8230;.. Was Kalle Imh\u00e4user angeht, so hoffe ich, dass sein Bruder Rainer auf dem Laufenden bez\u00fcglich des Treffens ist; auch wenn er sich nicht bei mir meldet. Ich hoffe, dass die Br\u00fcder miteinander kommunizieren und Kalle bald \u201cwiedergefunden\u201d wird.<\/p>\n<p><strong>02. April 2008<br \/>\n<\/strong>Heute habe ich die Einladungen f\u00fcr die Lehrer vorbereitet, die ich dann Ende April losschicken werde. Ich bin gespannt, wer von unseren alten Paukern erscheinen wird.<\/p>\n<p><strong>31. M\u00e4rz 2008<br \/>\n<\/strong>Habe heute die Einladung an all die Sch\u00fcler rausgeschickt, die nicht per Mail erreichbar sind und ihnen den Termin des Jahrgangsstufentreffens noch einmal bekanntgegeben. Ich hoffe, dass sich viele daraufhin melden und zum Treffen zusagen.<\/p>\n<p><strong>21. Februar 2008<br \/>\n<img loading=\"lazy\" decoding=\"async\" class=\"alignleft\" title=\"\" src=\"http:\/\/schnebele.de\/wp-content\/uploads\/2017\/05\/Kkrebs-Sigrid.jpg\" alt=\"Kkrebs-Sigrid.jpg\" width=\"90\" height=\"90\">&nbsp;<\/strong>Habe eben eine Mail erhalten, die mich \u00fcber den Tod von Sigrid Krebs informiert hat. Sigrid ist Anfang Februar an Krebs gestorben&#8230;.<\/p>\n<p><strong>03. Januar 2008<br \/>\n<\/strong>Der Countdown l\u00e4uft&#8230;. Ab sofort werde ich auf der \u201cSch\u00fcleradressenseite\u201d vermerken, wer zugesagt hat, zum Treffen zu kommen oder wer nicht kommt\/kommen kann. So hat jeder die M\u00f6glichkeit stets zu \u00fcberpr\u00fcfen, welchen Mitsch\u00fcler\/welche Mitsch\u00fclerin er\/sie erwarten kann.<\/p>\n<p><strong>29. November 2007<br \/>\n<\/strong>Hatte heute Nacht einen grauenvollen Alptaum. Unser Jahrgangsstufentreffen, aber nicht in der \u201cKlus\u201d; ich hatte irgendwo ein riesen Areal f\u00fcr das Treffen buchen k\u00f6nnen. Das war aber so gro\u00df, dass sich alles verlaufen hat. Dann kam dazu, dass ich keinen von Euch erkannt habe und dass auch keiner wirklich Spa\u00df hatte. Und zum guten Schluss wollte sich auch kaum einer fotografieren lassen.&nbsp; Oh weia &#8211; und das jetzt schon, ein halbes Jahr vor dem Treffen&#8230;<\/p>\n<p><strong>26. November 2007<br \/>\n<\/strong>Habe mit Guido Hartmann von der \u201cKlus\u201d gesprochen und den 17. Mai als Termin festgemacht. Das Ding geh\u00f6rt uns \ud83d\ude42<\/p>\n<p><strong>15. November 2007<br \/>\n<\/strong>DER TERMIN STEHT!! Unser Jahrgangsstufentreffen wird am 17. Mai 2008 in der \u201cZur Klus\u201d stattfinden! Im Verh\u00e4ltnis 2:1 hat sich die Mehrheit von Euch f\u00fcr dieses Datum entschieden.<\/p>\n<p><strong>27. September 2007<br \/>\n<\/strong>Gestern noch versch\u00fctt und dank Rainer H\u00f6ffgen direkt wiedergefunden: Monika Gr\u00e4f (Goebel) ist wieder da &#8211; eigentlich war sie gar nicht weg; nur die Mailadresse hatte sch ge\u00e4ndert. Wenn\u2019s denn \u00f6fter soo einfach w\u00e4re \ud83d\ude41<\/p>\n<p><strong>26. September 2007<br \/>\n<\/strong>Habe heute mal angefangen, den Leuten hinterher zu telefonieren, die sich bei mir lange nicht mehr oder \u00fcberhaupt noch nicht gemeldet haben&#8230;<br \/>\nAlphabetisch gings los und ich w\u00e4hlte die Nummer von B\u00e4rbel Ackerschott; mit Erfolg, hatte sie gleich am Rohr. Ich muss sagen, dass ich mich sehr gefreut habe, mal wieder mit ihr zu sprechen. Schlie\u00dflich habe ich lange Zeit meiner Schulzeit mit ihr verbracht; Klasse, Theatergruppe, Jugendgruppe Denklingen&#8230; und im Endeffekt ist sie daf\u00fcr verantwortlich, dass ich damals meine erste Freundin kennenlernte&#8230; Toll ist, dass B\u00e4rbel nun auch per Mail erreichbar ist&#8230; Und es sieht nicht schlecht aus, dass sie auf unserem n\u00e4chsten Treffen aufschlagen wird.<br \/>\nKlaus Birnstengels AB unterhielt sich mit mir &#8211; er scheint nur abends erreichbar zu sein; ok, werde ich die Tage noch einmal versuchen.<br \/>\nChristiane Brandt war die n\u00e4chste, die ich anrief; und auch hier mit Erfolg; und auch sie hat nun eine Mailadresse, klasse!!<br \/>\nNummer drei Iris Dehler &#8230; sie hat sich bis heute erfolgreich gewehrt, so etwas wie einen Computer in ihr Haus zu lassen. Iris denkt ernsthaft dar\u00fcber nach, beim n\u00e4chsten Treffen dabei zu sein &#8211; das w\u00e4re das erste Mal f\u00fcr sie.<br \/>\nMein alter Kumpel Walter Dick hat inzwischen seinen Internetanschluss wieder zum Teufel geschickt; also angerufen. Walter scheint \u00fcber den Frust der Schule immer noch nicht ganz r\u00fcber zu sein, aber ich hoffe, dass ich ihn dennoch \u00fcberreden kann, am n\u00e4chsten Treffen teilzunehmen.<br \/>\nBernd Dietrich Engelberth habe ich seit der Schule nicht mehr gesprochen &#8211; hatte auch damals mit ihm nicht allzuviel Kontakt. Gl\u00fccklicherweise lebt er immer noch in Prombach und ist auch jetzt per Mail erreichbar. W\u00fcrde mich freuen, wenn er es einrichten kann und beim n\u00e4chsten Treffen dabei ist.<br \/>\nUte &#8222;Olli&#8220; Freischl\u00e4ger habe ich nicht ans Telefon bekommen &#8211; nur ihren AB. Vielleicht meldet sie sich ja bei mir; sonst werde ich es in den n\u00e4chsten Tagen noch einmal versuchen..<br \/>\nBettina Fuchs ist gefunden!!!! Habe lange mit ihr telefoniert (auch sie per Mail erreichbar) &#8211; habe mich sehr gefreut. Bisher hatte sie nicht so den Drang, ein Jahrgangsstufentreffen zu besuchen; na ja, vielleicht \u00e4ndert sich das und wir sehen sie im Mai.<br \/>\nMonika Gr\u00e4f (verh. G\u00f6bel) ist leider nicht mehr zu erreichen &#8211; vielleicht hat ja jemand aus Ruppichteroth ne Idee, wo sie abgeblieben ist &#8211; dort hat sie zuletzt gewohnt.<br \/>\nEvi Grommes habe ich nicht ans Telefon bekommen &#8211; sie w\u00e4r unterwegs und scheint ziemlich im Stress zu sein; werde es die n\u00e4chsten Tage noch einmal versuchen.<br \/>\nMarion Haypeter habe ich zwar nicht ans Telefon bekommen, allerdings ihren Mann; alle Adress etc Angaben stimmen auf alle F\u00e4lle noch&#8230;<br \/>\nGunnar Helms war der vorletzte Kandidat f\u00fcr heute. Habe sehr lange mit ihm gesprochen &#8211; das best\u00e4tigt mal wieder, dass langsam mal wieder ein Treffen n\u00f6tig ist &#8211; es gibt so viele Dinge, \u00fcber die man sich unterh\u00e4lt, dass die Zeit wie im Flug vergeht&#8230;<br \/>\nLast not least f\u00fcr heute habe ich die aktuelle Adresse und Telefonnummer von Peter Hennecken von seinen Eltern erhalten. Habe ihn zwar noch nicht erreichen k\u00f6nnen, aber ich bin nun einen ganzen Schritt weiter&#8230;<\/p>\n<p><strong>19. September 2007<br \/>\n<\/strong>Es trudeln nach und nach Eure R\u00fcckmeldungen bez\u00fcglich des Termins ein &#8211; zur Zeit ist das Ganze noch ausgeglichen.<br \/>\nIch habe heute Elke Schmidt, Claudia Schaaff, Uwe Meyer und Bettina Fuchs angeschrieben, von denen ich neue Adressen habe. Ich hoffe, dieses Mal klappts und die vier melden sich bei mir.<br \/>\nFolgende Leute haben sich bisher nicht bei mir gemeldet; vielleicht habt Ihr ja Kontakt zum einen oder anderen: B\u00e4rbel Ackerschott, Klaus Birnstengel, Christiane Brandt, Elke Buttchereyt, Iris Dehler, Walter Dick, Bernd Dietrich Engelberth, Ute Freischl\u00e4ger, Monika Gr\u00e4f, Evi Grommes, Claudia Grossnick,Harald Gudemann, Marion Haypeter, Harold Hein, Gunnar Helms, Peter Hennecken, Michael Hentschel, Regina Hering, Gabriele Hippel, Rainer und Karl-Heinz Imh\u00e4user, Birgit Jaspers, Marita Jegust, Dorothea Jung, Berthold Kappenstein, Sabine Kaufmann, Anette Klein, Beate Klein, Steffi Klein, Ludwig Knipping, Steffi Lillich, Hans-G\u00fcnter marrenbach, Rolf mauel, Claudia Menn, Johannes und Klaus Menzel, Stefan Mortsiefer, Heinz Oehler, Verena Reinzhaen, Klaus Rogge, Jochen Schacht, Gertrud Schlechtingen, Norbert Schmeink, Hartmut Schmidt, Karl-Wilhelm Schmidt, Wolfgang Schmidt, Ute Sch\u00f6pping, Frank Schramm, Torsten Sehnert, Ulrich Stahl, Peter Stommel, Klaus Wardenbach, Heribert Weiand, Gerd Weidenbr\u00fccher, und Dorle Wirtz.<br \/>\nHabe mich heute auch bei \u201cStay Friends\u201d (<a href=\"http:\/\/www.stayfriends.de\/\">http:\/\/www.stayfriends.de\/<\/a>) registriert und dort ein paar alte Bekannte wiedergetroffen. Vielleicht hat der eine oder andere von Euch ja auch Interesse daran&#8230;.<\/p>\n<p><strong>18. September 2007<br \/>\n<\/strong>Lange nichts mehr auf diese Seite gebracht; irgendwie ist das Jahr fast wieder rum&#8230;. Jetzt geht\u2019s in die Vollen. Ich habe eben mit Guido Hartmann von der \u201cZur Klus\u201d telefoniert und zwei Termine f\u00fcr unser Jahrgangsstufentreffen 2008 blockiert: es sind der 17. und 24. Mai 2008<\/p>\n<p><strong>17. Januar 2007<br \/>\n<\/strong>Freude!! Habe einen Brief mit aktueller Adresse von Helma Lipschitz erhalten. Mit Ihr hatte ich nie Kontakt; dieses Mal hat es geklappt.<\/p>\n<p><strong>14. Januar 2007<br \/>\n<\/strong>Ein paar erfreuliche News: Ulli Domke hat mir die aktuellen Adressen von Claudia Schaaff und Paul-Herrmann Schumacher besorgen k\u00f6nnen. Paul-Herrmann ist lediglich innerhalb Waldbr\u00f6l umgezogen &#8211; es gab mal Zeiten, da kannten die Postboten in Waldbr\u00f6l jeden und haben Post einfach weitergeleitet&#8230; Tja, die guten alten Zeiten sind wohl vorbei. Karin Evang hat herausgefunden, dass Elke Schmidt nun Elke M\u00fcller hei\u00dft (vielleicht kann sie sich Namen nicht merken und hat deshalb das Einfache gew\u00e4hlt) und auch gleich Adresse und Telefonnummer nachgeliefert. Und erfreuliche News Nr. 3 ist, dass Wolfgang Heinemann, der mich die Tage angerufen hat, mit etwas Gl\u00fcck die Adresse von Bettina Fuchs auftun kann; und die aktuelle Adresse von Gerd Weidenbr\u00fccher, von dem ich nur die Adresse der Eltern habe. Hammer wieder ein paar gefunden; leider kam aber der Brief an J\u00fcrgen Voigt zur\u00fcck, der von nun an als verschollen gilt.<\/p>\n<p><strong>11. Januar 2007<br \/>\n<\/strong>Drei weitere unzustellbare Schreiben zur\u00fcckgekommen: Claudia Schaaff, Uwe Meyer und Paul-Herrmann Schumacher. Gerade bei Paul-Herrmann hatte ich nicht damit gerechnet. Hat er nicht in Waldbr\u00f6l eine Firma?<\/p>\n<p><strong>10. Januar 2007<br \/>\n<\/strong>Von Bettina Fuchs, Marita Pohl (Jegust) und Heribert H\u00e4nscheid kamen heute meine Briefe zur\u00fcck: Empf\u00e4nger unbekannt&#8230; Sch&#8230;<\/p>\n<p><strong>08. Januar 2007<br \/>\n<\/strong>Ich habe die ersten R\u00fcckmeldungen auf meine Briefaktion bekommen. Erfreulicherweise zwei Mitsch\u00fclerinnen, die mir gleich per Mail geantwortet haben. Birgit Klein und Heidrun Rottmann sind nun auch per Mail erreichbar &#8211; super.<br \/>\nLeider scheint aber Guido Hartmanns \u201cKlus\u201d nicht per Mail erreichbar zu sein. Hatte ihn mal versucht anzumailen, um uns schon mal f\u00fcr n\u00e4chstes Jahr anzuk\u00fcndigen. Allerdings kommt meine Mail als unzustellbar zur\u00fcck. Dann werde ich wohl mal zum Telefonh\u00f6rer greifen m\u00fcssen.<\/p>\n<p><strong>04. Januar 2007<br \/>\n<\/strong>Von 54 Leuten habe ich keine (g\u00fcltige) Mailadresse. Also Rundschreiben erstellt (nat\u00fcrlich gleich mit einer vorgefertigten R\u00fcckantwort). Die Dinger gehen heute zur Post. Mal sehen, wie viele ich als \u201cunzustellbar\u201d zur\u00fcckbekomme&#8230;<\/p>\n<p><strong>03. Januar 2007<br \/>\n<\/strong>Die meisten werden mich f\u00fcr total bescheuert halten, dass ich heute schon damit beginne, unser geplantes Treffen im Mai\/Juni 2008 vorzubereiten. Aber die Erfahrung der letzten Organisationen hat gezeigt, dass man eigentlich nicht fr\u00fch genug mit der Orga anfangen kann. Dar\u00fcber hinaus habe ich ja auch noch Familie und ein paar Hobbys, die auch ihre Zeit beanspruchen (\u00fcbrigens zu recht :-)) Habe also ne Mail an alle die raus gejagt, von denen ich eine Mailadresse habe. Kam auch schon Problem Nr. 1 &#8211; die Mailadressen von Walter Dick, Dietmar Hoffmann und J\u00fcrgen Voigt sind nicht mehr g\u00fcltig. Erfreulicherweise trudeln nun immer mehr Antworten von den anderen Angemailten ein. Habe eine Excel Liste erstellt, an Hand der ich nun genau verfolgen kann, wer meine Infos bekommt, und wer nicht.<\/p>\n","protected":false},"excerpt":{"rendered":"<p>16. Januar 2026 Leider musste ich mich zum Anfang des Jahres mit einer neuen traurigen Info bei unseren Leuten melden. Heike Pippert und Uli Domke haben mich \u00fcber den Tod unseres Lehrers Rainer Wimmer informiert, der am 05.01. gestorben ist. Wimmer hat Deutsch, Erdkunde, Kunst unterrichtet; ich selbst hatte nie <a class=\"continue-reading-link\" href=\"https:\/\/schnebele.de\/?p=108\">Weiterlesen!<\/a><\/p>\n<div class=\"shariff shariff-align-flex-start shariff-widget-align-flex-start\"><ul class=\"shariff-buttons theme-round orientation-horizontal buttonsize-medium\"><li class=\"shariff-button facebook shariff-nocustomcolor\" style=\"background-color:#4273c8\"><a href=\"https:\/\/www.facebook.com\/sharer\/sharer.php?u=https%3A%2F%2Fschnebele.de%2F%3Fp%3D108\" title=\"Bei Facebook teilen\" aria-label=\"Bei Facebook teilen\" role=\"button\" rel=\"nofollow\" class=\"shariff-link\" style=\"; background-color:#3b5998; color:#fff\" target=\"_blank\"><span class=\"shariff-icon\" style=\"\"><svg width=\"32px\" height=\"20px\" xmlns=\"http:\/\/www.w3.org\/2000\/svg\" viewBox=\"0 0 18 32\"><path fill=\"#3b5998\" d=\"M17.1 0.2v4.7h-2.8q-1.5 0-2.1 0.6t-0.5 1.9v3.4h5.2l-0.7 5.3h-4.5v13.6h-5.5v-13.6h-4.5v-5.3h4.5v-3.9q0-3.3 1.9-5.2t5-1.8q2.6 0 4.1 0.2z\"\/><\/svg><\/span><\/a><\/li><li class=\"shariff-button twitter shariff-nocustomcolor\" style=\"background-color:#595959\"><a href=\"https:\/\/twitter.com\/share?url=https%3A%2F%2Fschnebele.de%2F%3Fp%3D108&text=Abi78%20News%20%E2%80%93%20Der%20%E2%80%9ELive%20Ticker%E2%80%9C\" title=\"Bei X teilen\" aria-label=\"Bei X teilen\" role=\"button\" rel=\"noopener nofollow\" class=\"shariff-link\" style=\"; background-color:#000; color:#fff\" target=\"_blank\"><span class=\"shariff-icon\" style=\"\"><svg width=\"32px\" height=\"20px\" xmlns=\"http:\/\/www.w3.org\/2000\/svg\" viewBox=\"0 0 24 24\"><path fill=\"#000\" d=\"M14.258 10.152L23.176 0h-2.113l-7.747 8.813L7.133 0H0l9.352 13.328L0 23.973h2.113l8.176-9.309 6.531 9.309h7.133zm-2.895 3.293l-.949-1.328L2.875 1.56h3.246l6.086 8.523.945 1.328 7.91 11.078h-3.246zm0 0\"\/><\/svg><\/span><\/a><\/li><li class=\"shariff-button whatsapp shariff-nocustomcolor\" style=\"background-color:#5cbe4a\"><a href=\"https:\/\/api.whatsapp.com\/send?text=https%3A%2F%2Fschnebele.de%2F%3Fp%3D108%20Abi78%20News%20%E2%80%93%20Der%20%E2%80%9ELive%20Ticker%E2%80%9C\" title=\"Bei Whatsapp teilen\" aria-label=\"Bei Whatsapp teilen\" role=\"button\" rel=\"noopener nofollow\" class=\"shariff-link\" style=\"; background-color:#34af23; color:#fff\" target=\"_blank\"><span class=\"shariff-icon\" style=\"\"><svg width=\"32px\" height=\"20px\" xmlns=\"http:\/\/www.w3.org\/2000\/svg\" viewBox=\"0 0 32 32\"><path fill=\"#34af23\" d=\"M17.6 17.4q0.2 0 1.7 0.8t1.6 0.9q0 0.1 0 0.3 0 0.6-0.3 1.4-0.3 0.7-1.3 1.2t-1.8 0.5q-1 0-3.4-1.1-1.7-0.8-3-2.1t-2.6-3.3q-1.3-1.9-1.3-3.5v-0.1q0.1-1.6 1.3-2.8 0.4-0.4 0.9-0.4 0.1 0 0.3 0t0.3 0q0.3 0 0.5 0.1t0.3 0.5q0.1 0.4 0.6 1.6t0.4 1.3q0 0.4-0.6 1t-0.6 0.8q0 0.1 0.1 0.3 0.6 1.3 1.8 2.4 1 0.9 2.7 1.8 0.2 0.1 0.4 0.1 0.3 0 1-0.9t0.9-0.9zM14 26.9q2.3 0 4.3-0.9t3.6-2.4 2.4-3.6 0.9-4.3-0.9-4.3-2.4-3.6-3.6-2.4-4.3-0.9-4.3 0.9-3.6 2.4-2.4 3.6-0.9 4.3q0 3.6 2.1 6.6l-1.4 4.2 4.3-1.4q2.8 1.9 6.2 1.9zM14 2.2q2.7 0 5.2 1.1t4.3 2.9 2.9 4.3 1.1 5.2-1.1 5.2-2.9 4.3-4.3 2.9-5.2 1.1q-3.5 0-6.5-1.7l-7.4 2.4 2.4-7.2q-1.9-3.2-1.9-6.9 0-2.7 1.1-5.2t2.9-4.3 4.3-2.9 5.2-1.1z\"\/><\/svg><\/span><\/a><\/li><li class=\"shariff-button telegram shariff-nocustomcolor\" style=\"background-color:#4084A6\"><a href=\"https:\/\/telegram.me\/share\/url?url=https%3A%2F%2Fschnebele.de%2F%3Fp%3D108&text=Abi78%20News%20%E2%80%93%20Der%20%E2%80%9ELive%20Ticker%E2%80%9C\" title=\"Bei Telegram teilen\" aria-label=\"Bei Telegram teilen\" role=\"button\" rel=\"noopener nofollow\" class=\"shariff-link\" style=\"; background-color:#0088cc; color:#fff\" target=\"_blank\"><span class=\"shariff-icon\" style=\"\"><svg width=\"32px\" height=\"20px\" xmlns=\"http:\/\/www.w3.org\/2000\/svg\" viewBox=\"0 0 32 32\"><path fill=\"#0088cc\" d=\"M30.8 6.5l-4.5 21.4c-.3 1.5-1.2 1.9-2.5 1.2L16.9 24l-3.3 3.2c-.4.4-.7.7-1.4.7l.5-7L25.5 9.2c.6-.5-.1-.8-.9-.3l-15.8 10L2 16.7c-1.5-.5-1.5-1.5.3-2.2L28.9 4.3c1.3-.5 2.3.3 1.9 2.2z\"\/><\/svg><\/span><\/a><\/li><li class=\"shariff-button threema shariff-nocustomcolor shariff-mobile\" style=\"background-color:#4fbc24\"><a href=\"threema:\/\/compose?text=Abi78%20News%20%E2%80%93%20Der%20%E2%80%9ELive%20Ticker%E2%80%9C%20https%3A%2F%2Fschnebele.de%2F%3Fp%3D108\" title=\"Bei Threema teilen\" aria-label=\"Bei Threema teilen\" role=\"button\" rel=\"noopener nofollow\" class=\"shariff-link\" style=\"; background-color:#1f1f1f; color:#fff\" target=\"_blank\"><span class=\"shariff-icon\" style=\"\"><svg width=\"32px\" height=\"20px\" xmlns=\"http:\/\/www.w3.org\/2000\/svg\" viewBox=\"0 0 32 32\"><path fill=\"#1f1f1f\" d=\"M30.8 10.9c-0.3-1.4-0.9-2.6-1.8-3.8-2-2.6-5.5-4.5-9.4-5.2-1.3-0.2-1.9-0.3-3.5-0.3s-2.2 0-3.5 0.3c-4 0.7-7.4 2.6-9.4 5.2-0.9 1.2-1.5 2.4-1.8 3.8-0.1 0.5-0.2 1.2-0.2 1.6 0 0.4 0.1 1.1 0.2 1.6 0.4 1.9 1.3 3.4 2.9 5 0.8 0.8 0.8 0.8 0.7 1.3 0 0.6-0.5 1.6-1.7 3.6-0.3 0.5-0.5 0.9-0.5 0.9 0 0.1 0.1 0.1 0.5 0 0.8-0.2 2.3-0.6 5.6-1.6 1.1-0.3 1.3-0.4 2.3-0.4 0.8 0 1.1 0 2.3 0.2 1.5 0.2 3.5 0.2 4.9 0 5.1-0.6 9.3-2.9 11.4-6.3 0.5-0.9 0.9-1.8 1.1-2.8 0.1-0.5 0.2-1.1 0.2-1.6 0-0.7-0.1-1.1-0.2-1.6-0.3-1.4 0.1 0.5 0 0zM20.6 17.3c0 0.4-0.4 0.8-0.8 0.8h-7.7c-0.4 0-0.8-0.4-0.8-0.8v-4.6c0-0.4 0.4-0.8 0.8-0.8h0.2l0-1.6c0-0.9 0-1.8 0.1-2 0.1-0.6 0.6-1.2 1.1-1.7s1.1-0.7 1.9-0.8c1.8-0.3 3.7 0.7 4.2 2.2 0.1 0.3 0.1 0.7 0.1 2.1v0 1.7h0.1c0.4 0 0.8 0.4 0.8 0.8v4.6zM15.6 7.3c-0.5 0.1-0.8 0.3-1.2 0.6s-0.6 0.8-0.7 1.3c0 0.2 0 0.8 0 1.5l0 1.2h4.6v-1.3c0-1 0-1.4-0.1-1.6-0.3-1.1-1.5-1.9-2.6-1.7zM25.8 28.2c0 1.2-1 2.2-2.1 2.2s-2.1-1-2.1-2.1c0-1.2 1-2.1 2.2-2.1s2.2 1 2.2 2.2zM18.1 28.2c0 1.2-1 2.2-2.1 2.2s-2.1-1-2.1-2.1c0-1.2 1-2.1 2.2-2.1s2.2 1 2.2 2.2zM10.4 28.2c0 1.2-1 2.2-2.1 2.2s-2.1-1-2.1-2.1c0-1.2 1-2.1 2.2-2.1s2.2 1 2.2 2.2z\"\/><\/svg><\/span><\/a><\/li><li class=\"shariff-button mailto shariff-nocustomcolor\" style=\"background-color:#a8a8a8\"><a href=\"mailto:?body=https%3A%2F%2Fschnebele.de%2F%3Fp%3D108&subject=Abi78%20News%20%E2%80%93%20Der%20%E2%80%9ELive%20Ticker%E2%80%9C\" title=\"Per E-Mail versenden\" aria-label=\"Per E-Mail versenden\" role=\"button\" rel=\"noopener nofollow\" class=\"shariff-link\" style=\"; background-color:#999; color:#fff\"><span class=\"shariff-icon\" style=\"\"><svg width=\"32px\" height=\"20px\" xmlns=\"http:\/\/www.w3.org\/2000\/svg\" viewBox=\"0 0 32 32\"><path fill=\"#999\" d=\"M32 12.7v14.2q0 1.2-0.8 2t-2 0.9h-26.3q-1.2 0-2-0.9t-0.8-2v-14.2q0.8 0.9 1.8 1.6 6.5 4.4 8.9 6.1 1 0.8 1.6 1.2t1.7 0.9 2 0.4h0.1q0.9 0 2-0.4t1.7-0.9 1.6-1.2q3-2.2 8.9-6.1 1-0.7 1.8-1.6zM32 7.4q0 1.4-0.9 2.7t-2.2 2.2q-6.7 4.7-8.4 5.8-0.2 0.1-0.7 0.5t-1 0.7-0.9 0.6-1.1 0.5-0.9 0.2h-0.1q-0.4 0-0.9-0.2t-1.1-0.5-0.9-0.6-1-0.7-0.7-0.5q-1.6-1.1-4.7-3.2t-3.6-2.6q-1.1-0.7-2.1-2t-1-2.5q0-1.4 0.7-2.3t2.1-0.9h26.3q1.2 0 2 0.8t0.9 2z\"\/><\/svg><\/span><\/a><\/li><li class=\"shariff-button info shariff-nocustomcolor\" style=\"background-color:#eee\"><a href=\"http:\/\/ct.de\/-2467514\" title=\"Weitere Informationen\" aria-label=\"Weitere Informationen\" role=\"button\" rel=\"noopener \" class=\"shariff-link\" style=\"; background-color:#fff; color:#fff\" target=\"_blank\"><span class=\"shariff-icon\" style=\"\"><svg width=\"32px\" height=\"20px\" xmlns=\"http:\/\/www.w3.org\/2000\/svg\" viewBox=\"0 0 11 32\"><path fill=\"#999\" d=\"M11.4 24v2.3q0 0.5-0.3 0.8t-0.8 0.4h-9.1q-0.5 0-0.8-0.4t-0.4-0.8v-2.3q0-0.5 0.4-0.8t0.8-0.4h1.1v-6.8h-1.1q-0.5 0-0.8-0.4t-0.4-0.8v-2.3q0-0.5 0.4-0.8t0.8-0.4h6.8q0.5 0 0.8 0.4t0.4 0.8v10.3h1.1q0.5 0 0.8 0.4t0.3 0.8zM9.2 3.4v3.4q0 0.5-0.4 0.8t-0.8 0.4h-4.6q-0.4 0-0.8-0.4t-0.4-0.8v-3.4q0-0.4 0.4-0.8t0.8-0.4h4.6q0.5 0 0.8 0.4t0.4 0.8z\"\/><\/svg><\/span><\/a><\/li><\/ul><\/div>","protected":false},"author":1,"featured_media":2232,"comment_status":"open","ping_status":"open","sticky":false,"template":"","format":"standard","meta":{"ngg_post_thumbnail":0,"_jetpack_newsletter_access":"","_jetpack_dont_email_post_to_subs":false,"_jetpack_newsletter_tier_id":0,"_jetpack_memberships_contains_paywalled_content":false,"_jetpack_memberships_contains_paid_content":false,"footnotes":""},"categories":[13],"tags":[46,49,47,470,51,23,469,48],"class_list":["post-108","post","type-post","status-publish","format-standard","has-post-thumbnail","hentry","category-news","tag-abi78","tag-abitur","tag-hollenberg-gymnasium","tag-jahrgangsstufentreffen-2018","tag-live-ticker","tag-schnebele","tag-treffen-2018","tag-waldbroel"],"jetpack_featured_media_url":"https:\/\/schnebele.de\/wp-content\/uploads\/2017\/05\/News-Header-1.jpg","jetpack_shortlink":"https:\/\/wp.me\/p8GLvb-1K","jetpack-related-posts":[],"jetpack_sharing_enabled":true,"_links":{"self":[{"href":"https:\/\/schnebele.de\/index.php?rest_route=\/wp\/v2\/posts\/108","targetHints":{"allow":["GET"]}}],"collection":[{"href":"https:\/\/schnebele.de\/index.php?rest_route=\/wp\/v2\/posts"}],"about":[{"href":"https:\/\/schnebele.de\/index.php?rest_route=\/wp\/v2\/types\/post"}],"author":[{"embeddable":true,"href":"https:\/\/schnebele.de\/index.php?rest_route=\/wp\/v2\/users\/1"}],"replies":[{"embeddable":true,"href":"https:\/\/schnebele.de\/index.php?rest_route=%2Fwp%2Fv2%2Fcomments&post=108"}],"version-history":[{"count":63,"href":"https:\/\/schnebele.de\/index.php?rest_route=\/wp\/v2\/posts\/108\/revisions"}],"predecessor-version":[{"id":6421,"href":"https:\/\/schnebele.de\/index.php?rest_route=\/wp\/v2\/posts\/108\/revisions\/6421"}],"wp:featuredmedia":[{"embeddable":true,"href":"https:\/\/schnebele.de\/index.php?rest_route=\/wp\/v2\/media\/2232"}],"wp:attachment":[{"href":"https:\/\/schnebele.de\/index.php?rest_route=%2Fwp%2Fv2%2Fmedia&parent=108"}],"wp:term":[{"taxonomy":"category","embeddable":true,"href":"https:\/\/schnebele.de\/index.php?rest_route=%2Fwp%2Fv2%2Fcategories&post=108"},{"taxonomy":"post_tag","embeddable":true,"href":"https:\/\/schnebele.de\/index.php?rest_route=%2Fwp%2Fv2%2Ftags&post=108"}],"curies":[{"name":"wp","href":"https:\/\/api.w.org\/{rel}","templated":true}]}}